{"id":115230,"date":"2025-05-20T20:59:09","date_gmt":"2025-05-20T20:59:09","guid":{"rendered":"https:\/\/www.europesays.com\/fr\/115230\/"},"modified":"2025-05-20T20:59:09","modified_gmt":"2025-05-20T20:59:09","slug":"lhistorien-edmond-echinard-retrace-la-construction-de-la-population-de-la-ville-2","status":"publish","type":"post","link":"https:\/\/www.europesays.com\/fr\/115230\/","title":{"rendered":"l&rsquo;historien Edmond \u00c9chinard retrace la construction de la population de la ville"},"content":{"rendered":"<p>\u00c0 Rome, le mythe fondateur repose sur un meurtre entre deux fr\u00e8res. <a href=\"https:\/\/www.laprovence.com\/article\/societe\/1597779764953315\/etre-marseillais-ca-veut-dire-quoi-venez-assister-au-debat-organise-par-la-provence-le-19-mai-sur-ce-theme\" target=\"_blank\" rel=\"noopener\">\u00c0 Marseille<\/a>, sur une histoire d\u2019amour entre une princesse et un \u00e9tranger. Une diff\u00e9rence r\u00e9v\u00e9latrice de la valeur d\u2019hospitalit\u00e9 que souhaite porter la cit\u00e9 phoc\u00e9enne, m\u00eame si la r\u00e9alit\u00e9 s\u2019av\u00e8re plus complexe. \u00ab\u00a0Dans cette l\u00e9gende,<a href=\"https:\/\/www.laprovence.com\/article\/region\/77969990923404\/marseille-et-la-grece-l-histoire-du-mariage-entre-protis-et-gyptis-est-un-enjolivement\" target=\"_blank\" rel=\"noopener\"> la princesse locale Protis accueille et choisit le bel \u00e9tranger grec Gyptis<\/a>\u00ab\u00a0, retrace d\u2019abord Edmond \u00c9chinard, professeur d\u2019histoire, lors du d\u00e9bat <a href=\"https:\/\/www.laprovence.com\/article\/region\/52414529955655\/avoir-laccent-soutenir-lom-cultiver-un-esprit-rebelle-etre-marseillais-ca-veut-dire-quoi-au-juste\" target=\"_blank\" rel=\"noopener\">\u00ab\u00a0\u00catre Marseillais, \u00e7a veut dire quoi\u00a0?\u00a0\u00bb<\/a>, organis\u00e9 le 19\u00a0mai au si\u00e8ge de La Provence. Mais la suite de cette l\u00e9gende marseillaise, peu connue, met en exergue l\u2019ambivalence de la cit\u00e9\u00a0: <strong>une terre d\u2019accueil qui reste difficile \u00e0 int\u00e9grer<\/strong>.<\/p>\n<p>\u00ab\u00a0\u00c0 la g\u00e9n\u00e9ration suivante, le fr\u00e8re de Gyptis se retourne contre les Marseillais qui l\u2019accusent de venir manger le pain des S\u00e9gobriges.<strong> <\/strong>Ce qui montre que malgr\u00e9 l\u2019int\u00e9gration de Gyptis, la ville ne souhaite pas appartenir aux \u00e9trangers\u00a0\u00bb, pr\u00e9cise-t-il. Au fil des si\u00e8cles, les arriv\u00e9es successives de population cristallisent cette ambivalence. <strong>\u00c0 la fin du XIXe\u00a0si\u00e8cle, une importante vague d\u2019Italiens arrive \u00e0 Marseille<\/strong>. Plusieurs jours d\u2019\u00e9meutes se d\u00e9rouleront au c\u0153ur de la cit\u00e9 phoc\u00e9enne en\u00a01891 pour d\u00e9noncer leur installation.<strong\/><\/p>\n<p>\u00ab\u00a0La population marseillaise est constamment renouvel\u00e9e\u00a0\u00bb<\/p>\n<p>Avec ces flux constitutifs de l\u2019histoire de la ville, des Marseillais sur plusieurs g\u00e9n\u00e9rations se font pourtant rares. \u00ab\u00a0La population y est constamment renouvel\u00e9e. <strong>Le Marseillais de souche n\u2019existe pas<\/strong>, il est toujours venu d\u2019ailleurs, m\u00eame si cela remonte au XVe\u00a0si\u00e8cle\u00a0\u00bb, note Edmond \u00c9chinard.<\/p>\n<p>Une multitude d\u2019installations bon gr\u00e9 mal gr\u00e9 qui permettent aujourd\u2019hui \u00e0 Marseille de se distinguer en tant qu\u2019\u00e9crin de <a href=\"https:\/\/www.laprovence.com\/article\/region\/3647874442714414\/a-marseille-autour-de-la-diaspora-armenienne-cest-lunion-sacree\" target=\"_blank\" rel=\"noopener\">nombreuses diasporas, arm\u00e9niennes<\/a>, italiennes ou encore alg\u00e9riennes. \u00ab\u00a0Ce sont des Marseillais qui se sont install\u00e9s depuis plusieurs g\u00e9n\u00e9rations et qui constituent aujourd\u2019hui une part consid\u00e9rable de la d\u00e9mographie de la ville\u00a0\u00bb, pr\u00e9cise Samia Chabani, sociologue de formation et fondatrice de l\u2019association Ancrages.<\/p>\n<p>Cette dualit\u00e9 continue de composer l\u2019identit\u00e9 marseillaise. \u00ab\u00a0Nous passons notre temps \u00e0 dire que Marseille est la plus belle ville du monde mais quand les gens viennent, nous leur disons de rester chez eux\u00a0\u00bb, pointe M\u00e9d\u00e9ric Gasquet-Cyrus, ma\u00eetre de conf\u00e9rences en sociolinguistique \u00e0 Aix-Marseille Universit\u00e9. Aujourd\u2019hui, <strong>Marseille s\u2019apparente plus \u00e0 une terre d\u2019\u00e9tape que d\u2019accueil pour les r\u00e9fugi\u00e9s ou les migrants<\/strong>. \u00ab\u00a0Ils passent par Marseille, mais c\u2019est une ville o\u00f9 il est difficile de trouver du travail, de s\u2019ins\u00e9rer, m\u00eame si certains r\u00e9ussissent tout de m\u00eame \u00e0 s\u2019installer\u00a0\u00bb, affirme Samia Chabani.<\/p>\n","protected":false},"excerpt":{"rendered":"\u00c0 Rome, le mythe fondateur repose sur un meurtre entre deux fr\u00e8res. \u00c0 Marseille, sur une histoire d\u2019amour&hellip;\n","protected":false},"author":2,"featured_media":114974,"comment_status":"","ping_status":"","sticky":false,"template":"","format":"standard","meta":{"footnotes":""},"categories":[2814],"tags":[930,17,1111,11,23518,1777,674,1011,27,20244,761,884,23517,12,5261,882,16,25,23516],"class_list":{"0":"post-115230","1":"post","2":"type-post","3":"status-publish","4":"format-standard","5":"has-post-thumbnail","7":"category-marseille","8":"tag-le","9":"tag-17","10":"tag-actu","11":"tag-actualites","12":"tag-edmond","13":"tag-eu","14":"tag-europe","15":"tag-fr","16":"tag-france","17":"tag-lhistorien","18":"tag-marseillais","19":"tag-marseille","20":"tag-nexiste","21":"tag-news","22":"tag-pas","23":"tag-provence-alpes-cote-dazur","24":"tag-region","25":"tag-republique-francaise","26":"tag-souche"},"share_on_mastodon":{"url":"https:\/\/pubeurope.com\/@fr\/114542173500999233","error":""},"_links":{"self":[{"href":"https:\/\/www.europesays.com\/fr\/wp-json\/wp\/v2\/posts\/115230","targetHints":{"allow":["GET"]}}],"collection":[{"href":"https:\/\/www.europesays.com\/fr\/wp-json\/wp\/v2\/posts"}],"about":[{"href":"https:\/\/www.europesays.com\/fr\/wp-json\/wp\/v2\/types\/post"}],"author":[{"embeddable":true,"href":"https:\/\/www.europesays.com\/fr\/wp-json\/wp\/v2\/users\/2"}],"replies":[{"embeddable":true,"href":"https:\/\/www.europesays.com\/fr\/wp-json\/wp\/v2\/comments?post=115230"}],"version-history":[{"count":0,"href":"https:\/\/www.europesays.com\/fr\/wp-json\/wp\/v2\/posts\/115230\/revisions"}],"wp:featuredmedia":[{"embeddable":true,"href":"https:\/\/www.europesays.com\/fr\/wp-json\/wp\/v2\/media\/114974"}],"wp:attachment":[{"href":"https:\/\/www.europesays.com\/fr\/wp-json\/wp\/v2\/media?parent=115230"}],"wp:term":[{"taxonomy":"category","embeddable":true,"href":"https:\/\/www.europesays.com\/fr\/wp-json\/wp\/v2\/categories?post=115230"},{"taxonomy":"post_tag","embeddable":true,"href":"https:\/\/www.europesays.com\/fr\/wp-json\/wp\/v2\/tags?post=115230"}],"curies":[{"name":"wp","href":"https:\/\/api.w.org\/{rel}","templated":true}]}}