{"id":1152337,"date":"2026-08-27T16:51:29","date_gmt":"2026-08-27T16:51:29","guid":{"rendered":"https:\/\/www.europesays.com\/fr\/1152337\/"},"modified":"2026-08-27T16:51:29","modified_gmt":"2026-08-27T16:51:29","slug":"football-asse-mickael-nade-transfere-a-dubai-le-depart-du-grognard","status":"publish","type":"post","link":"https:\/\/www.europesays.com\/fr\/1152337\/","title":{"rendered":"Football. ASSE\u00a0: Micka\u00ebl Nad\u00e9 transf\u00e9r\u00e9 \u00e0 Duba\u00ef, le d\u00e9part du grognard"},"content":{"rendered":"<p>Ce n\u2019est que la confirmation d\u2019une information attendue. Micka\u00ebl Nad\u00e9, qui a salu\u00e9 ses d\u00e9sormais ex-co\u00e9quipiers st\u00e9phanois il y a d\u00e9j\u00e0 plusieurs jours, est officiellement un joueur de Duba\u00ef United depuis l\u2019annonce du transfert par l\u2019ASSE ce jeudi contre un montant estim\u00e9 \u00e0 1,5\u00a0M plus des bonus selon Peuple Vert.<\/p>\n<p>Le d\u00e9fenseur de 27 ans ne sera rest\u00e9 dans l&rsquo;\u00c9mirat que le temps de signer son contrat avant de rejoindre en pr\u00eat le Rodina Moscou, un autre club de la galaxie d\u00e9tenu par le milliardaire russe Sergey Lomakin, par ailleurs un des (nombreux) pr\u00e9tendants au rachat des Verts. Pour la petite histoire,&#8230;<\/p>\n","protected":false},"excerpt":{"rendered":"Ce n\u2019est que la confirmation d\u2019une information attendue. Micka\u00ebl Nad\u00e9, qui a salu\u00e9 ses d\u00e9sormais ex-co\u00e9quipiers st\u00e9phanois il&hellip;\n","protected":false},"author":2,"featured_media":1152338,"comment_status":"","ping_status":"","sticky":false,"template":"","format":"standard","meta":{"footnotes":"","_share_on_mastodon":"0"},"categories":[9653],"tags":[1111,11,4000,2430,7539,1777,674,107,63,1011,27,4002,3367,23100,12,25,4001,7538,517],"class_list":["post-1152337","post","type-post","status-publish","format-standard","has-post-thumbnail","category-saint-etienne","tag-actu","tag-actualites","tag-asse-as-saint-etienne-football","tag-auvergne-rhone-alpes","tag-edition-loire-sud","tag-eu","tag-europe","tag-fil-info","tag-football","tag-fr","tag-france","tag-haute-loire","tag-loire","tag-mercato-football","tag-news","tag-republique-francaise","tag-saint-etienne","tag-saint-etienne-ville","tag-sport"],"share_on_mastodon":{"url":"https:\/\/pubeurope.com\/@fr\/117168510472141624","error":""},"_links":{"self":[{"href":"https:\/\/www.europesays.com\/fr\/wp-json\/wp\/v2\/posts\/1152337","targetHints":{"allow":["GET"]}}],"collection":[{"href":"https:\/\/www.europesays.com\/fr\/wp-json\/wp\/v2\/posts"}],"about":[{"href":"https:\/\/www.europesays.com\/fr\/wp-json\/wp\/v2\/types\/post"}],"author":[{"embeddable":true,"href":"https:\/\/www.europesays.com\/fr\/wp-json\/wp\/v2\/users\/2"}],"replies":[{"embeddable":true,"href":"https:\/\/www.europesays.com\/fr\/wp-json\/wp\/v2\/comments?post=1152337"}],"version-history":[{"count":0,"href":"https:\/\/www.europesays.com\/fr\/wp-json\/wp\/v2\/posts\/1152337\/revisions"}],"wp:featuredmedia":[{"embeddable":true,"href":"https:\/\/www.europesays.com\/fr\/wp-json\/wp\/v2\/media\/1152338"}],"wp:attachment":[{"href":"https:\/\/www.europesays.com\/fr\/wp-json\/wp\/v2\/media?parent=1152337"}],"wp:term":[{"taxonomy":"category","embeddable":true,"href":"https:\/\/www.europesays.com\/fr\/wp-json\/wp\/v2\/categories?post=1152337"},{"taxonomy":"post_tag","embeddable":true,"href":"https:\/\/www.europesays.com\/fr\/wp-json\/wp\/v2\/tags?post=1152337"}],"curies":[{"name":"wp","href":"https:\/\/api.w.org\/{rel}","templated":true}]}}