{"id":115237,"date":"2025-05-20T21:03:08","date_gmt":"2025-05-20T21:03:08","guid":{"rendered":"https:\/\/www.europesays.com\/fr\/115237\/"},"modified":"2025-05-20T21:03:08","modified_gmt":"2025-05-20T21:03:08","slug":"ratp-et-sncf-castex-et-farandou-defendent-leur-bilan-de-ponctualite-des-metros-et-trains-en-ile-de-france","status":"publish","type":"post","link":"https:\/\/www.europesays.com\/fr\/115237\/","title":{"rendered":"RATP et SNCF\u00a0: Castex et Farandou d\u00e9fendent leur bilan de ponctualit\u00e9 des m\u00e9tros et trains en \u00cele-de-France"},"content":{"rendered":"<p class=\"paragraph text_align_left\">Dans le monde des transports publics, la question est sur toutes les l\u00e8vres. <a href=\"https:\/\/www.leparisien.fr\/economie\/je-nai-jamais-ecrit-a-lelysee-jean-castex-dement-setre-porte-candidat-a-la-presidence-de-la-sncf-17-04-2025-2FNCHZ5AI5B45BPCL3VA5MOHBM.php\" target=\"_self\" rel=\"nofollow noopener\">Jean Castex<\/a> s\u2019appr\u00eate-t-il \u00e0 quitter <a href=\"https:\/\/www.leparisien.fr\/info-paris-ile-de-france-oise\/transports\/ratp\/\" target=\"_self\" rel=\"nofollow noopener\">la RATP<\/a> pour succ\u00e9der \u00e0 Jean-Pierre Farandou \u00e0 la t\u00eate du groupe SNCF ? L\u2019ancien Premier ministre, arriv\u00e9 en novembre 2022 pour redresser le service de la R\u00e9gie avant les JO de Paris, est cit\u00e9 parmi les successeurs possibles de <a href=\"https:\/\/www.leparisien.fr\/economie\/le-pdg-de-la-sncf-jean-pierre-farandou-sera-remplace-apres-les-jeux-olympiques-07-05-2024-VVWJLILPP5CRTK7JTUGFVH3S3E.php\" target=\"_self\" rel=\"nofollow noopener\">Jean-Pierre Farandou<\/a>, qui sera frapp\u00e9 par la limite d\u2019\u00e2ge le 4 juillet, jour de ses 68 ans.<\/p>\n<p class=\"paragraph text_align_left\">Ce mardi, les deux dirigeants \u00e9taient tous les deux pr\u00e9sents au si\u00e8ge de la r\u00e9gion, \u00e0 Saint-Ouen (Seine-Saint-Denis), \u00e0 l\u2019invitation de <a href=\"https:\/\/www.leparisien.fr\/politique\/valerie-pecresse\/\" target=\"_self\" rel=\"nofollow noopener\">Val\u00e9rie P\u00e9cresse <\/a>(LR), la pr\u00e9sidente d\u2019\u00cele-de-France Mobilit\u00e9s (IDFM). L\u2019un et l\u2019autre \u00e9taient auditionn\u00e9s sur le th\u00e8me de \u00ab la production, la ponctualit\u00e9 et la qualit\u00e9 de service sur les r\u00e9seaux ferr\u00e9s franciliens \u00bb.<\/p>\n","protected":false},"excerpt":{"rendered":"Dans le monde des transports publics, la question est sur toutes les l\u00e8vres. Jean Castex s\u2019appr\u00eate-t-il \u00e0 quitter&hellip;\n","protected":false},"author":2,"featured_media":115238,"comment_status":"","ping_status":"","sticky":false,"template":"","format":"standard","meta":{"footnotes":""},"categories":[1592],"tags":[1111,11,1777,674,1011,27,662,1944,12,626,25,2382],"class_list":{"0":"post-115237","1":"post","2":"type-post","3":"status-publish","4":"format-standard","5":"has-post-thumbnail","7":"category-ile-de-france","8":"tag-actu","9":"tag-actualites","10":"tag-eu","11":"tag-europe","12":"tag-fr","13":"tag-france","14":"tag-ile-de-france","15":"tag-ma-ville","16":"tag-news","17":"tag-paris","18":"tag-republique-francaise","19":"tag-transport-idf-oise"},"share_on_mastodon":{"url":"https:\/\/pubeurope.com\/@fr\/114542189307458446","error":""},"_links":{"self":[{"href":"https:\/\/www.europesays.com\/fr\/wp-json\/wp\/v2\/posts\/115237","targetHints":{"allow":["GET"]}}],"collection":[{"href":"https:\/\/www.europesays.com\/fr\/wp-json\/wp\/v2\/posts"}],"about":[{"href":"https:\/\/www.europesays.com\/fr\/wp-json\/wp\/v2\/types\/post"}],"author":[{"embeddable":true,"href":"https:\/\/www.europesays.com\/fr\/wp-json\/wp\/v2\/users\/2"}],"replies":[{"embeddable":true,"href":"https:\/\/www.europesays.com\/fr\/wp-json\/wp\/v2\/comments?post=115237"}],"version-history":[{"count":0,"href":"https:\/\/www.europesays.com\/fr\/wp-json\/wp\/v2\/posts\/115237\/revisions"}],"wp:featuredmedia":[{"embeddable":true,"href":"https:\/\/www.europesays.com\/fr\/wp-json\/wp\/v2\/media\/115238"}],"wp:attachment":[{"href":"https:\/\/www.europesays.com\/fr\/wp-json\/wp\/v2\/media?parent=115237"}],"wp:term":[{"taxonomy":"category","embeddable":true,"href":"https:\/\/www.europesays.com\/fr\/wp-json\/wp\/v2\/categories?post=115237"},{"taxonomy":"post_tag","embeddable":true,"href":"https:\/\/www.europesays.com\/fr\/wp-json\/wp\/v2\/tags?post=115237"}],"curies":[{"name":"wp","href":"https:\/\/api.w.org\/{rel}","templated":true}]}}