{"id":1152405,"date":"2026-08-27T17:31:15","date_gmt":"2026-08-27T17:31:15","guid":{"rendered":"https:\/\/www.europesays.com\/fr\/1152405\/"},"modified":"2026-08-27T17:31:15","modified_gmt":"2026-08-27T17:31:15","slug":"guerre-hybride-en-europe-la-peur-de-lescalade-russe","status":"publish","type":"post","link":"https:\/\/www.europesays.com\/fr\/1152405\/","title":{"rendered":"Guerre hybride : en Europe, la peur de l\u2019escalade russe"},"content":{"rendered":"<p>Vladimir Poutine va-t-il porter plus loin la confrontation avec les Europ\u00e9ens\u202f? Ceux-ci le craignent, de m\u00eame que les Am\u00e9ricains, au point que le patron de la CIA, <a class=\"Link \" href=\"https:\/\/www.lopinion.fr\/international\/le-chef-de-la-cia-a-moscou-pour-lancer-un-avertissement-face-a-la-crainte-dune-attaque-contre-lotan\" data-cms-ai=\"0\" rel=\"nofollow noopener\" target=\"_blank\">John Ratcliffe, s\u2019est rendu mardi \u00e0 Moscou<\/a> pour mettre en garde le Kremlin. Cet aller-retour est, en soi, un signal important\u00a0: la derni\u00e8re visite du genre \u00e9tait celle de son pr\u00e9d\u00e9cesseur, William Burns, en novembre 2021, sous la pr\u00e9sidence de Joe Biden, au moment o\u00f9 la Russie amassait des troupes le long de la fronti\u00e8re ukrainienne.<\/p>\n<p>Les m\u00e9dias am\u00e9ricains ont rapidement d\u00e9voil\u00e9 les motivations de ce voyage inhabituel et ostentatoire \u2013 il a \u00e9t\u00e9 r\u00e9alis\u00e9 dans un avion de transport militaire C-17 dont le trajet entre Riga et la capitale russe ne pouvait \u00e9chapper aux \u00ab\u00a0spotters\u00a0\u00bb. Le <a class=\"Link \" href=\"https:\/\/www.wsj.com\/politics\/policy\/cia-chiefs-surprise-moscow-trip-was-to-warn-russia-not-to-attack-nato-c2d997f3?mod=hp_lead_pos2\" target=\"_blank\" data-cms-ai=\"0\" rel=\"nofollow noopener\">Wall Street Journal<\/a> a ainsi r\u00e9v\u00e9l\u00e9 que John Ratcliffe avait \u00ab\u00a0adress\u00e9 un avertissement \u00e0 la Russie contre toute attaque contre les pays de l\u2019OTAN\u00a0\u00bb. \u00ab\u00a0Sa rencontre visait principalement \u00e0 mettre en garde la Russie contre toute escalade des tensions avec les \u00c9tats baltes\u00a0\u00bb, a d\u00e9clar\u00e9 une source \u00e0 Politico.<\/p>\n","protected":false},"excerpt":{"rendered":"Vladimir Poutine va-t-il porter plus loin la confrontation avec les Europ\u00e9ens\u202f? Ceux-ci le craignent, de m\u00eame que les&hellip;\n","protected":false},"author":2,"featured_media":1152406,"comment_status":"","ping_status":"","sticky":false,"template":"","format":"standard","meta":{"footnotes":"","_share_on_mastodon":"0"},"categories":[1591],"tags":[11,554,1887,131,12,136,1885,1886,132],"class_list":["post-1152405","post","type-post","status-publish","format-standard","has-post-thumbnail","category-russie","tag-actualites","tag-defense","tag-federation-de-russie","tag-guerre-en-ukraine","tag-news","tag-otan","tag-russia","tag-russian-federation","tag-russie"],"share_on_mastodon":{"url":"https:\/\/pubeurope.com\/@fr\/117168667670476417","error":""},"_links":{"self":[{"href":"https:\/\/www.europesays.com\/fr\/wp-json\/wp\/v2\/posts\/1152405","targetHints":{"allow":["GET"]}}],"collection":[{"href":"https:\/\/www.europesays.com\/fr\/wp-json\/wp\/v2\/posts"}],"about":[{"href":"https:\/\/www.europesays.com\/fr\/wp-json\/wp\/v2\/types\/post"}],"author":[{"embeddable":true,"href":"https:\/\/www.europesays.com\/fr\/wp-json\/wp\/v2\/users\/2"}],"replies":[{"embeddable":true,"href":"https:\/\/www.europesays.com\/fr\/wp-json\/wp\/v2\/comments?post=1152405"}],"version-history":[{"count":0,"href":"https:\/\/www.europesays.com\/fr\/wp-json\/wp\/v2\/posts\/1152405\/revisions"}],"wp:featuredmedia":[{"embeddable":true,"href":"https:\/\/www.europesays.com\/fr\/wp-json\/wp\/v2\/media\/1152406"}],"wp:attachment":[{"href":"https:\/\/www.europesays.com\/fr\/wp-json\/wp\/v2\/media?parent=1152405"}],"wp:term":[{"taxonomy":"category","embeddable":true,"href":"https:\/\/www.europesays.com\/fr\/wp-json\/wp\/v2\/categories?post=1152405"},{"taxonomy":"post_tag","embeddable":true,"href":"https:\/\/www.europesays.com\/fr\/wp-json\/wp\/v2\/tags?post=1152405"}],"curies":[{"name":"wp","href":"https:\/\/api.w.org\/{rel}","templated":true}]}}