{"id":1152413,"date":"2026-08-27T17:35:21","date_gmt":"2026-08-27T17:35:21","guid":{"rendered":"https:\/\/www.europesays.com\/fr\/1152413\/"},"modified":"2026-08-27T17:35:21","modified_gmt":"2026-08-27T17:35:21","slug":"cyclisme-tour-dallemagne-le-52-minutes-et-en-video-sur-le-lidl-deutschland-tour-2026","status":"publish","type":"post","link":"https:\/\/www.europesays.com\/fr\/1152413\/","title":{"rendered":"Cyclisme. Tour d&rsquo;Allemagne &#8211; Le 52 minutes et en vid\u00e9o sur le Lidl Deutschland Tour 2026"},"content":{"rendered":"<p>Un 52 min\u00a0sur le\u00a0<strong><a href=\"https:\/\/www.cyclismactu.net\/..\/news-cyclisme-route-tour-d-allemagne-pellizzari-3e-etape-devant-del-toro-mexicain-leader-95621.html\" target=\"_blank\" rel=\"nofollow noopener\">Tour d&rsquo;Allemagne<\/a><\/strong>\u00a02026 qui s&rsquo;est termin\u00e9 dimanche 23 ao\u00fbt avec la victoire sur la derni\u00e8re \u00e9tape\u00a0du Fran\u00e7ais\u00a0<strong><a href=\"https:\/\/www.cyclismactu.net\/..\/\" target=\"_blank\" rel=\"nofollow noopener\">Paul Magnier<\/a><\/strong>\u00a0(Soudal Quick-Step) s&rsquo;est montr\u00e9 surpuissant pour avaler\u00a0<strong>Del Toro<\/strong>\u00a0\u00e0 50 m\u00e8tres de la ligne et remporter cette \u00e9tape au sprint. Une sorte de revanche apr\u00e8s la d\u00e9ception du prologue, remport\u00e9 d&rsquo;un rien par\u00a0<strong>Del Toro\u00a0<\/strong>devant le Fran\u00e7ais. Le pensionnaire d&rsquo;<strong>UAE<\/strong>\u00a0remporte le g\u00e9n\u00e9ral. Retour en images en vid\u00e9o sur\u00a0le<strong> Lidl Deutschland Tour 2026.<\/strong><\/p>\n<p>Lidl Tour d&rsquo;Allemagne &#8211; Classement g\u00e9n\u00e9ralA lire aussi&#8230;<\/p>\n","protected":false},"excerpt":{"rendered":"Un 52 min\u00a0sur le\u00a0Tour d&rsquo;Allemagne\u00a02026 qui s&rsquo;est termin\u00e9 dimanche 23 ao\u00fbt avec la victoire sur la derni\u00e8re \u00e9tape\u00a0du&hellip;\n","protected":false},"author":2,"featured_media":1152414,"comment_status":"","ping_status":"","sticky":false,"template":"","format":"standard","meta":{"footnotes":"","_share_on_mastodon":"0"},"categories":[1587],"tags":[11,672,1804,207,1805,1803,1777,674,1801,12,1802,209,3318,208],"class_list":["post-1152413","post","type-post","status-publish","format-standard","has-post-thumbnail","category-allemagne","tag-actualites","tag-allemagne","tag-bundesrepublik-deutschland","tag-cyclisme","tag-de","tag-deutschland","tag-eu","tag-europe","tag-germany","tag-news","tag-republique-federale-dallemagne","tag-route","tag-tour-d","tag-velo"],"share_on_mastodon":{"url":"https:\/\/pubeurope.com\/@fr\/117168683470638612","error":""},"_links":{"self":[{"href":"https:\/\/www.europesays.com\/fr\/wp-json\/wp\/v2\/posts\/1152413","targetHints":{"allow":["GET"]}}],"collection":[{"href":"https:\/\/www.europesays.com\/fr\/wp-json\/wp\/v2\/posts"}],"about":[{"href":"https:\/\/www.europesays.com\/fr\/wp-json\/wp\/v2\/types\/post"}],"author":[{"embeddable":true,"href":"https:\/\/www.europesays.com\/fr\/wp-json\/wp\/v2\/users\/2"}],"replies":[{"embeddable":true,"href":"https:\/\/www.europesays.com\/fr\/wp-json\/wp\/v2\/comments?post=1152413"}],"version-history":[{"count":0,"href":"https:\/\/www.europesays.com\/fr\/wp-json\/wp\/v2\/posts\/1152413\/revisions"}],"wp:featuredmedia":[{"embeddable":true,"href":"https:\/\/www.europesays.com\/fr\/wp-json\/wp\/v2\/media\/1152414"}],"wp:attachment":[{"href":"https:\/\/www.europesays.com\/fr\/wp-json\/wp\/v2\/media?parent=1152413"}],"wp:term":[{"taxonomy":"category","embeddable":true,"href":"https:\/\/www.europesays.com\/fr\/wp-json\/wp\/v2\/categories?post=1152413"},{"taxonomy":"post_tag","embeddable":true,"href":"https:\/\/www.europesays.com\/fr\/wp-json\/wp\/v2\/tags?post=1152413"}],"curies":[{"name":"wp","href":"https:\/\/api.w.org\/{rel}","templated":true}]}}