{"id":115245,"date":"2025-05-20T21:07:08","date_gmt":"2025-05-20T21:07:08","guid":{"rendered":"https:\/\/www.europesays.com\/fr\/115245\/"},"modified":"2025-05-20T21:07:08","modified_gmt":"2025-05-20T21:07:08","slug":"dix-ans-apres-les-attentats-du-bataclan-ils-racontent-pour-la-premiere-fois-a-dieppe-ce-quils-ont-vecu","status":"publish","type":"post","link":"https:\/\/www.europesays.com\/fr\/115245\/","title":{"rendered":"Dix ans apr\u00e8s les attentats du Bataclan, ils racontent pour la premi\u00e8re fois, \u00e0 Dieppe, ce qu\u2019ils ont v\u00e9cu"},"content":{"rendered":"<p>            Par<br \/>\n        <strong><br \/>\n            <a href=\"https:\/\/actu.fr\/auteur\/marie-lemaistre\" title=\"Consulter tous les articles de Marie LEMAISTRE\" rel=\"nofollow noopener\" target=\"_blank\">Marie LEMAISTRE<\/a><br \/>\n        <\/strong><\/p>\n<p>        Publi\u00e9 le<\/p>\n<p>            20 mai 2025 \u00e0 22h40        <\/p>\n<p>Le <b>13\u00a0novembre 2015 <\/b>a boulevers\u00e9 leur vie \u00e0 jamais. Rescap\u00e9s des attentats qui ont frapp\u00e9 le Bataclan il y a dix ans, Pascal et Anne-Sophie sont venus t\u00e9moigner, ce <b>mardi 20\u00a0mai 2025<\/b>, devant une soixantaine d\u2019\u00e9l\u00e8ves <b>de la 5e \u00e0 la 3e<\/b>, au coll\u00e8ge Albert-Camus de <a href=\"https:\/\/actu.fr\/tag\/neuville\" rel=\"nofollow noopener\" target=\"_blank\">Neuville-l\u00e8s-Dieppe (Seine-Maritime)<\/a>.\u00a0Le couple s\u2019est rencontr\u00e9 lors d\u2019un moment d\u2019\u00ab\u2009ap\u00e9ro-th\u00e9rapie\u2009\u00bb, \u00e0 l\u2019occasion des premi\u00e8res r\u00e9unions entre victimes qui ont abouti \u00e0 la cr\u00e9ation de l\u2019association <b>Life For Paris<\/b>, dont ils sont toujours membres. C\u2019est la <b>premi\u00e8re fois <\/b>qu\u2019ils livrent leur t\u00e9moignage.<\/p>\n<p>Deux v\u00e9cus diff\u00e9rents<\/p>\n<p class=\" wall-content\">Le 13\u00a0novembre 2015, Anne-Sophie, alors \u00e2g\u00e9e de 29\u00a0ans, assiste au concert des <b>Eagles of Death Metal <\/b>dans la salle de spectacle, situ\u00e9e dans le <b>11e arrondissement <\/b>de Paris, avec son compagnon de l\u2019\u00e9poque. \u00ab\u2009Je voulais aller dans la fosse. Malgr\u00e9 mon insistance, mon ami a voulu qu\u2019on s\u2019installe au balcon.\u2009\u00bb<\/p>\n<p class=\" wall-content\">Un choix qui leur sauvera peut-\u00eatre la vie. D\u00e8s l\u2019irruption des terroristes dans la salle, ils assistent \u00e0 la mort de plusieurs personnes sous leurs yeux. Son compagnon saisit imm\u00e9diatement <b>la gravit\u00e9 <\/b>de la situation\u2009: \u00ab\u2009C\u2019est quelqu\u2019un qui a fait son service militaire et conna\u00eet les armes \u00e0 feu\u2009\u00bb raconte Anne-Sophie.<\/p>\n<p class=\" wall-content\">Ensemble, ils rampent entre les rang\u00e9es de si\u00e8ges pour tenter de <b>fuir<\/b>, sans r\u00e9ussir \u00e0 atteindre la sortie de secours.<\/p>\n<p class=\" wall-content\">Ils finissent par trouver <b>refuge <\/b>dans une loge, entass\u00e9s avec une vingtaine de personnes. \u00ab\u2009Les terroristes savaient parfaitement o\u00f9 nous \u00e9tions. Ils ont essay\u00e9 de forcer la porte \u00e0 coups de crosse\u2009\u00bb, raconte Anne-Sophie. Pour se prot\u00e9ger, son compagnon et d\u2019autres <b>bloquent la porte <\/b>de la loge avec un canap\u00e9.<\/p>\n<p class=\" wall-content\">Lors de l\u2019<b>assaut final<\/b>, le dernier terroriste encore en vie tente de se faire passer pour un policier afin de forcer l\u2019entr\u00e9e. Il est finalement <b>abattu<\/b>. Une partie de sa ceinture explosive d\u00e9tone contre la porte. Ce n\u2019est qu\u2019apr\u00e8s, que les forces de la BRI, la Brigade de recherche et d\u2019intervention, parviennent \u00e0 entrer.<\/p>\n<p class=\" wall-content\">\u00ab\u2009On a \u00e9t\u00e9 les avant-derniers \u00e0 \u00eatre d\u00e9livr\u00e9s, juste avant ceux qui \u00e9taient cach\u00e9s dans le faux plafond, relate Anne-Sophie. En sortant, on est repass\u00e9s par la salle\u202fdans laquelle il ne restait <b>plus personne de vivant<\/b>.\u2009\u00bb<\/p>\n<p class=\" wall-content\">Pascal, 37\u00a0ans, fait \u00e9galement partie du public ce soir-l\u00e0\u2009: \u00ab\u2009J\u2019avais invit\u00e9 deux copains. On a loup\u00e9 la premi\u00e8re partie, comme tous bons Parisiens. Le concert a commenc\u00e9, et \u00e7a s\u2019est mal pass\u00e9 au bout de <b>15\u00a0minutes<\/b>. On \u00e9tait dans la fosse, en position centrale, \u00e0 <b>quelques m\u00e8tres <\/b>de la sc\u00e8ne.\u2009\u00bb<\/p>\n<p class=\" wall-content\">Avec l\u2019un d\u2019eux, il parvient \u00e0 garder le contact\u2009: \u00ab\u2009On \u00e9tait \u00e0<b> 1,50\u00a0m<\/b> de distance, on a pu communiquer pendant la prise d\u2019otages et d\u00e9cider de ce qu\u2019on allait faire.\u2009\u00bb Son autre copain n\u2019est pas tr\u00e8s loin\u2009: \u00ab\u2009On l\u2019a perdu, il \u00e9tait \u00e0<b> 4 ou 5\u00a0m\u00e8tres <\/b>de nous, mais on ne le voyait pas. Les terroristes ont fait asseoir tout le monde dans la fosse. Les gens se sont accroupis, ce qui a rendu la situation encore plus confuse.\u2009\u00bb<\/p>\n<p class=\" wall-content\">Ensuite, les assaillants, au nombre de <b>trois<\/b>, d\u00e9cident de monter au balcon. \u00c0 ce moment-l\u00e0 intervient l\u2019<b>agent de s\u00e9curit\u00e9\u2009<\/b>: \u00ab\u2009Il a travers\u00e9 toute la salle, au p\u00e9ril de sa vie, pour ouvrir la porte de secours situ\u00e9e \u00e0 l\u2019arri\u00e8re\u2009\u00bb se souvient Pascal.<\/p>\n<p class=\" wall-content\">C\u2019est par cette issue que beaucoup de personnes ont pu s\u2019\u00e9chapper, vers le <b>passage Amelot\u2009<\/b>: \u00ab\u2009Mon ami et moi avons pu sortir par cette porte de secours. Le troisi\u00e8me, lui, est rest\u00e9 plus longtemps, cach\u00e9 derri\u00e8re les enceintes, pr\u00e8s de la sc\u00e8ne. Je savais qu\u2019il \u00e9tait <b>encore \u00e0 l\u2019int\u00e9rieur<\/b>. Je suis donc rest\u00e9 dans le p\u00e9rim\u00e8tre de s\u00e9curit\u00e9, dans une loge, avec des bless\u00e9s.\u2009\u00bb<\/p>\n<p>92 morts<\/p>\n<p class=\" wall-content\">Depuis cette place, il a attendu que l\u2019assaut ait lieu. \u00ab\u2009De tr\u00e8s <b>grosses explosions <\/b>ont retenti. \u00c7a a dur\u00e9 quelques minutes. J\u2019ai eu des nouvelles de mon ami peu apr\u00e8s. \u00c0 ce moment-l\u00e0, j\u2019\u00e9tais seul, mes deux amis \u00e9taient en s\u00e9curit\u00e9, mais plus \u00e0 mes c\u00f4t\u00e9s. Je me suis retrouv\u00e9 seul, debout, devant le Bataclan\u2009\u00bb, poursuit Pascal.<\/p>\n<p class=\" wall-content\">Les victimes ont \u00e9t\u00e9 rassembl\u00e9es sur le boulevard, dans une cour d\u2019immeubles. Leur identit\u00e9 est relev\u00e9e, avant leur transfert en bus \u00e0 la mairie du 11e arrondissement. \u00ab\u2009Mon nom ne figurait pas sur la liste. Cela a \u00e9t\u00e9 une <b>complication <\/b>administrative suppl\u00e9mentaire pour \u00eatre reconnue comme victime par la suite\u2009\u00bb, souffle Anne-Sophie.<\/p>\n<p class=\" wall-content\">Avec d\u2019autres, Pascal a rejoint les bureaux du <b>36 quai des Orf\u00e8vres <\/b>pour raconter leur soir\u00e9e\u2009: \u00ab\u2009Ils ont pr\u00e9f\u00e9r\u00e9 recueillir toutes les d\u00e9positions <b>rapidement <\/b>afin d\u2019obtenir les informations les plus pr\u00e9cises possibles.\u2009\u00bb<\/p>\n<p class=\" wall-content\">Il se souvient \u00eatre rentr\u00e9 chez lui \u00e0 4\u2009h. \u00ab\u2009Certains ont eu des taxis pay\u00e9s, moi, je suis rentr\u00e9 en m\u00e9tro, avec mon t-shirt tach\u00e9 du sang d\u2019une autre personne sur moi, confie Pascal. Certains sont simplement rentr\u00e9s chez eux et on ne les a jamais revus. On ignore s\u2019ils ont \u00e9t\u00e9 pris en charge, on n\u2019en sait rien.\u2009\u00bb<\/p>\n<p class=\" wall-content\">Ce soir-l\u00e0, <b>90\u00a0personnes <\/b>sont d\u00e9c\u00e9d\u00e9es au Bataclan. Deux autres se sont suicid\u00e9es dans les ann\u00e9es qui ont suivi. \u00ab\u2009On les consid\u00e8re comme victimes. C\u2019est pour \u00e7a qu\u2019il y aura <b>92 noms<\/b> qui seront cit\u00e9s aux comm\u00e9morations du Bataclan\u2009\u00bb, insiste Pascal.<\/p>\n<p class=\" wall-content\">Suivez toute l\u2019actualit\u00e9 de vos villes et m\u00e9dias favoris en vous inscrivant \u00e0 <a href=\"https:\/\/moncompte.actu.fr\" title=\"D\u00e9couvez Mon Actu\" rel=\"nofollow noopener\" data-trk=\"{&quot;cta&quot;:{&quot;action&quot;:&quot;https:\\\/\\\/moncompte.actu.fr&quot;,&quot;category&quot;:&quot;mon compte&quot;,&quot;from&quot;:&quot;article footer&quot;,&quot;name&quot;:&quot;Mon actu&quot;,&quot;type&quot;:&quot;cta&quot;}}\" target=\"_blank\">Mon Actu<\/a>.<\/p>\n","protected":false},"excerpt":{"rendered":"Par Marie LEMAISTRE Publi\u00e9 le 20 mai 2025 \u00e0 22h40 Le 13\u00a0novembre 2015 a boulevers\u00e9 leur vie \u00e0&hellip;\n","protected":false},"author":2,"featured_media":115246,"comment_status":"","ping_status":"","sticky":false,"template":"","format":"standard","meta":{"footnotes":""},"categories":[1888],"tags":[11,18543,1777,674,1011,27,12,626,25,104,1254],"class_list":{"0":"post-115245","1":"post","2":"type-post","3":"status-publish","4":"format-standard","5":"has-post-thumbnail","7":"category-paris","8":"tag-actualites","9":"tag-bataclan","10":"tag-eu","11":"tag-europe","12":"tag-fr","13":"tag-france","14":"tag-news","15":"tag-paris","16":"tag-republique-francaise","17":"tag-societe","18":"tag-terrorisme"},"share_on_mastodon":{"url":"https:\/\/pubeurope.com\/@fr\/114542204976773431","error":""},"_links":{"self":[{"href":"https:\/\/www.europesays.com\/fr\/wp-json\/wp\/v2\/posts\/115245","targetHints":{"allow":["GET"]}}],"collection":[{"href":"https:\/\/www.europesays.com\/fr\/wp-json\/wp\/v2\/posts"}],"about":[{"href":"https:\/\/www.europesays.com\/fr\/wp-json\/wp\/v2\/types\/post"}],"author":[{"embeddable":true,"href":"https:\/\/www.europesays.com\/fr\/wp-json\/wp\/v2\/users\/2"}],"replies":[{"embeddable":true,"href":"https:\/\/www.europesays.com\/fr\/wp-json\/wp\/v2\/comments?post=115245"}],"version-history":[{"count":0,"href":"https:\/\/www.europesays.com\/fr\/wp-json\/wp\/v2\/posts\/115245\/revisions"}],"wp:featuredmedia":[{"embeddable":true,"href":"https:\/\/www.europesays.com\/fr\/wp-json\/wp\/v2\/media\/115246"}],"wp:attachment":[{"href":"https:\/\/www.europesays.com\/fr\/wp-json\/wp\/v2\/media?parent=115245"}],"wp:term":[{"taxonomy":"category","embeddable":true,"href":"https:\/\/www.europesays.com\/fr\/wp-json\/wp\/v2\/categories?post=115245"},{"taxonomy":"post_tag","embeddable":true,"href":"https:\/\/www.europesays.com\/fr\/wp-json\/wp\/v2\/tags?post=115245"}],"curies":[{"name":"wp","href":"https:\/\/api.w.org\/{rel}","templated":true}]}}