{"id":1152455,"date":"2026-08-27T18:04:51","date_gmt":"2026-08-27T18:04:51","guid":{"rendered":"https:\/\/www.europesays.com\/fr\/1152455\/"},"modified":"2026-08-27T18:04:51","modified_gmt":"2026-08-27T18:04:51","slug":"lancien-chef-militaire-serbe-ratko-mladic-le-boucher-des-balkans-est-mort","status":"publish","type":"post","link":"https:\/\/www.europesays.com\/fr\/1152455\/","title":{"rendered":"L\u2019ancien chef militaire serbe Ratko Mladic, le \u00abBoucher des Balkans\u00bb, est mort"},"content":{"rendered":"<p>\n    Ratko Mladic est d\u00e9c\u00e9d\u00e9 jeudi dans un h\u00f4pital p\u00e9nitentiaire de La Haye. Cet ancien g\u00e9n\u00e9ral surnomm\u00e9 le \u00abBoucher des Balkans\u00bb, a dirig\u00e9 les forces serbes de Bosnie pendant la guerre intercommunautaire de 1992 \u00e0 1995.<\/p>\n<p class=\"fig-paragraph\">L&rsquo;ancien chef militaire des Serbes de Bosnie,<a href=\"https:\/\/www.lefigaro.fr\/flash-actu\/2017\/11\/22\/97001-20171122FILWWW00125-le-boucher-des-balkans-ratko-mladic-condamne-a-la-perpetuite.php\" data-fig-type=\"NewsFlash\" data-gtm-custom-categorie=\"navigation\" data-gtm-custom-action=\"crossclick\" data-gtm-custom-label=\"Contextuel\" data-gtm-event=\"customEventSPE\" data-fig-domain=\"LEFIGARO\" rel=\"nofollow noopener\" target=\"_blank\">\u00a0Ratko Mladic<\/a>, condamn\u00e9 \u00e0 perp\u00e9tuit\u00e9 par la justice internationale, notamment pour le\u00a0<a href=\"http:\/\/www.lefigaro.fr\/international\/massacre-de-srebrenica-30-ans-apres-la-memoire-d-un-genocide-que-les-serbes-ont-toujours-du-mal-a-reconnaitre-20250711\" data-fig-type=\"Article\" data-gtm-custom-categorie=\"navigation\" data-gtm-custom-action=\"crossclick\" data-gtm-custom-label=\"Contextuel\" data-gtm-event=\"customEventSPE\" data-fig-domain=\"LEFIGARO\" rel=\"nofollow noopener\" target=\"_blank\">g\u00e9nocide de Srebrenica\u00a0<\/a>en 1995, est mort jeudi 27 ao\u00fbt. Cet ancien g\u00e9n\u00e9ral purgeait une peine de prison \u00e0 vie pour g\u00e9nocide, crimes de guerre et crimes contre l\u2019humanit\u00e9, apr\u00e8s avoir orchestr\u00e9 le massacre de Srebrenica, la pire tuerie en Europe depuis la Deuxi\u00e8me Guerre mondiale.<\/p>\n<p class=\"fig-paragraph\">Gravement malade depuis des mois, il s\u2019est \u00e9teint quelques jours apr\u00e8s le dernier rejet par le M\u00e9canisme international appel\u00e9 \u00e0 exercer les fonctions r\u00e9siduelles des Tribunaux p\u00e9naux de la demande de sa famille et du gouvernement serbe de le transf\u00e9rer dans un h\u00f4pital militaire de Belgrade pour y \u00eatre soign\u00e9.<\/p>\n<p>                                            <a class=\"fig-a11y-skip\" href=\"#fig-a11y-skip-main-inarticle\" is=\"fig-a11y-skip\" data-trigger-mode=\"visible-once\"><br \/>\n    Passer la publicit\u00e9<br \/>\n<\/a>            <\/p>\n<p class=\"fig-paragraph\">Si\u00e9geant \u00e0 La Haye, cette instance internationale, qui a confirm\u00e9 la mort \u00e0 l\u2019h\u00f4pital dans cette ville des Pays-Bas de Ratko Mladic &#8211; auparavant annonc\u00e9e par la t\u00e9l\u00e9vision d\u2019\u00c9tat serbe RTS -, a \u00e0 cet \u00e9gard pr\u00e9cis\u00e9 que la juge Graciela Gatti Santana avait ordonn\u00e9 \u00abune enqu\u00eate approfondie sur les circonstances\u00bb dans lesquelles son d\u00e9c\u00e8s \u00e9tait survenu.<\/p>\n<p class=\"fig-paragraph\">Cet homme incarnait le visage militaire d\u2019un sinistre trio &#8211; aux c\u00f4t\u00e9s de l\u2019ancien pr\u00e9sident yougoslave Slobodan Milosevic et de l\u2019ex-dirigeant des Serbes de Bosnie Radovan Karadzic &#8211; au moment o\u00f9 l\u2019ex-Yougoslavie sombrait dans le carnage apr\u00e8s la chute du communisme.<\/p>\n<p>                                            Le souvenir de Srebrenica<\/p>\n<p class=\"fig-paragraph\">La guerre de 1992-1995 en Bosnie a fait environ 100.000 morts et 2,2 millions de personnes ont \u00e9t\u00e9 d\u00e9plac\u00e9es. \u00c0 cette \u00e9poque, la trag\u00e9die la plus tristement c\u00e9l\u00e8bre a eu lieu \u00e0 Srebrenica, o\u00f9 les forces serbes plac\u00e9es sous le commandement de Ratko Mladic ont ex\u00e9cut\u00e9 8.000 Bosniaques musulmans qui avaient cherch\u00e9 refuge dans ce qui \u00e9tait cens\u00e9 \u00eatre une enclave prot\u00e9g\u00e9e par les Nations unies.<\/p>\n<p class=\"fig-paragraph\">Des images d\u2019\u00e9poque le montraient en train de distribuer des bonbons \u00e0 des enfants avant que ces derniers et les femmes de cette ville ne soient emmen\u00e9s \u00e0 bord de cars tandis que les hommes et les gar\u00e7ons \u00e9taient conduits dans une for\u00eat pour y \u00eatre tu\u00e9s. Leurs corps ont \u00e9t\u00e9 jet\u00e9s dans des fosses communes. Nombre d\u2019entre elles ont par la suite \u00e9t\u00e9 rouvertes et les restes d\u00e9plac\u00e9s afin de tenter de dissimuler les preuves.<\/p>\n<p class=\"fig-paragraph\">Les rares survivants ont livr\u00e9 des r\u00e9cits poignants de meurtres, de tortures et de viols perp\u00e9tr\u00e9s par les membres des forces serbes de Bosnie. En novembre 1995, le Tribunal p\u00e9nal international pour l\u2019ex-Yougoslavie (TPIY) a inculp\u00e9 Ratko Mladic qui, d\u00e9mis de ses fonctions, a \u00e9chapp\u00e9 \u00e0 son arrestation pendant encore 16 ans. Il a alors d\u2019abord men\u00e9 une vie de luxe, choy\u00e9 par l\u2019arm\u00e9e en Serbie, o\u00f9 certains le consid\u00e8rent encore aujourd\u2019hui comme un h\u00e9ros.<\/p>\n<p>                                            <a class=\"fig-a11y-skip\" href=\"#fig-a11y-skip-main-inarticle_mtf\" is=\"fig-a11y-skip\" data-trigger-mode=\"visible-once\"><br \/>\n    Passer la publicit\u00e9<br \/>\n<\/a>            <\/p>\n<p>                                            Criminel de guerre<\/p>\n<p class=\"fig-paragraph\">La pression s\u2019est toutefois accrue sur lui apr\u00e8s la chute de Milosevic en 2000 et il a finalement \u00e9t\u00e9 arr\u00eat\u00e9 en mai 2011 puis transf\u00e9r\u00e9 \u00e0 La Haye. Tout au long de ses comparutions, Ratko Mladic a soutenu qu\u2019il n\u2019\u00e9tait coupable ni de g\u00e9nocide ni de crimes de guerre. Il a invectiv\u00e9 les juges \u00e0 maintes reprises, qualifiant le tribunal d\u2019\u00abenfant des puissances occidentales\u00bb et se pr\u00e9sentant comme la \u00abcible de l\u2019Otan\u00bb.<\/p>\n<p class=\"fig-paragraph\">Condamn\u00e9 en 2017 \u00e0 la prison \u00e0 vie, une peine confirm\u00e9e en appel en 2021, Ratko Mladic a \u00e9galement \u00e9t\u00e9 reconnu coupable d\u2019avoir orchestr\u00e9 une vaste campagne de \u00abnettoyage ethnique\u00bb, destin\u00e9e \u00e0 chasser des populations de zones cl\u00e9s afin de cr\u00e9er une \u00abGrande Serbie\u00bb.<\/p>\n<p class=\"fig-paragraph\">La justice internationale a estim\u00e9 que les crimes qu\u2019il avait commis figuraient \u00abparmi les plus odieux connus de l\u2019humanit\u00e9\u00bb et l\u2019ancien Haut-Commissaire de l\u2019ONU aux droits de l\u2019homme Zeid Ra\u2019ad al-Hussein l\u2019a qualifi\u00e9 d\u2019\u00abincarnation du mal\u00bb. Son \u00e2ge a par ailleurs toujours fait l\u2019objet de controverses\u00a0: il affirmait en effet \u00eatre n\u00e9 en mars 1943 alors que le tribunal situait sa naissance en 1942.<\/p>\n","protected":false},"excerpt":{"rendered":"Ratko Mladic est d\u00e9c\u00e9d\u00e9 jeudi dans un h\u00f4pital p\u00e9nitentiaire de La Haye. Cet ancien g\u00e9n\u00e9ral surnomm\u00e9 le \u00abBoucher&hellip;\n","protected":false},"author":2,"featured_media":1152456,"comment_status":"","ping_status":"","sticky":false,"template":"","format":"standard","meta":{"footnotes":"","_share_on_mastodon":"0"},"categories":[5],"tags":[11,1011,27,14,5888,12,117728,3329,28],"class_list":["post-1152455","post","type-post","status-publish","format-standard","has-post-thumbnail","category-international","tag-actualites","tag-fr","tag-france","tag-international","tag-justice-internationale","tag-news","tag-ratko-mladic","tag-serbie","tag-world"],"share_on_mastodon":{"url":"https:\/\/pubeurope.com\/@fr\/117168801374120458","error":""},"_links":{"self":[{"href":"https:\/\/www.europesays.com\/fr\/wp-json\/wp\/v2\/posts\/1152455","targetHints":{"allow":["GET"]}}],"collection":[{"href":"https:\/\/www.europesays.com\/fr\/wp-json\/wp\/v2\/posts"}],"about":[{"href":"https:\/\/www.europesays.com\/fr\/wp-json\/wp\/v2\/types\/post"}],"author":[{"embeddable":true,"href":"https:\/\/www.europesays.com\/fr\/wp-json\/wp\/v2\/users\/2"}],"replies":[{"embeddable":true,"href":"https:\/\/www.europesays.com\/fr\/wp-json\/wp\/v2\/comments?post=1152455"}],"version-history":[{"count":0,"href":"https:\/\/www.europesays.com\/fr\/wp-json\/wp\/v2\/posts\/1152455\/revisions"}],"wp:featuredmedia":[{"embeddable":true,"href":"https:\/\/www.europesays.com\/fr\/wp-json\/wp\/v2\/media\/1152456"}],"wp:attachment":[{"href":"https:\/\/www.europesays.com\/fr\/wp-json\/wp\/v2\/media?parent=1152455"}],"wp:term":[{"taxonomy":"category","embeddable":true,"href":"https:\/\/www.europesays.com\/fr\/wp-json\/wp\/v2\/categories?post=1152455"},{"taxonomy":"post_tag","embeddable":true,"href":"https:\/\/www.europesays.com\/fr\/wp-json\/wp\/v2\/tags?post=1152455"}],"curies":[{"name":"wp","href":"https:\/\/api.w.org\/{rel}","templated":true}]}}