{"id":1152539,"date":"2026-08-27T18:59:22","date_gmt":"2026-08-27T18:59:22","guid":{"rendered":"https:\/\/www.europesays.com\/fr\/1152539\/"},"modified":"2026-08-27T18:59:22","modified_gmt":"2026-08-27T18:59:22","slug":"face-aux-menaces-de-moscou-leurope-suspendue-aux-plans-americains","status":"publish","type":"post","link":"https:\/\/www.europesays.com\/fr\/1152539\/","title":{"rendered":"Face aux menaces de Moscou, l\u2019Europe suspendue aux plans Am\u00e9ricains"},"content":{"rendered":"<p>\n    <strong>D\u00c9CRYPTAGE &#8211;<\/strong> Entre provocations et menaces directes contre le Royaume-Uni, la Russie tente d\u2019intimider les Europ\u00e9ens, lesquels ne peuvent pas compter sur le soutien infaillible de Washington.<\/p>\n<p class=\"fig-paragraph\">Deux visites de hauts responsables am\u00e9ricains, en quelques jours, r\u00e9sument le sort de l\u2019Europe, prise en \u00e9tau par les grandes puissances. La\u00a0premi\u00e8re, celle du\u00a0<a href=\"http:\/\/www.lefigaro.fr\/international\/pourquoi-le-patron-de-la-cia-s-est-rendu-discretement-a-moscou-en-pleine-crise-entre-les-etats-unis-et-la-russie-20260826\" data-fig-type=\"Article\" data-gtm-custom-categorie=\"navigation\" data-gtm-custom-action=\"crossclick\" data-gtm-custom-label=\"Contextuel\" data-gtm-event=\"customEventSPE\" data-fig-domain=\"LEFIGARO\" rel=\"nofollow noopener\" target=\"_blank\">patron de la CIA, John Ratcliffe<\/a>, mardi \u00e0 Moscou, a, selon les m\u00e9dias am\u00e9ricains, port\u00e9 sur la menace russe contre l\u2019Otan. L\u2019autre, celle du sous-secr\u00e9taire \u00e0 la Guerre,\u00a0<a href=\"http:\/\/www.lefigaro.fr\/international\/elbridge-colby-porte-drapeau-du-grand-realignement-strategique-americain-20250311\" data-fig-type=\"Article\" data-gtm-custom-categorie=\"navigation\" data-gtm-custom-action=\"crossclick\" data-gtm-custom-label=\"Contextuel\" data-gtm-event=\"customEventSPE\" data-fig-domain=\"LEFIGARO\" rel=\"nofollow noopener\" target=\"_blank\">Elbridge Colby<\/a>, \u00e0 Bruxelles jeudi, a permis aux Europ\u00e9ens d\u2019en savoir un peu plus sur les intentions am\u00e9ricaines \u00e0 leur endroit.<\/p>\n<p class=\"fig-paragraph\">Les Europ\u00e9ens sont inquiets. La\u00a0<a href=\"http:\/\/www.lefigaro.fr\/international\/l-ere-qui-s-ouvre-est-celle-des-intimidations-et-des-tests-face-a-la-russie-la-nouvelle-rhetorique-offensive-occidentale-20251017\" data-fig-type=\"Article\" data-gtm-custom-categorie=\"navigation\" data-gtm-custom-action=\"crossclick\" data-gtm-custom-label=\"Contextuel\" data-gtm-event=\"customEventSPE\" data-fig-domain=\"LEFIGARO\" rel=\"nofollow noopener\" target=\"_blank\">perspective\u00a0d\u2019un \u00ab\u00a0test\u00a0\u00bb de la Russie<\/a>\u00a0semble de plus en plus proche, m\u00eame si en mati\u00e8re d\u2019affrontement \u00ab\u00a0sous le seuil\u00a0\u00bb, le Kremlin est devenu expert pour manier les menaces r\u00e9elles et fantasm\u00e9es. \u00ab\u00a0De nombreuses histoires alarmistes sont publi\u00e9es en ce moment\u00a0\u00bb, a ironis\u00e9 jeudi le porte-parole du Kremlin, Dmitri Peskov. L\u2019exp\u00e9rience a montr\u00e9 que les d\u00e9mentis de Moscou n\u2019\u00e9taient pas \u00e0 prendre au pied de la lettre. Avec un soutien potentiellement r\u00e9duit des \u00c9tats-Unis, les Europ\u00e9ens se trouvent\u2026<\/p>\n<p class=\"fig-premium-paywall__infos\">\n        Cet article est r\u00e9serv\u00e9 aux abonn\u00e9s.        Il vous reste 87% \u00e0 d\u00e9couvrir.\n    <\/p>\n<p>                <img  data- alt=\"Le Figaro\" class=\"fig-img--complete fig-img\"\/><\/p>\n<p class=\"fig-premium-paywall__title\">Vous avez envie de lire la suite ?<\/p>\n<p class=\"fig-premium-paywall__subtitle\">D\u00e9bloquez tous les articles imm\u00e9diatement.<\/p>\n<p class=\"fig-premium-paywall__connect\">\n                D\u00e9j\u00e0 abonn\u00e9\u00a0?                <a class=\"fig-premium-paywall__connect-link\" href=\"https:\/\/connect.lefigaro.fr\/login?client=horizon_web&amp;type=main&amp;redirect_uri=https%3A%2F%2Fwww.lefigaro.fr%2Finternational%2Fface-aux-menaces-de-moscou-l-europe-suspendue-aux-plans-americains-20260827\" data-js-gtm=\"{&quot;event&quot;:&quot;customEventGA4&quot;,&quot;eventName&quot;:&quot;click_action&quot;,&quot;feature&quot;:&quot;paywall&quot;,&quot;location&quot;:&quot;paywall&quot;,&quot;button_action&quot;:&quot;connect&quot;,&quot;click_text&quot;:&quot;Connectez-vous&quot;}\" rel=\"nofollow noopener\" target=\"_blank\"><br \/>\n                    Connectez-vous<br \/>\n                <\/a>\n            <\/p>\n","protected":false},"excerpt":{"rendered":"D\u00c9CRYPTAGE &#8211; Entre provocations et menaces directes contre le Royaume-Uni, la Russie tente d\u2019intimider les Europ\u00e9ens, lesquels ne&hellip;\n","protected":false},"author":2,"featured_media":1152540,"comment_status":"","ping_status":"","sticky":false,"template":"","format":"standard","meta":{"footnotes":"","_share_on_mastodon":"0"},"categories":[1586],"tags":[11,554,73,1777,674,1011,27,131,12,25,132,364],"class_list":["post-1152539","post","type-post","status-publish","format-standard","has-post-thumbnail","category-europe","tag-actualites","tag-defense","tag-etats-unis","tag-eu","tag-europe","tag-fr","tag-france","tag-guerre-en-ukraine","tag-news","tag-republique-francaise","tag-russie","tag-union-europeenne"],"share_on_mastodon":{"url":"https:\/\/pubeurope.com\/@fr\/117169013829549512","error":""},"_links":{"self":[{"href":"https:\/\/www.europesays.com\/fr\/wp-json\/wp\/v2\/posts\/1152539","targetHints":{"allow":["GET"]}}],"collection":[{"href":"https:\/\/www.europesays.com\/fr\/wp-json\/wp\/v2\/posts"}],"about":[{"href":"https:\/\/www.europesays.com\/fr\/wp-json\/wp\/v2\/types\/post"}],"author":[{"embeddable":true,"href":"https:\/\/www.europesays.com\/fr\/wp-json\/wp\/v2\/users\/2"}],"replies":[{"embeddable":true,"href":"https:\/\/www.europesays.com\/fr\/wp-json\/wp\/v2\/comments?post=1152539"}],"version-history":[{"count":0,"href":"https:\/\/www.europesays.com\/fr\/wp-json\/wp\/v2\/posts\/1152539\/revisions"}],"wp:featuredmedia":[{"embeddable":true,"href":"https:\/\/www.europesays.com\/fr\/wp-json\/wp\/v2\/media\/1152540"}],"wp:attachment":[{"href":"https:\/\/www.europesays.com\/fr\/wp-json\/wp\/v2\/media?parent=1152539"}],"wp:term":[{"taxonomy":"category","embeddable":true,"href":"https:\/\/www.europesays.com\/fr\/wp-json\/wp\/v2\/categories?post=1152539"},{"taxonomy":"post_tag","embeddable":true,"href":"https:\/\/www.europesays.com\/fr\/wp-json\/wp\/v2\/tags?post=1152539"}],"curies":[{"name":"wp","href":"https:\/\/api.w.org\/{rel}","templated":true}]}}