{"id":115260,"date":"2025-05-20T21:15:09","date_gmt":"2025-05-20T21:15:09","guid":{"rendered":"https:\/\/www.europesays.com\/fr\/115260\/"},"modified":"2025-05-20T21:15:09","modified_gmt":"2025-05-20T21:15:09","slug":"alain-delon-un-nouvel-enfant-illegitime-eu-avec-une-prostituee-vietnamienne-pourrait-bouleverser-tout-lheritage","status":"publish","type":"post","link":"https:\/\/www.europesays.com\/fr\/115260\/","title":{"rendered":"Alain Delon : un nouvel enfant ill\u00e9gitime eu avec \u00ab\u00a0une prostitu\u00e9e vietnamienne\u00a0\u00bb pourrait bouleverser tout l\u2019h\u00e9ritage"},"content":{"rendered":"<p>      R\u00e9sum\u00e9<\/p>\n<p>Un nouveau t\u00e9moignage r\u00e9v\u00e8le l&rsquo;existence d&rsquo;un enfant ill\u00e9gitime d&rsquo;Alain Delon, ce qui pourrait compliquer davantage le partage de l&rsquo;h\u00e9ritage familial d\u00e9j\u00e0 conflictuel.<\/p>\n<p>        Sommaire<\/p>\n<p>Une r\u00e9v\u00e9lation qui pourrait venir chambouler l\u2019h\u00e9ritage de la famille Delon. Les relations n\u2019\u00e9taient d\u00e9j\u00e0 pas au beau fixe entre <a href=\"https:\/\/www.public.fr\/tag\/anouchka-delon\" target=\"_blank\" rel=\"noopener\">Anouchka Delon<\/a> et ses deux fr\u00e8res, <a href=\"https:\/\/www.public.fr\/tag\/anthony-delon\" target=\"_blank\" rel=\"noopener\">Anthony<\/a> et Alain-Fabien. Mais voil\u00e0 qu\u2019une nouvelle r\u00e9v\u00e9lation pourrait, en plus de cela, remettre en question leur h\u00e9ritage. La \u00ab\u00a0faute\u00a0\u00bb \u00e0 un pr\u00e9sum\u00e9 enfant ill\u00e9gitime d\u2019<a href=\"https:\/\/www.public.fr\/tag\/alain-delon\" target=\"_blank\" rel=\"noopener\">Alain Delon<\/a>.<\/p>\n<p>C\u2019est <a href=\"https:\/\/vsd.fr\/tag\/alain-delon\/\" target=\"_blank\" rel=\"noopener\">l\u2019acteur d\u00e9c\u00e9d\u00e9 le 18 ao\u00fbt dernier<\/a>, \u00e0 l\u2019\u00e2ge de 88 ans, qui a lui-m\u00eame \u00e9voqu\u00e9 cet enfant comme l\u2019ont r\u00e9v\u00e9l\u00e9 nos confr\u00e8res de Paris Match. Le m\u00e9dia rappelant que d\u00e9j\u00e0, de son vivant, les enfants de l\u2019acteur se disputaient son h\u00e9ritage. Mais ils ignoraient visiblement qu\u2019un \u00e9ventuel enfant ill\u00e9gitime pourrait se greffer dans cette guerre familiale.<\/p>\n<p>Un nouvel enfant ill\u00e9gitime d&rsquo;Alain Delon pourrait r\u00e9clamer son h\u00e9ritage<\/p>\n<p>Dans un article, Paris Match \u00e9voque ce nouvel enfant ill\u00e9gitime, encore jamais cit\u00e9 jusqu\u2019ici. Un enfant ill\u00e9gitime, diff\u00e9rent d\u2019Ari Boulogne, cit\u00e9 dans le livre de Laurence Pieau et Fran\u00e7ois Vignolle, <strong>\u00ab\u00a0Les derniers jours du Samura\u00ef\u00a0\u00bb<\/strong>.<\/p>\n<p>Comme on peut le lire dans cet ouvrage, le com\u00e9dien d\u00e9c\u00e9d\u00e9 \u00e0 l\u2019\u00e2ge de 88 ans aurait inform\u00e9 \u00ab\u00a0une poign\u00e9e de personnes\u00a0\u00bb\u00a0avoir eu <strong>une fille avec une prostitu\u00e9e vietnamienne<\/strong>. Il aurait eu cette relation avec la principale int\u00e9ress\u00e9e, \u00e0 l\u2019\u00e9poque ou il \u00e9tait en Indochine.\u00a0<\/p>\n<p>Nos confr\u00e8res de Closer notent toutefois que Fran\u00e7ois Vignolle ne croit pas \u00e0 cette hypoth\u00e8se :\u00a0\u00ab\u00a0Alain Delon a lui-m\u00eame fabriqu\u00e9 sa l\u00e9gende, d\u00e8s son enfance. Il lui est arriv\u00e9 de prendre des libert\u00e9s avec la v\u00e9rit\u00e9. Donc on reste tr\u00e8s prudent sur cette histoire, dont il a parl\u00e9 \u00e0 tr\u00e8s peu de personnes\u00a0\u00bb.<\/p>\n<p>Le fils d&rsquo;Ari Boulogne pourrait aussi r\u00e9clamer sa part <\/p>\n<p>En plus de <strong>cette pr\u00e9sum\u00e9e fille ill\u00e9gitime<\/strong>, Ari Boulogne, l\u2019autre fils ill\u00e9gitime d\u2019Alain Delon, pourrait \u00e9galement remettre en question l\u2019h\u00e9ritage du com\u00e9dien d\u00e9c\u00e9d\u00e9 le 18 ao\u00fbt 2024. <\/p>\n<p>Celui-ci, d\u00e9c\u00e9d\u00e9 en 2023 et jamais reconnu par Alain Delon, pourrait voir son fils r\u00e9clamer sa part de l\u2019h\u00e9ritage. En effet, la filiation peut toujours \u00eatre confirm\u00e9e malgr\u00e9 son d\u00e9c\u00e8s, et lui permettre de \u00ab\u00a0gagner sa l\u00e9gitimit\u00e9\u00a0\u00bb dans cet h\u00e9ritage.<\/p>\n<p>Ce serait n\u00e9anmoins seulement son enfant qui pourrait donc en profiter. Reste \u00e0 savoir qui va r\u00e9ellement pouvoir toucher ledit h\u00e9ritage, qui s\u00e8me la zizanie dans la famille Delon depuis plusieurs mois, comme celui de <a href=\"https:\/\/www.public.fr\/tag\/johnny-hallyday\" target=\"_blank\" rel=\"noopener\">Johnny Hallyday<\/a> il y a plusieurs ann\u00e9es.\u00a0<\/p>\n<p>      Mentionn\u00e9s dans cet article<\/p>\n<p>\u00c0 lire aussi<\/p>\n","protected":false},"excerpt":{"rendered":"R\u00e9sum\u00e9 Un nouveau t\u00e9moignage r\u00e9v\u00e8le l&rsquo;existence d&rsquo;un enfant ill\u00e9gitime d&rsquo;Alain Delon, ce qui pourrait compliquer davantage le partage&hellip;\n","protected":false},"author":2,"featured_media":115261,"comment_status":"","ping_status":"","sticky":false,"template":"","format":"standard","meta":{"footnotes":""},"categories":[1586],"tags":[11,5960,15944,19718,22608,1777,674,1779,1011,27,11632,12,25,1778,364],"class_list":{"0":"post-115260","1":"post","2":"type-post","3":"status-publish","4":"format-standard","5":"has-post-thumbnail","7":"category-europe","8":"tag-actualites","9":"tag-alain-delon","10":"tag-alain-fabien-delon","11":"tag-anouchka-delon","12":"tag-anthony-delon","13":"tag-eu","14":"tag-europe","15":"tag-european-union","16":"tag-fr","17":"tag-france","18":"tag-heritage","19":"tag-news","20":"tag-republique-francaise","21":"tag-ue","22":"tag-union-europeenne"},"share_on_mastodon":{"url":"https:\/\/pubeurope.com\/@fr\/114542236387092410","error":""},"_links":{"self":[{"href":"https:\/\/www.europesays.com\/fr\/wp-json\/wp\/v2\/posts\/115260","targetHints":{"allow":["GET"]}}],"collection":[{"href":"https:\/\/www.europesays.com\/fr\/wp-json\/wp\/v2\/posts"}],"about":[{"href":"https:\/\/www.europesays.com\/fr\/wp-json\/wp\/v2\/types\/post"}],"author":[{"embeddable":true,"href":"https:\/\/www.europesays.com\/fr\/wp-json\/wp\/v2\/users\/2"}],"replies":[{"embeddable":true,"href":"https:\/\/www.europesays.com\/fr\/wp-json\/wp\/v2\/comments?post=115260"}],"version-history":[{"count":0,"href":"https:\/\/www.europesays.com\/fr\/wp-json\/wp\/v2\/posts\/115260\/revisions"}],"wp:featuredmedia":[{"embeddable":true,"href":"https:\/\/www.europesays.com\/fr\/wp-json\/wp\/v2\/media\/115261"}],"wp:attachment":[{"href":"https:\/\/www.europesays.com\/fr\/wp-json\/wp\/v2\/media?parent=115260"}],"wp:term":[{"taxonomy":"category","embeddable":true,"href":"https:\/\/www.europesays.com\/fr\/wp-json\/wp\/v2\/categories?post=115260"},{"taxonomy":"post_tag","embeddable":true,"href":"https:\/\/www.europesays.com\/fr\/wp-json\/wp\/v2\/tags?post=115260"}],"curies":[{"name":"wp","href":"https:\/\/api.w.org\/{rel}","templated":true}]}}