{"id":1152608,"date":"2026-08-27T19:46:11","date_gmt":"2026-08-27T19:46:11","guid":{"rendered":"https:\/\/www.europesays.com\/fr\/1152608\/"},"modified":"2026-08-27T19:46:11","modified_gmt":"2026-08-27T19:46:11","slug":"cetait-une-situation-horrible-ce-temoin-joue-un-role-cle-dans-ce-proces-pour-viol-a-rennes","status":"publish","type":"post","link":"https:\/\/www.europesays.com\/fr\/1152608\/","title":{"rendered":"\u00ab\u00a0C\u2019\u00e9tait une situation horrible\u00a0\u00bb\u00a0: ce t\u00e9moin joue un r\u00f4le cl\u00e9 dans ce proc\u00e8s pour viol \u00e0 Rennes"},"content":{"rendered":"<p>\n                Article premium,<br \/>\n                    R\u00e9serv\u00e9 aux\u00a0abonn\u00e9s\n            <\/p>\n<p class=\"su-standfirst chapeau\">Ces jeudi\u00a027 et vendredi 28\u00a0ao\u00fbt 2026, un homme est jug\u00e9 par la cour criminelle d\u00e9partementale pour le viol d\u2019une femme, SDF comme lui, commis un soir de juillet\u00a02024, en pleine rue, dans le centre-ville de Rennes\u00a0(Ille-et-Vilaine). Le verdict est attendu vendredi soir.<\/p>\n<p>                                        <img decoding=\"async\" class=\"su-media\" src=\"https:\/\/media.ouest-france.fr\/v1\/pictures\/MjAyNjA4NTQzNGU0YzNjN2U4ZWM5NzE1ZWQwYjEyNTg0NzdhZmU?width=630&amp;height=354&amp;focuspoint=50%2C25&amp;cropresize=1&amp;client_id=bpeditorial&amp;sign=fd7cfe106a4e388c57615d0acf8134405df4d9d8ffe15f70c8986320a2cd94b8\" alt=\"Ces jeudi\u00a027 et vendredi 28\u00a0ao\u00fbt 2026, un homme est jug\u00e9 par la cour criminelle d\u00e9partementale pour le viol d\u2019une femme, SDF comme lui, commis un soir de juillet\u00a02024, en pleine rue, dans le centre-ville de Rennes\u00a0(Ille-et-Vilaine). Le verdict est attendu vendredi soir.\"  \/><\/p>\n<p>                            Ces jeudi\u00a027 et vendredi 28\u00a0ao\u00fbt 2026, un homme est jug\u00e9 par la cour criminelle d\u00e9partementale pour le viol d\u2019une femme, SDF comme lui, commis un soir de juillet\u00a02024, en pleine rue, dans le centre-ville de Rennes\u00a0(Ille-et-Vilaine). Le verdict est attendu vendredi soir. | OUEST FRANCE<\/p>\n<p>                            fermer<\/p>\n<ul class=\"su-row su-carrousel-container su-not-list\" data-suswipe=\"{\" rambo=\"\" .carrousel-nav-bas=\"\" .item=\"\">\n<li class=\"su-col-xs-6 su-col-md-24 carrousel-contenu su-carrousel-item\" data-ofvwidth=\"{\" mobileonly=\"\"><img decoding=\"async\" data-ofmaxheight=\"\" class=\"su-media lazyload\" alt=\"Ces jeudi\u00a027 et vendredi 28\u00a0ao\u00fbt 2026, un homme est jug\u00e9 par la cour criminelle d\u00e9partementale pour le viol d\u2019une femme, SDF comme lui, commis un soir de juillet\u00a02024, en pleine rue, dans le centre-ville de Rennes\u00a0(Ille-et-Vilaine). Le verdict est attendu vendredi soir.\" src=\"data:image\/png;base64,iVBORw0KGgoAAAANSUhEUgAAABAAAAAJCAYAAAA7KqwyAAAAGXRFWHRTb2Z0d2FyZQBBZG9iZSBJbWFnZVJlYWR5ccllPAAAABhJREFUeNpi\/P\/\/PwMlgHHUgFEDgAAgwAD+lBrvy+NcxAAAAABJRU5ErkJggg==\" data-oflazyload=\"{&quot;srcset&quot;:&quot;https:\/\/media.ouest-france.fr\/v1\/pictures\/MjAyNjA4NTQzNGU0YzNjN2U4ZWM5NzE1ZWQwYjEyNTg0NzdhZmU?width=320&amp;focuspoint=50%2C25&amp;cropresize=1&amp;client_id=bpeditorial&amp;sign=d61aba5e9a60482d6ced224920756590bc79df6c25de8cb21523d1c5f13d094e 320w,https:\/\/media.ouest-france.fr\/v1\/pictures\/MjAyNjA4NTQzNGU0YzNjN2U4ZWM5NzE1ZWQwYjEyNTg0NzdhZmU?width=375&amp;focuspoint=50%2C25&amp;cropresize=1&amp;client_id=bpeditorial&amp;sign=7467df6cc672dba59dae34a50b2827299798bf14082cdcb0e37225ad5e4887cb 360w,https:\/\/media.ouest-france.fr\/v1\/pictures\/MjAyNjA4NTQzNGU0YzNjN2U4ZWM5NzE1ZWQwYjEyNTg0NzdhZmU?width=480&amp;focuspoint=50%2C25&amp;cropresize=1&amp;client_id=bpeditorial&amp;sign=13ba3b3bcfed8aa346796d5f434faaff39d5921262cc490c1c0c582a0b8ab9b5 480w,https:\/\/media.ouest-france.fr\/v1\/pictures\/MjAyNjA4NTQzNGU0YzNjN2U4ZWM5NzE1ZWQwYjEyNTg0NzdhZmU?width=630&amp;focuspoint=50%2C25&amp;cropresize=1&amp;client_id=bpeditorial&amp;sign=66186cf9d5573f8ac50db0c16557fe7dfbb21ca7168f1a883313f1bf412bc806 630w,https:\/\/media.ouest-france.fr\/v1\/pictures\/MjAyNjA4NTQzNGU0YzNjN2U4ZWM5NzE1ZWQwYjEyNTg0NzdhZmU?width=940&amp;focuspoint=50%2C25&amp;cropresize=1&amp;client_id=bpeditorial&amp;sign=263db3c2df3c5e5bedc6fec4cdc02b394b4db54fc69289a685d5b081e5307dc1 940w,https:\/\/media.ouest-france.fr\/v1\/pictures\/MjAyNjA4NTQzNGU0YzNjN2U4ZWM5NzE1ZWQwYjEyNTg0NzdhZmU?width=1260&amp;focuspoint=50%2C25&amp;cropresize=1&amp;client_id=bpeditorial&amp;sign=cb1700fcf0a031b9880bb11e7af352efc2e89293d17362bce92c52aa9c23a253 1260w&quot;}\"\/>Ces jeudi\u00a027 et vendredi 28\u00a0ao\u00fbt 2026, un homme est jug\u00e9 par la cour criminelle d\u00e9partementale pour le viol d\u2019une femme, SDF comme lui, commis un soir de juillet\u00a02024, en pleine rue, dans le centre-ville de Rennes\u00a0(Ille-et-Vilaine). Le verdict est attendu vendredi soir. | OUEST FRANCE<\/li>\n<\/ul>\n<p data-ofstats-scroll=\"read_depth_10\"><a href=\"https:\/\/www.ouest-france.fr\/bretagne\/rennes-35000\/endormie-sur-un-banc-une-femme-violee-dans-le-centre-ville-de-rennes-84a19cec-50b9-11ef-a7c8-0c2e04d72c1d\" target=\"_blank\" rel=\"nofollow noopener\">Dans la soir\u00e9e du 29\u00a0juillet 2024, une femme de 40\u00a0ans<\/a>, sans domicile fixe \u00e0 l\u2019\u00e9poque, erre dans Rennes\u00a0(Ille-et-Vilaine), en compagnie d\u2019un homme de 39\u00a0ans, SDF comme elle, qu\u2019elle a rencontr\u00e9 le matin m\u00eame. Tous les deux sont alcoolis\u00e9s quand, vers 23\u00a0h, ils prennent place sur un banc de la place Pasteur. Que s\u2019est-il pass\u00e9 ensuite\u00a0?<\/p>\n<p>La sans-abri aurait sollicit\u00e9 des c\u00e2lins aupr\u00e8s de son compagnon d\u2019un soir. Des attouchements auraient suivi, au pire une agression sexuelle, selon l\u2019homme dont le comportement, aux dires de ses avocates, justifierait un proc\u00e8s devant le tribunal correctionnel. Or, ces jeudi\u00a027 et vendredi 28\u00a0ao\u00fbt 2026, l<a href=\"https:\/\/www.ouest-france.fr\/faits-divers\/violence-sexuelle\/viol\/suspecte-davoir-viole-une-femme-dans-le-centre-ville-de-rennes-en-2024-il-sera-juge-devant-la-cour-criminelle-fin-aout-b2b93c4e-8cfc-11f1-bac6-43ee9437487c\" target=\"_blank\" rel=\"nofollow noopener\">e quadrag\u00e9naire est jug\u00e9 pour viol sur personne vuln\u00e9rable par la cour criminelle d\u00e9partementale.<\/a> Il&#8230;<\/p>\n<p style=\"text-align: center; background-color: #dbbe4d; padding-top: 5px; padding-bottom: 5px; font-size: 14px;\"><strong>D\u00e9j\u00e0 abonn\u00e9 ? <\/strong><a data-trkartmonet=\"Identification\" data-trk-sipa=\"{\" blockcategory=\"\" paywall=\"\" href=\"http:\/\/www.ouest-france.fr\/login?redirect=https:\/\/www.ouest-france.fr\/societe\/justice\/cetait-une-situation-horrible-ce-temoin-joue-un-role-cle-dans-ce-proces-pour-viol-a-rennes-9d956340-a234-11f1-bba4-fb5ac80a227f\" rel=\"nofollow noopener\" title=\"Se connecter \u00e0 Ouest-France\" class=\"su-link-light\" target=\"_blank\">Connectez-vous<\/a><\/p>\n<p style=\"text-align: center; padding-top: 15px; padding-bottom: 8px; vertical-align: bottom;\">bloqu\u00e9<strong> Pour lire la suite, abonnez-vous<\/strong><\/p>\n<p style=\"text-align: center;\"><strong>1er mois \u00e0 1\u20ac<\/strong><\/p>\n<p style=\"text-align: center; margin-top: -5px;\">Annulable \u00e0 tout moment<\/p>\n<p style=\"text-align: center;\">\u00a0<\/p>\n<p style=\"text-align: center;\"><a data-ida=\"\" data-trkartmonet=\"Tunnel OF+\" data-trk-sipa=\"{&#010;\" blockcategory=\"\" paywall=\"\" :=\"\" m=\"\" of=\"\" class=\"su-button su-subscription\" data-trk-bloc=\"paywall\" href=\"https:\/\/abonnement.ouest-france.fr\/tunnel\/pack-essentiel-article\/122096117101?int_medium=lien&amp;int_campaign=PWFR0225-OF&amp;int_content=page-article-payant_boutonjaune-paywall&amp;marquesource=OF&amp;rt=https:\/\/www.ouest-france.fr\/societe\/justice\/cetait-une-situation-horrible-ce-temoin-joue-un-role-cle-dans-ce-proces-pour-viol-a-rennes-9d956340-a234-11f1-bba4-fb5ac80a227f\" rel=\"nofollow noopener\" target=\"_blank\"><strong>Je m&rsquo;abonne<\/strong><\/a><\/p>\n<p style=\"text-align: center; padding-top: 10px; padding-bottom: 10px;\"><img decoding=\"async\" src=\"https:\/\/media.ouest-france.fr\/v1\/fonts\/be7723fcee3f1866f1ce99184077fc6f-carte-bancaire.svg?height=36\" alt=\"CB\"\/>\u00a0\u00a0<img decoding=\"async\" src=\"https:\/\/media.ouest-france.fr\/v1\/fonts\/1819d54c599d8afa64539cfba4ac9dde-rib.svg?height=36\" alt=\"RIB\"\/>\u00a0\u00a0<img decoding=\"async\" src=\"https:\/\/media.ouest-france.fr\/v1\/fonts\/065fc80d7b6a03d14a834c224ce723e1-paypal.svg?height=36\" alt=\"PAYPAL\"\/><\/p>\n","protected":false},"excerpt":{"rendered":"Article premium, R\u00e9serv\u00e9 aux\u00a0abonn\u00e9s Ces jeudi\u00a027 et vendredi 28\u00a0ao\u00fbt 2026, un homme est jug\u00e9 par la cour criminelle&hellip;\n","protected":false},"author":2,"featured_media":1152609,"comment_status":"","ping_status":"","sticky":false,"template":"","format":"standard","meta":{"footnotes":"","_share_on_mastodon":"0"},"categories":[2821],"tags":[1111,11,829,1777,674,118,1011,27,848,303,12,584,25,104,1265,48217],"class_list":["post-1152608","post","type-post","status-publish","format-standard","has-post-thumbnail","category-rennes","tag-actu","tag-actualites","tag-bretagne","tag-eu","tag-europe","tag-faits-divers","tag-fr","tag-france","tag-ille-et-vilaine","tag-justice","tag-news","tag-rennes","tag-republique-francaise","tag-societe","tag-viol","tag-violence-sexuelle"],"share_on_mastodon":{"url":"https:\/\/pubeurope.com\/@fr\/117169202160655063","error":""},"_links":{"self":[{"href":"https:\/\/www.europesays.com\/fr\/wp-json\/wp\/v2\/posts\/1152608","targetHints":{"allow":["GET"]}}],"collection":[{"href":"https:\/\/www.europesays.com\/fr\/wp-json\/wp\/v2\/posts"}],"about":[{"href":"https:\/\/www.europesays.com\/fr\/wp-json\/wp\/v2\/types\/post"}],"author":[{"embeddable":true,"href":"https:\/\/www.europesays.com\/fr\/wp-json\/wp\/v2\/users\/2"}],"replies":[{"embeddable":true,"href":"https:\/\/www.europesays.com\/fr\/wp-json\/wp\/v2\/comments?post=1152608"}],"version-history":[{"count":0,"href":"https:\/\/www.europesays.com\/fr\/wp-json\/wp\/v2\/posts\/1152608\/revisions"}],"wp:featuredmedia":[{"embeddable":true,"href":"https:\/\/www.europesays.com\/fr\/wp-json\/wp\/v2\/media\/1152609"}],"wp:attachment":[{"href":"https:\/\/www.europesays.com\/fr\/wp-json\/wp\/v2\/media?parent=1152608"}],"wp:term":[{"taxonomy":"category","embeddable":true,"href":"https:\/\/www.europesays.com\/fr\/wp-json\/wp\/v2\/categories?post=1152608"},{"taxonomy":"post_tag","embeddable":true,"href":"https:\/\/www.europesays.com\/fr\/wp-json\/wp\/v2\/tags?post=1152608"}],"curies":[{"name":"wp","href":"https:\/\/api.w.org\/{rel}","templated":true}]}}