{"id":1152610,"date":"2026-08-27T19:47:30","date_gmt":"2026-08-27T19:47:30","guid":{"rendered":"https:\/\/www.europesays.com\/fr\/1152610\/"},"modified":"2026-08-27T19:47:30","modified_gmt":"2026-08-27T19:47:30","slug":"metro-a-6h-arret-a-la-demande-les-nouveautes-du-transport-urbain-pour-la-rentree-a-rennes","status":"publish","type":"post","link":"https:\/\/www.europesays.com\/fr\/1152610\/","title":{"rendered":"M\u00e9tro \u00e0 6h, arr\u00eat \u00e0 la demande\u2026 Les nouveaut\u00e9s du transport urbain pour la rentr\u00e9e \u00e0 Rennes"},"content":{"rendered":"<p>La m\u00e9tropole de Rennes vient d\u2019annoncer les nouveaut\u00e9s du r\u00e9seau de transport urbain pour la rentr\u00e9e 2026-2027. Voici les changements.<\/p>\n<p>56,2\u00a0km par habitant<\/p>\n<p>Apr\u00e8s cet \u00e9t\u00e9 caniculaire qui a marqu\u00e9 les esprits et les corps, Nathalie App\u00e9r\u00e9, pr\u00e9sidente de Rennes m\u00e9tropole et maire de la Ville, le r\u00e9p\u00e8te, nous sommes confort\u00e9s dans notre strat\u00e9gie de d\u00e9carbonation &#8230;<\/p>\n<p>\u00a0<\/p>\n","protected":false},"excerpt":{"rendered":"La m\u00e9tropole de Rennes vient d\u2019annoncer les nouveaut\u00e9s du r\u00e9seau de transport urbain pour la rentr\u00e9e 2026-2027. Voici&hellip;\n","protected":false},"author":2,"featured_media":1152611,"comment_status":"","ping_status":"","sticky":false,"template":"","format":"standard","meta":{"footnotes":"","_share_on_mastodon":"0"},"categories":[2821],"tags":[117747,1111,11,16433,829,7650,1777,674,1011,27,4047,12,8219,584,28313,25,2803,4889],"class_list":["post-1152610","post","type-post","status-publish","format-standard","has-post-thumbnail","category-rennes","tag-6h","tag-actu","tag-actualites","tag-arret","tag-bretagne","tag-demande","tag-eu","tag-europe","tag-fr","tag-france","tag-metro","tag-news","tag-nouveautes","tag-rennes","tag-rentree","tag-republique-francaise","tag-transport","tag-urbain"],"share_on_mastodon":{"url":"https:\/\/pubeurope.com\/@fr\/117169202549372235","error":""},"_links":{"self":[{"href":"https:\/\/www.europesays.com\/fr\/wp-json\/wp\/v2\/posts\/1152610","targetHints":{"allow":["GET"]}}],"collection":[{"href":"https:\/\/www.europesays.com\/fr\/wp-json\/wp\/v2\/posts"}],"about":[{"href":"https:\/\/www.europesays.com\/fr\/wp-json\/wp\/v2\/types\/post"}],"author":[{"embeddable":true,"href":"https:\/\/www.europesays.com\/fr\/wp-json\/wp\/v2\/users\/2"}],"replies":[{"embeddable":true,"href":"https:\/\/www.europesays.com\/fr\/wp-json\/wp\/v2\/comments?post=1152610"}],"version-history":[{"count":0,"href":"https:\/\/www.europesays.com\/fr\/wp-json\/wp\/v2\/posts\/1152610\/revisions"}],"wp:featuredmedia":[{"embeddable":true,"href":"https:\/\/www.europesays.com\/fr\/wp-json\/wp\/v2\/media\/1152611"}],"wp:attachment":[{"href":"https:\/\/www.europesays.com\/fr\/wp-json\/wp\/v2\/media?parent=1152610"}],"wp:term":[{"taxonomy":"category","embeddable":true,"href":"https:\/\/www.europesays.com\/fr\/wp-json\/wp\/v2\/categories?post=1152610"},{"taxonomy":"post_tag","embeddable":true,"href":"https:\/\/www.europesays.com\/fr\/wp-json\/wp\/v2\/tags?post=1152610"}],"curies":[{"name":"wp","href":"https:\/\/api.w.org\/{rel}","templated":true}]}}