{"id":1152689,"date":"2026-08-27T20:38:20","date_gmt":"2026-08-27T20:38:20","guid":{"rendered":"https:\/\/www.europesays.com\/fr\/1152689\/"},"modified":"2026-08-27T20:38:20","modified_gmt":"2026-08-27T20:38:20","slug":"il-y-aura-une-mobilisation-si-le-concert-est-maintenu-les-voix-selevent-contre-le-concert-de-patrick-bruel-a-larena-futuroscope","status":"publish","type":"post","link":"https:\/\/www.europesays.com\/fr\/1152689\/","title":{"rendered":"\u00ab\u00a0Il y aura une mobilisation si le concert est maintenu\u00a0\u00bb : les voix s\u2019\u00e9l\u00e8vent contre le concert de Patrick Bruel \u00e0 l\u2019Arena Futuroscope"},"content":{"rendered":"<p>Jeudi 27\u00a0ao\u00fbt 2026, c\u2019est au tour du collectif Nous Toutes Grand Poitiers de r\u00e9clamer \u00ab\u00a0l\u2019annulation imm\u00e9diate\u00a0\u00bb du concert de Patrick Bruel pr\u00e9vu \u00e0 l\u2019Arena Futuroscope le 13\u00a0novembre prochain. \u00ab\u00a0On ne peut pas afficher une pr\u00e9tendue solidarit\u00e9 avec les victimes de violences sexistes et sexuelles tout en d\u00e9roulant le tapis rouge \u00e0 leurs agresseurs potentiels\u00a0\u00bb, motive l\u2019organisation f\u00e9ministe, dans <a target=\"_blank\" href=\"https:\/\/www.change.org\/p\/annuler-la-venue-de-patrick-bruel-%C3%A0-l-arena-du-futuroscope-%C3%A0-poitiers?recruiter=1427808868&amp;recruited_by_id=aa66dc40-a205-11f1-afd3-831792d5ee51&amp;utm_source=share_petition&amp;utm_campaign=starter_onboarding_share_personal&amp;utm_medium=copylink&amp;share_id=R4f5YncXcx\" rel=\"nofollow noopener\">une p\u00e9tition mise en ligne<\/a> sur Change.org.<\/p>\n<p>Le chanteur est vis\u00e9 par <a target=\"_blank\" href=\"https:\/\/www.lanouvellerepublique.fr\/a-la-une\/patrick-bruel-vise-par-une-nouvelle-plainte-pour-tentative-de-viol-1787130504\" rel=\"nofollow noopener\">au moins trente et une plaintes pour viol<\/a>, tentatives de viol, agression sexuelle ou harc\u00e8lement sexuel, mis en examen dans quatre dossiers de violences sexuelles et plac\u00e9 sous le statut de t\u00e9moin assist\u00e9 dans quatre autres. Il r\u00e9fute ces all\u00e9gations.<\/p>\n<p>\u00ab Les gens qui ont pris leur billet doivent entrer en r\u00e9flexion \u00bb<\/p>\n<p>Chasseneuil-du-Poitou compte parmi la trentaine de villes o\u00f9 doit se produire l\u2019artiste \u00e0 l\u2019automne, pour c\u00e9l\u00e9brer les 35\u00a0ans de son album Alors regarde.<\/p>\n<p name=\"citation\" class=\"BlockCitation_citation__j4IP6 \">\u00c0 titre personnel, je ne souhaite pas que Patrick Bruel vienne \u00e0 l\u2019Arena Futuroscope. La pr\u00e9somption d\u2019innocence est importante, voire essentielle. Mais face au nombre de plaintes, le sujet est grave&#8230;. <\/p>\n<p>    Cet article a \u00e9t\u00e9 tronqu\u00e9. Abonnez-vous pour lire l&rsquo;article complet sur notre site.<\/p>\n<p style=\"margin: 0 !important; padding: 0 !important; font-size: 12px !important;\">Cet article a \u00e9t\u00e9 tronqu\u00e9. Abonnez-vous pour lire l&rsquo;article complet.<\/p>\n<p>    <a href=\"https:\/\/www.lanouvellerepublique.fr\/abonnements\" style=\"display: inline-block; margin-top: 5px !important; padding: 6px 12px !important; background: #cb1c27; color: white; text-decoration: none; border-radius: 4px; font-size: 12px !important;\" rel=\"nofollow noopener\" target=\"_blank\"><br \/>\n      S&rsquo;abonner<br \/>\n    <\/a><\/p>\n","protected":false},"excerpt":{"rendered":"Jeudi 27\u00a0ao\u00fbt 2026, c\u2019est au tour du collectif Nous Toutes Grand Poitiers de r\u00e9clamer \u00ab\u00a0l\u2019annulation imm\u00e9diate\u00a0\u00bb du concert&hellip;\n","protected":false},"author":2,"featured_media":1152690,"comment_status":"","ping_status":"","sticky":false,"template":"","format":"standard","meta":{"footnotes":"","_share_on_mastodon":"0"},"categories":[1355],"tags":[1392,4156,58,59,274,1011,27,42182,303,1393,1361,873,1653,316,1584,797],"class_list":["post-1152689","post","type-post","status-publish","format-standard","has-post-thumbnail","category-musique","tag-a-la-une-local","tag-concerts","tag-divertissement","tag-entertainment","tag-faits-divers-justice","tag-fr","tag-france","tag-grand-poitiers","tag-justice","tag-loisirs","tag-music","tag-musique","tag-poitiers","tag-politique","tag-vienne","tag-violences-faites-aux-femmes"],"share_on_mastodon":{"url":"https:\/\/pubeurope.com\/@fr\/117169402996742594","error":""},"_links":{"self":[{"href":"https:\/\/www.europesays.com\/fr\/wp-json\/wp\/v2\/posts\/1152689","targetHints":{"allow":["GET"]}}],"collection":[{"href":"https:\/\/www.europesays.com\/fr\/wp-json\/wp\/v2\/posts"}],"about":[{"href":"https:\/\/www.europesays.com\/fr\/wp-json\/wp\/v2\/types\/post"}],"author":[{"embeddable":true,"href":"https:\/\/www.europesays.com\/fr\/wp-json\/wp\/v2\/users\/2"}],"replies":[{"embeddable":true,"href":"https:\/\/www.europesays.com\/fr\/wp-json\/wp\/v2\/comments?post=1152689"}],"version-history":[{"count":0,"href":"https:\/\/www.europesays.com\/fr\/wp-json\/wp\/v2\/posts\/1152689\/revisions"}],"wp:featuredmedia":[{"embeddable":true,"href":"https:\/\/www.europesays.com\/fr\/wp-json\/wp\/v2\/media\/1152690"}],"wp:attachment":[{"href":"https:\/\/www.europesays.com\/fr\/wp-json\/wp\/v2\/media?parent=1152689"}],"wp:term":[{"taxonomy":"category","embeddable":true,"href":"https:\/\/www.europesays.com\/fr\/wp-json\/wp\/v2\/categories?post=1152689"},{"taxonomy":"post_tag","embeddable":true,"href":"https:\/\/www.europesays.com\/fr\/wp-json\/wp\/v2\/tags?post=1152689"}],"curies":[{"name":"wp","href":"https:\/\/api.w.org\/{rel}","templated":true}]}}