{"id":115269,"date":"2025-05-20T21:21:14","date_gmt":"2025-05-20T21:21:14","guid":{"rendered":"https:\/\/www.europesays.com\/fr\/115269\/"},"modified":"2025-05-20T21:21:14","modified_gmt":"2025-05-20T21:21:14","slug":"elite-2-olivier-rostang-lensemble-du-club-a-une-dynamique-positive-depuis-quelques-annees-deja-rugby-a-xiii","status":"publish","type":"post","link":"https:\/\/www.europesays.com\/fr\/115269\/","title":{"rendered":"Elite 2 &#8211; Olivier Rostang : \u00ab\u00a0L\u2019ensemble du club \u00e0 une dynamique positive depuis quelques ann\u00e9es d\u00e9j\u00e0\u00a0\u00bb &#8211; Rugby \u00e0 XIII"},"content":{"rendered":"<p style=\"text-align: justify;\"><strong>Olivier Rostang, entra\u00eeneur de Carpentras, fait un bilan de la saison de son \u00e9quipe et plus particuli\u00e8rement un \u00e9tat des lieux de son club.<\/strong><\/p>\n<blockquote>\n<p style=\"text-align: justify;\">La saison sportive s\u2019est termin\u00e9e pour le RCCC XIII ce dimanche 8 mai sur la pelouse de Palau en demi-finale apr\u00e8s une rencontre marqu\u00e9e par un niveau d\u2019engagement physique \u00e9lev\u00e9 o\u00f9 jusqu\u2019\u00e0 15 minutes du terme, nous avions encore le score.<\/p>\n<p style=\"text-align: justify;\">Mais, comme trop souvent cette saison, des fautes aussi inutiles que stupides, permettent \u00e0 notre adversaire de nous rejoindre au tableau d\u2019affichage apr\u00e8s chacun de nos temps forts et finalement lui offrir les occasions de nous punir. Ce qu\u2019il r\u00e9alisa avec une maturit\u00e9 sup\u00e9rieure \u00e0 la n\u00f4tre, celle-l\u00e0 m\u00eame qui nous manque pour franchir certains paliers et jouer des finales.<\/p>\n<p style=\"text-align: justify;\">Notre moyenne d\u2019\u00e2ge proche d\u00e8s 22 ans est sans doute l\u2019une des raisons plausibles de notre rang actuel, l\u2019avenir dira si nous en avons pris conscience.<\/p>\n<p style=\"text-align: justify;\">Je f\u00e9licite Palau pour leur victoire, qui apr\u00e8s leur place au classement, est autant logique que justifi\u00e9e lors de leur prestation de ce week-end. Bonne chance \u00e0 eux comme \u00e0 leur adversaire pour la finale et que le meilleur gagne.<\/p>\n<p style=\"text-align: justify;\">Au niveau du bilan sportif, c\u2019est la deuxi\u00e8me demi-finale en deux ans pour un club qui a pris un virage \u00ab\u00a0diff\u00e9rent\u00a0\u00bb. La performance sur le terrain est associ\u00e9e aux comportements respectables, avec l\u2019int\u00e9gration de jeunes issus de notre formation mais aussi la r\u00e9cup\u00e9ration d\u2019autres jeunes qui n\u2019ont pas eu l\u2019\u00e9cho ou la reconnaissance esp\u00e9r\u00e9e dans leur club d\u2019origine. Encadr\u00e9s par quelques \u00ab\u00a0exp\u00e9riment\u00e9s\u00a0\u00bb, l\u2019\u00e9quipe progresse et avec 13 victoires sur 21 rencontres toutes comp\u00e9titions confondues cette ann\u00e9e, la Roseraie a retrouv\u00e9 un public fid\u00e8le et un spectacle avec du d\u00e9fi physique et un jeu ouvert.<\/p>\n<p style=\"text-align: justify;\">L\u2019ensemble du club a une dynamique positive depuis quelques ann\u00e9es d\u00e9j\u00e0 puisqu\u2019il pr\u00e9sente toutes les cat\u00e9gories de premiers pas \u00e0 U15, puis en association en U17 et U19. L\u2019avenir passe par l\u00e0 pour Carpentras XIII, qui est aujourd\u2019hui encore un club formateur mais qui esp\u00e8re avoir les moyens de retenir un jour les minots les plus prometteurs et leur permettre d\u2019\u00e9voluer en Super XIII.<\/p>\n<p style=\"text-align: justify;\">Je remercie l\u2019ensemble des acteurs du club de cette saison positive, les dirigeants, joueurs, entra\u00eeneurs, \u00e9ducateurs et b\u00e9n\u00e9voles ainsi que nos partenaires, la municipalit\u00e9 et tous ceux que j\u2019omets de citer et qui nous ont aid\u00e9 tout au long de l\u2019ann\u00e9e. En esp\u00e9rant une saison sportive encore meilleure d\u00e8s l\u2019automne 2025, merci \u00e0 tous !<\/p>\n<\/blockquote>\n<p><strong>Treize Mondial<br \/><a href=\"https:\/\/www.facebook.com\/13Mondial\" target=\"_blank\" rel=\"noopener\"><img loading=\"lazy\" decoding=\"async\" class=\"alignnone wp-image-217097\" src=\"https:\/\/www.europesays.com\/fr\/wp-content\/uploads\/2025\/04\/logo-facebook.png\" alt=\"\" width=\"40\" height=\"40\"  \/><\/a> <a href=\"https:\/\/twitter.com\/XIIIMondial\" target=\"_blank\" rel=\"noopener\"><img loading=\"lazy\" decoding=\"async\" class=\"alignnone wp-image-217098\" src=\"https:\/\/www.europesays.com\/fr\/wp-content\/uploads\/2025\/04\/logo-twitter.png\" alt=\"\" width=\"39\" height=\"39\"  \/><\/a><\/strong><\/p>\n<p>        <script async src=\"https:\/\/platform.twitter.com\/widgets.js\" charset=\"utf-8\"><\/script><\/p>\n","protected":false},"excerpt":{"rendered":"Olivier Rostang, entra\u00eeneur de Carpentras, fait un bilan de la saison de son \u00e9quipe et plus particuli\u00e8rement un&hellip;\n","protected":false},"author":2,"featured_media":115270,"comment_status":"","ping_status":"","sticky":false,"template":"","format":"standard","meta":{"footnotes":""},"categories":[1416],"tags":[23542,7944,1011,27,23543,479,2228,1468,2229,60],"class_list":{"0":"post-115269","1":"post","2":"type-post","3":"status-publish","4":"format-standard","5":"has-post-thumbnail","7":"category-rugby","8":"tag-carpentras","9":"tag-elite-2","10":"tag-fr","11":"tag-france","12":"tag-olivier-rostang","13":"tag-rugby","14":"tag-rugby-a-xiii","15":"tag-rugby-football","16":"tag-rugby-league","17":"tag-sports"},"share_on_mastodon":{"url":"https:\/\/pubeurope.com\/@fr\/114542260313322171","error":""},"_links":{"self":[{"href":"https:\/\/www.europesays.com\/fr\/wp-json\/wp\/v2\/posts\/115269","targetHints":{"allow":["GET"]}}],"collection":[{"href":"https:\/\/www.europesays.com\/fr\/wp-json\/wp\/v2\/posts"}],"about":[{"href":"https:\/\/www.europesays.com\/fr\/wp-json\/wp\/v2\/types\/post"}],"author":[{"embeddable":true,"href":"https:\/\/www.europesays.com\/fr\/wp-json\/wp\/v2\/users\/2"}],"replies":[{"embeddable":true,"href":"https:\/\/www.europesays.com\/fr\/wp-json\/wp\/v2\/comments?post=115269"}],"version-history":[{"count":0,"href":"https:\/\/www.europesays.com\/fr\/wp-json\/wp\/v2\/posts\/115269\/revisions"}],"wp:featuredmedia":[{"embeddable":true,"href":"https:\/\/www.europesays.com\/fr\/wp-json\/wp\/v2\/media\/115270"}],"wp:attachment":[{"href":"https:\/\/www.europesays.com\/fr\/wp-json\/wp\/v2\/media?parent=115269"}],"wp:term":[{"taxonomy":"category","embeddable":true,"href":"https:\/\/www.europesays.com\/fr\/wp-json\/wp\/v2\/categories?post=115269"},{"taxonomy":"post_tag","embeddable":true,"href":"https:\/\/www.europesays.com\/fr\/wp-json\/wp\/v2\/tags?post=115269"}],"curies":[{"name":"wp","href":"https:\/\/api.w.org\/{rel}","templated":true}]}}