{"id":115273,"date":"2025-05-20T21:24:10","date_gmt":"2025-05-20T21:24:10","guid":{"rendered":"https:\/\/www.europesays.com\/fr\/115273\/"},"modified":"2025-05-20T21:24:10","modified_gmt":"2025-05-20T21:24:10","slug":"m-marquez-peut-il-battre-le-record-de-podiums-de-rossi","status":"publish","type":"post","link":"https:\/\/www.europesays.com\/fr\/115273\/","title":{"rendered":"M.M\u00e1rquez peut-il battre le record de podiums de Rossi\u00a0?"},"content":{"rendered":"<p>115, c&rsquo;est le nombre de podiums MotoGP\u2122 obtenus par Marc M\u00e1rquez (Ducati Lenovo Team) gr\u00e2ce \u00e0 sa deuxi\u00e8me place au Michelin\u00ae Grand Prix de France historique que l&rsquo;on vient de vivre.<\/p>\n<p>C&rsquo;est le quatri\u00e8me podium en GP de la saison pour le n\u00b093 et sans doute le plus important \u00e0 ce jour. Alors que ses rivaux Alex M\u00e1rquez (BK8 Gresini Racing MotoGP\u2122) et Francesco Bagnaia (Ducati Lenovo Team) n&rsquo;ont pas marqu\u00e9 le moindre point au Mans, le n\u00b093 a pris 22 longueurs d&rsquo;avance dans la course au titre avant de se rendre \u00e0 Silverstone.<\/p>\n<p>Il y avait davantage \u00e0 c\u00e9l\u00e9brer avec ce podium. En effet, le sextuple Champion du Monde MotoGP\u2122 a d\u00e9pass\u00e9 Jorge Lorenzo et grimpe en deuxi\u00e8me position au classement des pilotes comptant le plus de top 3 en dans l&rsquo;\u00e9lite. Le total de 199 de Valentino Rossi reste encore tr\u00e8s loin, alors Marc M\u00e1rquez peut-il un jour aller chercher le record de son grand rival ?<\/p>\n<p>Bien entendu, l&rsquo;avenir nous le dira. En attendant, pourquoi ne pas revivre GRATUITEMENT quelques-uns des podiums les plus marquants du n\u00b093 de ces derni\u00e8res ann\u00e9es ? Inscris-toi pour profiter de <a href=\"https:\/\/subscribe.motogp.com\/fr\/subscribe?utm_source=link&amp;utm_medium=advertorial&amp;utm_campaign=videopass&amp;utm_content=_ft\" rel=\"nofollow noopener\" target=\"_blank\">notre ESSAI GRATUIT<\/a> du VideoPass ainsi que d&rsquo;une petite s\u00e9lection de podiums du pilote Ducati que nous avons choisis avant d&#8217;embarquer pour Silverstone.<\/p>\n<p>GP du Qatar 2013GP d&rsquo;Autriche 2019<\/p>\n","protected":false},"excerpt":{"rendered":"115, c&rsquo;est le nombre de podiums MotoGP\u2122 obtenus par Marc M\u00e1rquez (Ducati Lenovo Team) gr\u00e2ce \u00e0 sa deuxi\u00e8me&hellip;\n","protected":false},"author":2,"featured_media":115274,"comment_status":"","ping_status":"","sticky":false,"template":"","format":"standard","meta":{"footnotes":""},"categories":[1413],"tags":[1011,27,1457,1456,60,2032],"class_list":{"0":"post-115273","1":"post","2":"type-post","3":"status-publish","4":"format-standard","5":"has-post-thumbnail","7":"category-moto","8":"tag-fr","9":"tag-france","10":"tag-moto","11":"tag-motocycle","12":"tag-sports","13":"tag-text"},"share_on_mastodon":{"url":"https:\/\/pubeurope.com\/@fr\/114542271788002062","error":""},"_links":{"self":[{"href":"https:\/\/www.europesays.com\/fr\/wp-json\/wp\/v2\/posts\/115273","targetHints":{"allow":["GET"]}}],"collection":[{"href":"https:\/\/www.europesays.com\/fr\/wp-json\/wp\/v2\/posts"}],"about":[{"href":"https:\/\/www.europesays.com\/fr\/wp-json\/wp\/v2\/types\/post"}],"author":[{"embeddable":true,"href":"https:\/\/www.europesays.com\/fr\/wp-json\/wp\/v2\/users\/2"}],"replies":[{"embeddable":true,"href":"https:\/\/www.europesays.com\/fr\/wp-json\/wp\/v2\/comments?post=115273"}],"version-history":[{"count":0,"href":"https:\/\/www.europesays.com\/fr\/wp-json\/wp\/v2\/posts\/115273\/revisions"}],"wp:featuredmedia":[{"embeddable":true,"href":"https:\/\/www.europesays.com\/fr\/wp-json\/wp\/v2\/media\/115274"}],"wp:attachment":[{"href":"https:\/\/www.europesays.com\/fr\/wp-json\/wp\/v2\/media?parent=115273"}],"wp:term":[{"taxonomy":"category","embeddable":true,"href":"https:\/\/www.europesays.com\/fr\/wp-json\/wp\/v2\/categories?post=115273"},{"taxonomy":"post_tag","embeddable":true,"href":"https:\/\/www.europesays.com\/fr\/wp-json\/wp\/v2\/tags?post=115273"}],"curies":[{"name":"wp","href":"https:\/\/api.w.org\/{rel}","templated":true}]}}