{"id":1152730,"date":"2026-08-27T21:05:24","date_gmt":"2026-08-27T21:05:24","guid":{"rendered":"https:\/\/www.europesays.com\/fr\/1152730\/"},"modified":"2026-08-27T21:05:24","modified_gmt":"2026-08-27T21:05:24","slug":"on-est-dans-lincertitude-totale-a-une-semaine-de-la-rentree-en-bretagne-langoisse-monte-pour-ces-enseignants","status":"publish","type":"post","link":"https:\/\/www.europesays.com\/fr\/1152730\/","title":{"rendered":"\u00ab\u00a0On est dans l\u2019incertitude totale\u00a0\u00bb\u00a0: \u00e0 une semaine de la rentr\u00e9e en Bretagne, l\u2019angoisse monte pour ces enseignants"},"content":{"rendered":"<p>La rentr\u00e9e, c\u2019est dans moins d\u2019une semaine, mais elle est toujours synonyme d\u2019incertitude pour certains enseignants de l\u2019Acad\u00e9mie de Rennes. C\u2019est le cas, notamment, des 29 laur\u00e9ats inscrits sur la liste compl\u00e9mentaire du concours de recrutement de professeurs des \u00e9coles (CRPE).<\/p>\n<p>\u00ab\u00a0Cette situation devient difficile \u00e0 vivre\u00a0\u00bb<\/p>\n<p>Pas encore officiellement consid\u00e9r\u00e9s comme instituteurs, ils ne figurent pas parmi les 115 re\u00e7us sur la liste principale du concours. \u00ab\u00a0Mais chaque ann\u00e9e, le Rectorat \u00e9tablit une liste compl\u00e9mentaire, qui fait office de liste d\u2019attente. Or, depuis quatre ans, l\u2019int\u00e9gralit\u00e9 des personnes sur cette liste est appel\u00e9e car les besoins sont l\u00e0\u00a0\u00bb, explique l\u2019un d\u2019eux.<\/p>\n<p>Or, si quatre candidats ont \u00e9t\u00e9 appel\u00e9s rapidement apr\u00e8s la promulgation des r\u00e9sultats, le 10 juin, les autres sont, depuis, sans nouvelle du Rectorat. \u00ab\u00a0Nous nous sommes mobilis\u00e9s devant le Rectorat le 1er juillet, mais n\u2019avons pas \u00e9t\u00e9 re\u00e7us\u00a0\u00bb, regrette ce m\u00eame enseignant en attente d\u2019affectation. \u00ab\u00a0Nous sommes dans l\u2019incertitude totale. Cette situation devient difficile \u00e0 vivre. Certains ont des familles et doivent s\u2019organiser, d\u2019autres devront trouver un logement en urgence en cas d\u2019appel.\u00a0\u00bb<\/p>\n<p>Une liste pour \u00ab\u00a0remplacer les d\u00e9missionnaires\u00a0\u00bb<\/p>\n<p>Le Rectorat confirme avoir \u00ab\u00a0fait appel \u00e0 tous les inscrits sur cette liste lors des quatre derni\u00e8res ann\u00e9es\u00a0\u00bb. Mais ne promet pas qu\u2019elle le fera encore en cette rentr\u00e9e 2026-2027. \u00ab\u00a0Nous sollicitons les enseignants sur cette liste pour remplacer des d\u00e9missionnaires, tout d\u00e9pendra de leur nombre\u00a0\u00bb.<\/p>\n<p>L\u2019Acad\u00e9mie de Rennes a la possibilit\u00e9 de faire appel aux enseignants de cette liste d\u2019attente jusqu\u2019au 30 septembre. \u00ab\u00a0Apr\u00e8s, il sera trop tard, nous devrons repasser l\u2019int\u00e9gralit\u00e9 du concours et nous retrouverons sans emploi\u00a0\u00bb. Pour le Rectorat, il sera alors toujours possible de faire appel \u00e0 des enseignants en CDD pour compl\u00e9ter les effectifs. Les admis sur la liste compl\u00e9mentaire du CRPE ont, eux, pr\u00e9vu de se mobiliser \u00e0 nouveau devant le Rectorat dans les prochains jours.<\/p>\n","protected":false},"excerpt":{"rendered":"La rentr\u00e9e, c\u2019est dans moins d\u2019une semaine, mais elle est toujours synonyme d\u2019incertitude pour certains enseignants de l\u2019Acad\u00e9mie&hellip;\n","protected":false},"author":2,"featured_media":1152731,"comment_status":"","ping_status":"","sticky":false,"template":"","format":"standard","meta":{"footnotes":"","_share_on_mastodon":"0"},"categories":[2821],"tags":[1111,11,829,108933,9614,1777,674,1011,27,848,12,584,25],"class_list":["post-1152730","post","type-post","status-publish","format-standard","has-post-thumbnail","category-rennes","tag-actu","tag-actualites","tag-bretagne","tag-education-et-orientation","tag-enseignement","tag-eu","tag-europe","tag-fr","tag-france","tag-ille-et-vilaine","tag-news","tag-rennes","tag-republique-francaise"],"share_on_mastodon":{"url":"","error":""},"_links":{"self":[{"href":"https:\/\/www.europesays.com\/fr\/wp-json\/wp\/v2\/posts\/1152730","targetHints":{"allow":["GET"]}}],"collection":[{"href":"https:\/\/www.europesays.com\/fr\/wp-json\/wp\/v2\/posts"}],"about":[{"href":"https:\/\/www.europesays.com\/fr\/wp-json\/wp\/v2\/types\/post"}],"author":[{"embeddable":true,"href":"https:\/\/www.europesays.com\/fr\/wp-json\/wp\/v2\/users\/2"}],"replies":[{"embeddable":true,"href":"https:\/\/www.europesays.com\/fr\/wp-json\/wp\/v2\/comments?post=1152730"}],"version-history":[{"count":0,"href":"https:\/\/www.europesays.com\/fr\/wp-json\/wp\/v2\/posts\/1152730\/revisions"}],"wp:featuredmedia":[{"embeddable":true,"href":"https:\/\/www.europesays.com\/fr\/wp-json\/wp\/v2\/media\/1152731"}],"wp:attachment":[{"href":"https:\/\/www.europesays.com\/fr\/wp-json\/wp\/v2\/media?parent=1152730"}],"wp:term":[{"taxonomy":"category","embeddable":true,"href":"https:\/\/www.europesays.com\/fr\/wp-json\/wp\/v2\/categories?post=1152730"},{"taxonomy":"post_tag","embeddable":true,"href":"https:\/\/www.europesays.com\/fr\/wp-json\/wp\/v2\/tags?post=1152730"}],"curies":[{"name":"wp","href":"https:\/\/api.w.org\/{rel}","templated":true}]}}