{"id":1152758,"date":"2026-08-27T21:26:38","date_gmt":"2026-08-27T21:26:38","guid":{"rendered":"https:\/\/www.europesays.com\/fr\/1152758\/"},"modified":"2026-08-27T21:26:38","modified_gmt":"2026-08-27T21:26:38","slug":"le-centre-commercial-grand-littoral-pare-les-lettres-marseille-pour-feter-ses-30-ans","status":"publish","type":"post","link":"https:\/\/www.europesays.com\/fr\/1152758\/","title":{"rendered":"Le centre commercial Grand Littoral pare les lettres \u00ab\u00a0Marseille\u00a0\u00bb pour f\u00eater ses 30\u00a0ans"},"content":{"rendered":"<p>Les d\u00e9sormais fameuses lettres \u00ab\u00a0Marseille\u00a0\u00bb suscitent le questionnement depuis lundi. Blanches depuis leur installation il y a dix ans, \u00e0 la mani\u00e8re de celles de Hollywood, elles ont \u00e9t\u00e9 red\u00e9cor\u00e9es ces derniers jours de pastilles amovibles vertes et orange.<\/p>\n<p>\u00c0 l\u2019origine de cette ornementation\u00a0: le centre commercial <a href=\"https:\/\/www.laprovence.com\/article\/societe\/1420087061125914\/a-marseille-les-agents-de-securite-de-grand-littoral-denoncent-intimidations-et-repression-syndicale\" target=\"_self\" rel=\"nofollow noopener\">Grand Littoral<\/a> situ\u00e9 \u00e0 proximit\u00e9 de ces lettres de 13,70 m\u00e8tres de haut, visibles \u00e0 des kilom\u00e8tres \u00e0 la ronde. \u00ab\u00a0On a voulu susciter un effet waouh \u00e0 l\u2019occasion des trente ans du magasin, explique le directeur du centre commercial, Fran\u00e7ois de Bonni\u00e8res. On retrouve cet aspect festif \u00e0 l\u2019int\u00e9rieur de Grand Littoral o\u00f9 l\u2019on a install\u00e9 des grosses bulles color\u00e9es.\u00a0\u00bb<\/p>\n<p>Lors de <a href=\"https:\/\/www.laprovence.com\/article\/region\/1006242701606915\/le-30-octobre-1996-le-grand-littoral-le-plus-grand-centre-commercial-de-france-ouvrait-ses-portes\" target=\"_self\" rel=\"nofollow noopener\">son ouverture en\u00a01996<\/a>, ce centre commercial de 130\u00a0000\u00a0m\u00b2 \u00e9tait le plus grand de France. Cette inauguration \u00ab\u00a0m\u00e9ga, giga, hyper\u00a0!\u00a0\u00bb, \u00e9crivait-on dans Le Proven\u00e7al \u00e0 l\u2019\u00e9poque, avait attir\u00e9 30\u00a0000 Marseillais. Ils \u00e9taient ravis de pouvoir choisir notamment entre \u00ab\u00a0300 diff\u00e9rents fromages\u00a0\u00bb.<\/p>\n<p>Depuis, Grand Littoral a connu des hauts et des bas mais est actuellement sur une \u00ab\u00a0tr\u00e8s bonne tendance\u00a0\u00bb, assure Fran\u00e7ois de Bonni\u00e8res.<\/p>\n<p>TEDI, Royal Buffet et Popeyes arrivent<\/p>\n<p>Durant tout le mois de septembre, le centre commercial &#8211; \u00e0 la vue imprenable sur la M\u00e9diterran\u00e9e &#8211; f\u00eatera son anniversaire avec des jeux, des animations et des lots \u00e0 gagner, dont une voiture.<\/p>\n<p>Septembre marquera \u00e9galement l\u2019arriv\u00e9e de trois enseignes. TEDI, d\u00e9crit par le directeur comme le \u00ab\u00a0Primark allemand\u00a0\u00bb vendra des produits discount non alimentaires. Royal Buffet va ouvrir le \u00ab\u00a0plus grand restaurant de Marseille\u00a0\u00bb\u00a0: sur 1\u00a0800\u00a0m\u00b2, l\u2019enseigne proposera une large s\u00e9lection de plats de cuisine du monde midi et soir, 7 jours sur 7. La cha\u00eene de poulet frit Popeyes Louisiana Chicken va \u00e9galement s\u2019installer dans le centre commercial.<\/p>\n<p>\u00ab\u00a0Depuis deux ans, je constate une app\u00e9tence des<a href=\"https:\/\/www.laprovence.com\/article\/region\/12473163569657\/buffet-geant-a-grand-littoral-action-fin-mars-a-bourse-ca-bouge-dans-les-centres-commerciaux-marseillais\" target=\"_self\" rel=\"nofollow noopener\"> d\u00e9veloppeurs d\u2019enseigne<\/a> pour Grand Littoral\u00a0\u00bb, remarque le directeur. En\u00a02025, 25 nouvelles enseignes y avaient ouvert leurs portes. Il faut dire que la grande surface Carrefour et sa zone commerciale, facilement accessibles depuis l\u2019autoroute, attirent \u00ab\u00a010\u00a0millions de visiteurs par an\u00a0\u00bb.<\/p>\n<p>Quant aux <a href=\"https:\/\/www.laprovence.com\/article\/societe\/1420087061125914\/a-marseille-les-agents-de-securite-de-grand-littoral-denoncent-intimidations-et-repression-syndicale\" target=\"_self\" rel=\"nofollow noopener\">lettres Marseille<\/a>, elles sont install\u00e9es sur le parc Foresta, qui fait partie de la zone d\u2019am\u00e9nagement concert\u00e9 (ZAC) Grand Littoral. Elles avaient \u00e9t\u00e9 mises en place dans le cadre de la promotion de la s\u00e9rie Netflix Marseille.<\/p>\n<p>Destin\u00e9es \u00e0 \u00eatre \u00f4t\u00e9es au bout de deux mois, elles ont finalement \u00e9t\u00e9 conserv\u00e9es et sont devenues un visage familier \u00e0 l\u2019entr\u00e9e de la ville. Leurs petits pois, eux aussi install\u00e9s \u00e0 des fins promotionnelles, devraient en revanche dispara\u00eetre en octobre.<\/p>\n","protected":false},"excerpt":{"rendered":"Les d\u00e9sormais fameuses lettres \u00ab\u00a0Marseille\u00a0\u00bb suscitent le questionnement depuis lundi. Blanches depuis leur installation il y a dix&hellip;\n","protected":false},"author":2,"featured_media":1152759,"comment_status":"","ping_status":"","sticky":false,"template":"","format":"standard","meta":{"footnotes":"","_share_on_mastodon":"0"},"categories":[2814],"tags":[5734,34024,1111,11,3335,744,1777,674,1011,27,2515,3135,884,12,471,882,25,2407,104],"class_list":["post-1152758","post","type-post","status-publish","format-standard","has-post-thumbnail","category-marseille","tag-5734","tag-30-ans","tag-actu","tag-actualites","tag-centre","tag-commercial","tag-eu","tag-europe","tag-fr","tag-france","tag-grand","tag-littoral","tag-marseille","tag-news","tag-pour","tag-provence-alpes-cote-dazur","tag-republique-francaise","tag-ses","tag-societe"],"share_on_mastodon":{"url":"https:\/\/pubeurope.com\/@fr\/117169591861001658","error":""},"_links":{"self":[{"href":"https:\/\/www.europesays.com\/fr\/wp-json\/wp\/v2\/posts\/1152758","targetHints":{"allow":["GET"]}}],"collection":[{"href":"https:\/\/www.europesays.com\/fr\/wp-json\/wp\/v2\/posts"}],"about":[{"href":"https:\/\/www.europesays.com\/fr\/wp-json\/wp\/v2\/types\/post"}],"author":[{"embeddable":true,"href":"https:\/\/www.europesays.com\/fr\/wp-json\/wp\/v2\/users\/2"}],"replies":[{"embeddable":true,"href":"https:\/\/www.europesays.com\/fr\/wp-json\/wp\/v2\/comments?post=1152758"}],"version-history":[{"count":0,"href":"https:\/\/www.europesays.com\/fr\/wp-json\/wp\/v2\/posts\/1152758\/revisions"}],"wp:featuredmedia":[{"embeddable":true,"href":"https:\/\/www.europesays.com\/fr\/wp-json\/wp\/v2\/media\/1152759"}],"wp:attachment":[{"href":"https:\/\/www.europesays.com\/fr\/wp-json\/wp\/v2\/media?parent=1152758"}],"wp:term":[{"taxonomy":"category","embeddable":true,"href":"https:\/\/www.europesays.com\/fr\/wp-json\/wp\/v2\/categories?post=1152758"},{"taxonomy":"post_tag","embeddable":true,"href":"https:\/\/www.europesays.com\/fr\/wp-json\/wp\/v2\/tags?post=1152758"}],"curies":[{"name":"wp","href":"https:\/\/api.w.org\/{rel}","templated":true}]}}