{"id":1152788,"date":"2026-08-27T21:44:17","date_gmt":"2026-08-27T21:44:17","guid":{"rendered":"https:\/\/www.europesays.com\/fr\/1152788\/"},"modified":"2026-08-27T21:44:17","modified_gmt":"2026-08-27T21:44:17","slug":"bientot-une-attaque-russe-contre-lun-des-pays-de-lotan-voici-la-reponse-des-services-de-renseignement-europeens","status":"publish","type":"post","link":"https:\/\/www.europesays.com\/fr\/1152788\/","title":{"rendered":"Bient\u00f4t une attaque russe contre l&rsquo;un des pays de l&rsquo;Otan? Voici la r\u00e9ponse des services de renseignement europ\u00e9ens"},"content":{"rendered":"<p class=\"ap-StoryElement ap-StoryElement--mb ap-StoryText\">\u00ab\u00a0Concernant d&rsquo;\u00e9ventuelles menaces contre des membres europ\u00e9ens de l&rsquo;Otan, nous ne voyons rien qui indiquerait que quelque chose serait en pr\u00e9paration actuellement\u00a0\u00bb, a-t-elle ajout\u00e9.<\/p>\n<p class=\"ap-StoryElement ap-StoryElement--mb ap-StoryText\">Mais la responsable a aussi d\u00e9clar\u00e9 qu&rsquo;il n&rsquo;y avait aucun doute sur le fait <a href=\"https:\/\/www.dhnet.be\/actualite\/personne\/vladimir-poutine\/\" target=\"_self\" rel=\"nofollow noopener\">que la Russie<\/a> essayait \u00ab\u00a0activement de cr\u00e9er des difficult\u00e9s pour nos pays\u00a0\u00bb, l&rsquo;Union europ\u00e9enne soutenant fermement l&rsquo;Ukraine depuis l&rsquo;invasion russe en 2022.<\/p>\n<p><a href=\"https:\/\/www.dhnet.be\/actu\/monde\/2026\/08\/27\/la-raison-du-mysterieux-et-inhabituel-voyage-du-patron-de-la-cia-a-moscou-RKSSO5OXOFAKZB2LF6KLBSWI2Q\/\" target=\"_self\" class=\"ap-StoryInterstitialLink ap-StoryElement ap-StoryElement--mb\" rel=\"nofollow noopener\">La raison derri\u00e8re le myst\u00e9rieux et inhabituel voyage du patron de la CIA \u00e0 Moscou<\/a><\/p>\n<p class=\"ap-StoryElement ap-StoryElement--mb ap-StoryText\">\u00ab\u00a0L&rsquo;escalade de la part de la Russie est clairement l\u00e0\u00a0\u00bb, a-t-elle soulign\u00e9.<\/p>\n<p class=\"ap-StoryElement ap-StoryElement--mb ap-StoryText\">L&rsquo;UE d\u00e9nonce depuis longtemps ce qu&rsquo;elle consid\u00e8re comme une \u00ab\u00a0guerre hybride\u00a0\u00bb men\u00e9e par la Russie.<\/p>\n<p class=\"ap-StoryElement ap-StoryElement--mb ap-StoryText\">Elle a imput\u00e9 \u00e0 Moscou une liste toujours plus longue d&rsquo;incidents, allant d&rsquo;incursions de drones et de cyberattaques \u00e0 la d\u00e9sinformation et aux ing\u00e9rences politiques, les \u00c9tats membres orientaux \u00e9tant les plus expos\u00e9s.<\/p>\n<p class=\"ap-StoryElement ap-StoryElement--mb ap-StoryText\">\u00ab\u00a0Ce que nous voyons, ce sont ces attaques hybrides, puis un peu moins hybrides, qui se poursuivent, et nous partons du principe qu&rsquo;elles continueront\u00a0\u00bb, a d\u00e9clar\u00e9 la responsable.<\/p>\n<p class=\"ap-StoryElement ap-StoryElement--mb ap-StoryText\"><a href=\"https:\/\/www.dhnet.be\/actualite\/personne\/vladimir-poutine\/\" target=\"_self\" rel=\"nofollow noopener\"> Le Kremlin<\/a> a qualifi\u00e9 jeudi d'\u00a0\u00bbhistoires alarmistes\u00a0\u00bb les informations parues dans la presse am\u00e9ricaine selon lesquelles le directeur de la CIA s&rsquo;est rendu \u00e0 Moscou cette semaine pour dissuader la Russie d&rsquo;attaquer l&rsquo;Otan, les jugeant d\u00e9nu\u00e9es de tout lien \u00ab\u00a0avec la r\u00e9alit\u00e9\u00a0\u00bb.<\/p>\n","protected":false},"excerpt":{"rendered":"\u00ab\u00a0Concernant d&rsquo;\u00e9ventuelles menaces contre des membres europ\u00e9ens de l&rsquo;Otan, nous ne voyons rien qui indiquerait que quelque chose&hellip;\n","protected":false},"author":2,"featured_media":1152789,"comment_status":"","ping_status":"","sticky":false,"template":"","format":"standard","meta":{"footnotes":"","_share_on_mastodon":"0"},"categories":[1586],"tags":[11,2120,1777,674,1779,1011,27,1146,12,136,25,132,1778,220,364],"class_list":["post-1152788","post","type-post","status-publish","format-standard","has-post-thumbnail","category-europe","tag-actualites","tag-conflit","tag-eu","tag-europe","tag-european-union","tag-fr","tag-france","tag-guerre","tag-news","tag-otan","tag-republique-francaise","tag-russie","tag-ue","tag-ukraine","tag-union-europeenne"],"share_on_mastodon":{"url":"https:\/\/pubeurope.com\/@fr\/117169662621299691","error":""},"_links":{"self":[{"href":"https:\/\/www.europesays.com\/fr\/wp-json\/wp\/v2\/posts\/1152788","targetHints":{"allow":["GET"]}}],"collection":[{"href":"https:\/\/www.europesays.com\/fr\/wp-json\/wp\/v2\/posts"}],"about":[{"href":"https:\/\/www.europesays.com\/fr\/wp-json\/wp\/v2\/types\/post"}],"author":[{"embeddable":true,"href":"https:\/\/www.europesays.com\/fr\/wp-json\/wp\/v2\/users\/2"}],"replies":[{"embeddable":true,"href":"https:\/\/www.europesays.com\/fr\/wp-json\/wp\/v2\/comments?post=1152788"}],"version-history":[{"count":0,"href":"https:\/\/www.europesays.com\/fr\/wp-json\/wp\/v2\/posts\/1152788\/revisions"}],"wp:featuredmedia":[{"embeddable":true,"href":"https:\/\/www.europesays.com\/fr\/wp-json\/wp\/v2\/media\/1152789"}],"wp:attachment":[{"href":"https:\/\/www.europesays.com\/fr\/wp-json\/wp\/v2\/media?parent=1152788"}],"wp:term":[{"taxonomy":"category","embeddable":true,"href":"https:\/\/www.europesays.com\/fr\/wp-json\/wp\/v2\/categories?post=1152788"},{"taxonomy":"post_tag","embeddable":true,"href":"https:\/\/www.europesays.com\/fr\/wp-json\/wp\/v2\/tags?post=1152788"}],"curies":[{"name":"wp","href":"https:\/\/api.w.org\/{rel}","templated":true}]}}