{"id":115279,"date":"2025-05-20T21:27:08","date_gmt":"2025-05-20T21:27:08","guid":{"rendered":"https:\/\/www.europesays.com\/fr\/115279\/"},"modified":"2025-05-20T21:27:08","modified_gmt":"2025-05-20T21:27:08","slug":"maghnes-akliouche-se-verrait-bien-evoluer-au-psg","status":"publish","type":"post","link":"https:\/\/www.europesays.com\/fr\/115279\/","title":{"rendered":"Maghnes Akliouche se verrait bien \u00e9voluer au PSG"},"content":{"rendered":"<p>Sous contrat jusqu\u2019en 2028 avec l\u2019AS Monaco, Maghnes<br \/>\nAkliouche se verrait bien rejoindre le PSG la saison prochaine.<br \/>\nMais le club parisien temporise pour l\u2019instant.<\/p>\n<p>Alors que le <strong>PSG<\/strong> peut marquer son histoire dans<br \/>\ncette derni\u00e8re ligne droite de la saison 2024-2025, la direction<br \/>\nparisienne travaille d\u00e9j\u00e0 sur l\u2019effectif du prochain exercice. Et<br \/>\ndepuis plusieurs mois, un nom est r\u00e9guli\u00e8rement associ\u00e9 aux Rouge &amp;<br \/>\nBleu pour renforcer le secteur offensif : <strong>Maghnes<br \/>\nAkliouche<\/strong>. Encore sous contrat jusqu\u2019en 2028 avec<br \/>\n<strong><a href=\"https:\/\/canal-supporters.com\/mercato-monaco-fixe-le-prix-pour-maghnes-akliouche\/\" title=\"\" target=\"_blank\" rel=\"noopener\">l\u2019AS Monaco<\/a><\/strong>, l\u2019international Espoirs fran\u00e7ais<br \/>\na un bon de sortie pour cet \u00e9t\u00e9, comme l\u2019a expliqu\u00e9 le directeur<br \/>\ng\u00e9n\u00e9ral de <strong>l\u2019ASM<\/strong>, <strong>Thiago Scuro<\/strong>,<br \/>\nen conf\u00e9rence de presse ce lundi : \u00ab\u00a0J\u2019ai bien s\u00fbr entendu<br \/>\nparler de l\u2019int\u00e9r\u00eat de clubs le concernant.<br \/>\n<strong>Maghnes<\/strong> a \u00e9t\u00e9 l\u2019un des meilleurs joueurs de<br \/>\nl\u2019\u00e9quipe cette saison, et il est \u00e9vident qu\u2019il est le prochain<br \/>\ncandidat au d\u00e9part. Mais <strong>Monaco<\/strong> est aussi un club<br \/>\nfort, avec une r\u00e9putation. Pour lui, nous avons des attentes. Les<br \/>\nclubs qui sont en capacit\u00e9 de le signer ne sont pas nombreux. Un<br \/>\nd\u00e9part ou le voir rester une saison de plus, les deux situations<br \/>\npeuvent arriver. Il faudra qu\u2019il soit tr\u00e8s intelligent dans ses<br \/>\nd\u00e9cisions. Il a besoin d\u2019aller dans un endroit o\u00f9 le style de jeu<br \/>\nlui convient, o\u00f9 l\u2019entra\u00eeneur et le club lui font vraiment<br \/>\nconfiance\u2026 Il faut qu\u2019il ait le m\u00eame respect qu\u2019il a ici, \u00e0<br \/>\n<strong>Monaco<\/strong>, pour devenir international en<br \/>\n<strong>\u00e9quipe de France<\/strong>.\u00a0\u00bb<\/p>\n<p>Le PSG ne veut<br \/>\npas d\u00e9passer les 50M\u20ac pour l\u2019instant<\/p>\n<p>Et alors qu\u2019il a r\u00e9cemment chang\u00e9 de repr\u00e9sentant (<strong>HCM<br \/>\nSports Management<\/strong>), le polyvalent attaquant de 23 ans<br \/>\naurait d\u00e9j\u00e0 une id\u00e9e en t\u00eate pour son futur. En effet, comme le<br \/>\nrapporte <strong><a href=\"https:\/\/www.lequipe.fr\/Football\/Article\/Mercato-maghnes-akliouche-qui-pourrait-quitter-monaco-cet-ete-se-verrait-bien-au-psg-mais-le-transfert-est-loin-d-etre-fait\/1563348\" target=\"_blank\" rel=\"noopener\" title=\"\">L\u2019Equipe<\/a><\/strong>,<br \/>\n<strong>Maghnes Akliouche<\/strong> verrait son avenir au<br \/>\n<strong>PSG<\/strong>. Le contact avec les champions de France n\u2019a<br \/>\njamais rompu. <strong>Luis Campos<\/strong> a notamment \u00e9chang\u00e9 avec<br \/>\nle Fran\u00e7ais sur son changement d\u2019agent. \u00ab\u00a0Dans l\u2019intimit\u00e9<br \/>\ndu vestiaire, l\u2019ailier n\u2019a cess\u00e9, ces derni\u00e8res semaines, de<br \/>\nr\u00e9p\u00e9ter qu\u2019il se verrait bien \u00e9voluer \u00e0 <strong>Paris<\/strong> la<br \/>\nsaison prochaine.\u00a0\u00bb Cependant, les discussions n\u2019avancent<br \/>\npas. En effet, le club de la capitale n\u2019est pas pr\u00eat \u00e0 faire des<br \/>\nfolies pour signer le Mon\u00e9gasque, surtout face \u00e0 la somme demand\u00e9e<br \/>\npar le club du Rocher (80M\u20ac il y a quelques semaines, plus proche<br \/>\ndes 60M\u20ac aujourd\u2019hui). Un prix jug\u00e9 trop \u00e9lev\u00e9 par le board<br \/>\nparisien, qui ne souhaite pas d\u00e9passer les 50M\u20ac pour l\u2019instant. Ces<br \/>\nderniers jours, <strong><a href=\"https:\/\/canal-supporters.com\/luis-campos-toujours-en-negocations-avec-le-psg\/\" title=\"\" target=\"_blank\" rel=\"noopener\">Luis Campos<\/a><\/strong> r\u00e9p\u00e9tait \u00e0 ses interlocuteurs<br \/>\nqu\u2019il ne d\u00e9sirait pas empiler les joueurs pour la saison prochaine,<br \/>\npr\u00e9cise <strong>L\u2019E<\/strong>.<\/p>\n<p>Pour sa feuille de route du mercato estival 2025, la direction<br \/>\ndes Rouge &amp; Bleu a un plan bien \u00e9tabli en t\u00eate. \u00ab\u00a0Avec<br \/>\n<strong>Luis Enrique<\/strong>, le projet est clair\u00a0: faire un<br \/>\nd\u00e9fenseur central droitier et polyvalent, avant de g\u00e9rer les<br \/>\nretours de pr\u00eats, les d\u00e9parts potentiels et ensuite voir s\u2019il y a<br \/>\nun besoin de recrutement. Mais rien n\u2019avancera avant la finale de<br \/>\n<strong>Ligue des champions<\/strong>, tout est l\u2019arr\u00eat en attendant<br \/>\nce moment\u00a0\u00bb, explique-t-on en interne. Ainsi, le cas de<br \/>\n<strong>Lee Kang-In<\/strong> sera \u00e0 suivre, lui qui \u00e9volue dans le<br \/>\nm\u00eame registre que l\u2019international Espoirs fran\u00e7ais. Si le<br \/>\n<strong>PSG<\/strong> venait \u00e0 ne pas conclure ce dossier, d\u2019autres<br \/>\nclubs europ\u00e9ens gardent un oeil sur le natif de<br \/>\n<strong>Tremblay-en-France<\/strong>. Un temps int\u00e9ress\u00e9,<br \/>\n<strong>Manchester City<\/strong> se dirige vers d\u2019autres pistes.<br \/>\n<strong>Liverpool<\/strong> demande de la patiente tandis que<br \/>\n<strong>Tottenham<\/strong> vient \u00e0 peine d\u2019entrer dans les<br \/>\ndiscussions. Seul <strong>Nottingham Forest<\/strong> s\u2019est montr\u00e9<br \/>\npr\u00eat \u00e0 avancer concr\u00e8tement, conclut le quotidien sportif.<\/p>\n<blockquote class=\"twitter-tweet\">\n<p lang=\"fr\" dir=\"ltr\">\ud83d\udea8\ud83d\udea8 Dans l\u2019intimit\u00e9 du vestiaire, Maghnes<br \/>\nAkliouche ne cesse de r\u00e9p\u00e9ter qu\u2019il se verrait bien JOUER au PSG la<br \/>\nsaison prochaine !<br \/>Mais les discussions n\u2019avancent pas.<\/p>\n<p>1) Paris ne veut pas payer +50M\u20ac, l\u2019ASM demande 60M\u20ac<\/p>\n<p>2) Campos ne veut pas empiler les joueurs<\/p>\n<p>[L\u2019\u00c9quipe] <a href=\"https:\/\/t.co\/vmR53RWVNj\">pic.twitter.com\/vmR53RWVNj<\/a><\/p>\n<p>\u2014 Canal Supporters (@CanalSupporters) <a href=\"https:\/\/twitter.com\/CanalSupporters\/status\/1924860204409106803?ref_src=twsrc%5Etfw\" target=\"_blank\" rel=\"noopener\"><br \/>\nMay 20, 2025<\/a><\/p><\/blockquote>\n<p>Youtube :<br \/>\n<strong><a href=\"https:\/\/www.youtube.com\/@CanalSupportersParis\" target=\"_blank\" rel=\"noopener\" title=\"\">Canal Supporters<br \/>\nParis<\/a><\/strong><\/p>\n<p><script async src=\"https:\/\/platform.twitter.com\/widgets.js\" charset=\"utf-8\"><\/script><\/p>\n","protected":false},"excerpt":{"rendered":"Sous contrat jusqu\u2019en 2028 avec l\u2019AS Monaco, Maghnes Akliouche se verrait bien rejoindre le PSG la saison prochaine.&hellip;\n","protected":false},"author":2,"featured_media":115280,"comment_status":"","ping_status":"","sticky":false,"template":"","format":"standard","meta":{"footnotes":""},"categories":[1410],"tags":[23547,2266,23548,81,787,63,1011,27,5049,11484,23549,1435,91,92,93,60,23550,96],"class_list":{"0":"post-115279","1":"post","2":"type-post","3":"status-publish","4":"format-standard","5":"has-post-thumbnail","7":"category-football","8":"tag-akliouche-psg","9":"tag-as-monaco","10":"tag-attaque-psg","11":"tag-canal-supporters","12":"tag-cs","13":"tag-football","14":"tag-fr","15":"tag-france","16":"tag-lee-kang-in","17":"tag-luis-campos","18":"tag-maghnes-akliouche","19":"tag-mercato-psg","20":"tag-paris-saint-germain","21":"tag-paris-sg","22":"tag-psg","23":"tag-sports","24":"tag-thiago-scuro","25":"tag-une"},"share_on_mastodon":{"url":"https:\/\/pubeurope.com\/@fr\/114542283626554192","error":""},"_links":{"self":[{"href":"https:\/\/www.europesays.com\/fr\/wp-json\/wp\/v2\/posts\/115279","targetHints":{"allow":["GET"]}}],"collection":[{"href":"https:\/\/www.europesays.com\/fr\/wp-json\/wp\/v2\/posts"}],"about":[{"href":"https:\/\/www.europesays.com\/fr\/wp-json\/wp\/v2\/types\/post"}],"author":[{"embeddable":true,"href":"https:\/\/www.europesays.com\/fr\/wp-json\/wp\/v2\/users\/2"}],"replies":[{"embeddable":true,"href":"https:\/\/www.europesays.com\/fr\/wp-json\/wp\/v2\/comments?post=115279"}],"version-history":[{"count":0,"href":"https:\/\/www.europesays.com\/fr\/wp-json\/wp\/v2\/posts\/115279\/revisions"}],"wp:featuredmedia":[{"embeddable":true,"href":"https:\/\/www.europesays.com\/fr\/wp-json\/wp\/v2\/media\/115280"}],"wp:attachment":[{"href":"https:\/\/www.europesays.com\/fr\/wp-json\/wp\/v2\/media?parent=115279"}],"wp:term":[{"taxonomy":"category","embeddable":true,"href":"https:\/\/www.europesays.com\/fr\/wp-json\/wp\/v2\/categories?post=115279"},{"taxonomy":"post_tag","embeddable":true,"href":"https:\/\/www.europesays.com\/fr\/wp-json\/wp\/v2\/tags?post=115279"}],"curies":[{"name":"wp","href":"https:\/\/api.w.org\/{rel}","templated":true}]}}