{"id":1152833,"date":"2026-08-27T22:15:32","date_gmt":"2026-08-27T22:15:32","guid":{"rendered":"https:\/\/www.europesays.com\/fr\/1152833\/"},"modified":"2026-08-27T22:15:32","modified_gmt":"2026-08-27T22:15:32","slug":"ce-lycee-est-un-lieu-dapprentissage-mais-aussi-un-lieu-ou-on-grandit-un-lieu-de-vie-a-pontivy-jerome-levet-est-le-nouveau-directeur-de-jeanne-darc-saint-ivy","status":"publish","type":"post","link":"https:\/\/www.europesays.com\/fr\/1152833\/","title":{"rendered":"\u00ab\u00a0Ce lyc\u00e9e est un lieu d\u2019apprentissage mais aussi un lieu o\u00f9 on grandit, un lieu de vie \u00bb : \u00e0 Pontivy, J\u00e9r\u00f4me Levet est le nouveau directeur de Jeanne-d\u2019Arc-Saint-Ivy"},"content":{"rendered":"<p>Plus de 1\u00a0485 \u00e9l\u00e8ves &#8211; 900 en lyc\u00e9e g\u00e9n\u00e9ral et technologique\u00a0; 585 en lyc\u00e9e professionnel &#8211; vont faire leur rentr\u00e9e au lyc\u00e9e Jeanne-d\u2019Arc-Saint-Ivy cette ann\u00e9e 2026. \u00ab\u00a0Des effectifs stables. Mais nous notons une tr\u00e8s bonne rentr\u00e9e en seconde, 10\u00a0% sup\u00e9rieure \u00e0 l\u2019ann\u00e9e derni\u00e8re\u00a0\u00bb, souligne J\u00e9r\u00f4me Levet, le nouveau directeur de l\u2019\u00e9tablissement priv\u00e9 pontivyen.<\/p>\n<p>Natif de Saint-\u00c9tienne, \u00e2g\u00e9 de 55 ans, J\u00e9r\u00f4me Levet prend, avec la direction de Jeanne-d\u2019Arc-Saint-Ivy, son premier poste de chef d\u2019\u00e9tablissement. Il \u00e9tait auparavant directeur de campus et de centre de formation pour adultes \u00e0 Saint-\u00c9tienne (Loire). Ce \u00ab\u00a0tr\u00e8s grand\u00a0\u00bb fan de football &#8211; supporter des Verts, \u00e9videmment &#8211; a \u00e9t\u00e9 enseignant en BTS g\u00e9nie culinaire dans un lyc\u00e9e h\u00f4telier priv\u00e9 de Lyon pendant quatre ans. \u00ab\u00a0Mais j\u2019ai commenc\u00e9 par la formation pour adultes\u00a0\u00bb, explique-t-il.<\/p>\n<p>\u00ab\u00a0R\u00e9ussir ensemble\u00a0\u00bb<\/p>\n<p>Ici, \u00ab\u00a0je d\u00e9couvre tout, l\u2019\u00e9tablissement, la ville, la r\u00e9gion\u00a0\u00bb, confie J\u00e9r\u00f4me Levet. Une r\u00e9gion, la Bretagne, o\u00f9 son \u00e9pouse et lui avaient form\u00e9 \u00ab\u00a0le projet de venir s\u2019installer\u00a0\u00bb. \u00c0 Jeanne-d\u2019Arc-Saint-Ivy, le nouveau chef d\u2019\u00e9tablissement prend la suite de Gilles Huellou, parti \u00e0 la retraite, et entend \u00ab\u00a0s\u2019inscrire dans la continuit\u00e9. J\u2019arrive ici avec un profond respect des gens qui font vivre l\u2019institution &#8211; personnels Ogec, enseignants, \u00e9l\u00e8ves et familles\u00a0\u00bb.<\/p>\n<p>J\u00e9r\u00f4me Levet mettra tout en \u0153uvre pour \u00ab\u00a0s\u2019assurer que la promesse qui est faite &#8211; \u00ab\u00a0r\u00e9ussir ensemble\u00a0\u00bb &#8211; soit tenue\u00a0\u00bb. Pour y arriver, \u00ab\u00a0il faut faire confiance, donner confiance, accompagner en confiance\u00a0\u00bb, d\u00e9fend le nouveau chef d\u2019\u00e9tablissement.<\/p>\n<p>Lieu d\u2019apprentissage et lieu de vie<\/p>\n<p>Avec pour boussole, \u00ab\u00a0le projet sur deux ans de <a href=\"https:\/\/www.letelegramme.fr\/morbihan\/vannes-56000\/le-morbihan-peut-inspirer-tout-le-pays-les-chefs-detablissement-de-lenseignement-catholique-ont-fait-leur-pre-rentree-a-vannes-7105006.php\" target=\"_blank\" rel=\"nofollow noopener\">l\u2019enseignement catholique<\/a> autour de la relation \u00e9ducative\u00a0\u00bb, J\u00e9r\u00f4me Levet entend que son \u00e9tablissement soit \u00ab\u00a0en capacit\u00e9 d\u2019accompagner les plus fragiles, permettre \u00e0 tous de se d\u00e9ployer et d\u2019atteindre la meilleure version d\u2019eux-m\u00eames, et permettre \u00e0 celui qui est tr\u00e8s bon de devenir excellent\u00a0\u00bb.<\/p>\n<p>Dans son agenda est d\u00e9j\u00e0 not\u00e9e la <a href=\"https:\/\/www.letelegramme.fr\/morbihan\/pontivy-56300\/une-vraie-tradition-dans-ce-lycee-de-pontivy-un-faux-mariage-est-celebre-chaque-annee-depuis-1963-en-images-6935866.php\" target=\"_blank\" rel=\"nofollow noopener\">Sainte-Catherine<\/a> &#8211; grand d\u00e9fil\u00e9 costum\u00e9 et faux mariage c\u00e9l\u00e9br\u00e9 chaque ann\u00e9e par les \u00e9l\u00e8ves de Jeanne-d\u2019Arc-Saint-Ivy &#8211; 2026. \u00ab\u00a0Ce lyc\u00e9e est un lieu d\u2019apprentissage mais aussi un lieu o\u00f9 on grandit, un lieu de vie. C\u2019est fondamental\u00a0\u00bb.<\/p>\n","protected":false},"excerpt":{"rendered":"Plus de 1\u00a0485 \u00e9l\u00e8ves &#8211; 900 en lyc\u00e9e g\u00e9n\u00e9ral et technologique\u00a0; 585 en lyc\u00e9e professionnel &#8211; vont faire&hellip;\n","protected":false},"author":2,"featured_media":1152834,"comment_status":"","ping_status":"","sticky":false,"template":"","format":"standard","meta":{"footnotes":"","_share_on_mastodon":"0"},"categories":[9653],"tags":[1111,11,2430,9614,1777,674,1011,27,12,6099,116407,25,4001],"class_list":["post-1152833","post","type-post","status-publish","format-standard","has-post-thumbnail","category-saint-etienne","tag-actu","tag-actualites","tag-auvergne-rhone-alpes","tag-enseignement","tag-eu","tag-europe","tag-fr","tag-france","tag-news","tag-pontivy","tag-rentree-scolaire-2026","tag-republique-francaise","tag-saint-etienne"],"share_on_mastodon":{"url":"https:\/\/pubeurope.com\/@fr\/117169784420830070","error":""},"_links":{"self":[{"href":"https:\/\/www.europesays.com\/fr\/wp-json\/wp\/v2\/posts\/1152833","targetHints":{"allow":["GET"]}}],"collection":[{"href":"https:\/\/www.europesays.com\/fr\/wp-json\/wp\/v2\/posts"}],"about":[{"href":"https:\/\/www.europesays.com\/fr\/wp-json\/wp\/v2\/types\/post"}],"author":[{"embeddable":true,"href":"https:\/\/www.europesays.com\/fr\/wp-json\/wp\/v2\/users\/2"}],"replies":[{"embeddable":true,"href":"https:\/\/www.europesays.com\/fr\/wp-json\/wp\/v2\/comments?post=1152833"}],"version-history":[{"count":0,"href":"https:\/\/www.europesays.com\/fr\/wp-json\/wp\/v2\/posts\/1152833\/revisions"}],"wp:featuredmedia":[{"embeddable":true,"href":"https:\/\/www.europesays.com\/fr\/wp-json\/wp\/v2\/media\/1152834"}],"wp:attachment":[{"href":"https:\/\/www.europesays.com\/fr\/wp-json\/wp\/v2\/media?parent=1152833"}],"wp:term":[{"taxonomy":"category","embeddable":true,"href":"https:\/\/www.europesays.com\/fr\/wp-json\/wp\/v2\/categories?post=1152833"},{"taxonomy":"post_tag","embeddable":true,"href":"https:\/\/www.europesays.com\/fr\/wp-json\/wp\/v2\/tags?post=1152833"}],"curies":[{"name":"wp","href":"https:\/\/api.w.org\/{rel}","templated":true}]}}