{"id":1152848,"date":"2026-08-27T22:28:34","date_gmt":"2026-08-27T22:28:34","guid":{"rendered":"https:\/\/www.europesays.com\/fr\/1152848\/"},"modified":"2026-08-27T22:28:34","modified_gmt":"2026-08-27T22:28:34","slug":"etudiants-timon-et-lelia-ont-cree-des-evenements-caritatifs-en-isere-cetait-une-evidence-pour-nous","status":"publish","type":"post","link":"https:\/\/www.europesays.com\/fr\/1152848\/","title":{"rendered":"\u00c9tudiants, Timon et L\u00e9lia ont cr\u00e9\u00e9 des \u00e9v\u00e9nements caritatifs en Is\u00e8re : \u00ab\u00a0C&rsquo;\u00e9tait une \u00e9vidence pour nous\u00a0\u00bb"},"content":{"rendered":"<p>                    Par<br \/>\n        <strong><br \/>\n            <a href=\"https:\/\/actu.fr\/auteur\/lisa-rodrigues\" title=\"Consulter tous les articles de Lisa Rodrigues\" rel=\"nofollow noopener\" target=\"_blank\">Lisa Rodrigues<\/a><br \/>\n                    <\/strong><\/p>\n<p>        Publi\u00e9 le<\/p>\n<p>            27 ao\u00fbt 2026 \u00e0 17h03        <\/p>\n<p>En plus de leurs \u00e9tudes \u00e0 <a href=\"https:\/\/actu.fr\/auvergne-rhone-alpes\/grenoble_38185\" rel=\"nofollow noopener\" target=\"_blank\">Grenoble<\/a>, Timon Dupin, 19 ans, et sa s\u0153ur L\u00e9lia Dupin, 21 ans, ne ch\u00f4ment pas. Malgr\u00e9 leur jeune \u00e2ge, ils s\u2019engagent depuis des ann\u00e9es dans des \u00e9v\u00e9nements et associations venant en aide aux plus d\u00e9munis ou valorisant la solidarit\u00e9.\u00a0<\/p>\n<p class=\" wall-content\">Les deux jeunes gens, originaires de <a href=\"https:\/\/actu.fr\/auvergne-rhone-alpes\/la-tour-du-pin_38509\" rel=\"nofollow noopener\" target=\"_blank\">La Tour-du-Pin<\/a>, sont ainsi connus du milieu associatif local : Timon donne de son temps aux Restos du C\u0153ur depuis qu\u2019il est adolescent et L\u00e9lia fait profiter de ses talents de pianiste aux personnes \u00e2g\u00e9es dans l\u2019h\u00f4pital du coin.\u00a0<\/p>\n<p>1 500 \u20ac r\u00e9colt\u00e9s en un concert<\/p>\n<p class=\" wall-content\">R\u00e9cemment, le fr\u00e8re et la s\u0153ur ont pass\u00e9 un cap et lanc\u00e9 leur propre association, \u00ab\u00a0Un \u00e9v\u00e9nement pour tous\u00a0\u00bb, aid\u00e9s par le dispositif Coup de pouce jeunes Is\u00e8re port\u00e9 par la CAF et le D\u00e9partement. Le but affich\u00e9 est <strong>d\u2019organiser des \u00e9v\u00e9nements culturels en faveur d\u2019autres associations solidaires<\/strong>.<\/p>\n<p class=\" wall-content\">Ils ont d\u00e9j\u00e0 organis\u00e9 en juin un concert \u00e0 la bougie dans leur ville d\u2019origine au profit des <a href=\"https:\/\/actu.fr\/auvergne-rhone-alpes\/l-isle-d-abeau_38193\/isere-les-restos-du-coeur-secoues-par-des-vols-dans-cette-commune-le-president-reagit_63544969.html\" rel=\"nofollow noopener\" target=\"_blank\">Restos du C\u0153ur<\/a> : 250 personnes se sont d\u00e9plac\u00e9es et 1 500 \u20ac ont \u00e9t\u00e9 revers\u00e9s \u00e0 l\u2019association pour racheter un frigo pour les distributions alimentaires.<\/p>\n<p><a class=\"jo-module-caroussel__img-container\" href=\"https:\/\/static.actu.fr\/uploads\/2026\/08\/concert-bougies-la-tour-du-pin-isere.jpeg\" title=\"Agrandir la photo Timon et L\u00e9lia Dupin ont d\u00e9j\u00e0 organis\u00e9 un premier concert \u00e0 la bougie, avec L\u00e9lia au piano et une amie au violon. Un succ\u00e8s avec 250 spectateurs. (\u00a9 Document remis \u00e0 actu Grenoble \/ Joseph Berardi - Un \u00e9v\u00e9nement pour tous)\" data-idx=\"1\" rel=\"nofollow noopener\" target=\"_blank\"><br \/>\n    <img decoding=\"async\" class=\"jo-module-caroussel__img\" loading=\"lazy\" src=\"https:\/\/www.europesays.com\/fr\/wp-content\/uploads\/2026\/08\/concert-bougies-la-tour-du-pin-isere-640x427.jpeg\" alt=\"Timon et L\u00e9lia Dupin ont d\u00e9j\u00e0 organis\u00e9 un premier concert \u00e0 la bougie, avec L\u00e9lia au piano et une amie au violon. Un succ\u00e8s avec 250 spectateurs. (\u00a9 Document remis \u00e0 actu Grenoble \/ Joseph Berardi - Un \u00e9v\u00e9nement pour tous)\" width=\"640\" height=\"427\"\/><\/a><a class=\"jo-module-caroussel__img-container\" href=\"https:\/\/static.actu.fr\/uploads\/2026\/08\/concert-bougies-timon-et-lelia-dupin.jpeg\" title=\"Agrandir la photo Timon et L\u00e9lia Dupin ont d\u00e9j\u00e0 organis\u00e9 un premier concert \u00e0 la bougie, avec L\u00e9lia au piano et une amie au violon. Un succ\u00e8s avec 250 spectateurs. (\u00a9 Document remis \u00e0 actu Grenoble \/ Joseph Berardi - Un \u00e9v\u00e9nement pour tous)\" data-idx=\"2\" rel=\"nofollow noopener\" target=\"_blank\"><br \/>\n    <img decoding=\"async\" class=\"jo-module-caroussel__img\" loading=\"lazy\" src=\"https:\/\/www.europesays.com\/fr\/wp-content\/uploads\/2026\/08\/concert-bougies-timon-et-lelia-dupin-640x427.jpeg\" alt=\"Timon et L\u00e9lia Dupin ont d\u00e9j\u00e0 organis\u00e9 un premier concert \u00e0 la bougie, avec L\u00e9lia au piano et une amie au violon. Un succ\u00e8s avec 250 spectateurs. (\u00a9 Document remis \u00e0 actu Grenoble \/ Joseph Berardi - Un \u00e9v\u00e9nement pour tous)\" width=\"640\" height=\"427\"\/><\/a><\/p>\n<p class=\" wall-content\">Face \u00e0 ce succ\u00e8s, ils comptent bien renouveler l\u2019exp\u00e9rience, si possible dans des villages moins pourvus en animations culturelles, mais toujours pour des associations locales. \u00ab\u00a0Plusieurs communes du nord de l\u2019Is\u00e8re nous ont propos\u00e9 de venir pour des concerts \u00e0 la bougie\u00a0\u00bb, assure Timon.\u00a0<\/p>\n<p>Un engagement d\u00e8s l\u2019adolescence<\/p>\n<p class=\" wall-content\">Leur envie d\u2019aider les autres ne sort pas de nulle part. <strong>On peut m\u00eame dire que c\u2019est de famille<\/strong>.\u00a0\u00ab\u00a0Tous mes proches sont dans la solidarit\u00e9\u00a0\u00bb ou impliqu\u00e9s dans des associations, sourit Timon. \u00ab\u00a0C\u2019\u00e9tait une \u00e9vidence pour nous\u00a0\u00bb de cr\u00e9er leur propre structure pour aider les autres.<\/p>\n<p class=\" wall-content\">Pour le jeune homme, tout a commenc\u00e9 au coll\u00e8ge. \u00ab\u00a0La surveillante organisait des collectes pour les Restos du C\u0153ur. \u00c7a m\u2019a tout de suite int\u00e9ress\u00e9.\u00a0\u00bb Il rejoint les b\u00e9n\u00e9voles de l\u2019association et organise m\u00eame seul un premier concert au profit des Restos, alors qu\u2019il est encore au lyc\u00e9e.\u00a0<\/p>\n<p class=\" wall-content\">Forc\u00e9ment, cet engagement demande du temps, \u00ab\u00a0mais c\u2019est de l\u2019investissement rentable, si on peut dire, assure l\u2019Is\u00e9rois. Je n\u2019ai pas trop de mal \u00e0 trouver du temps et je le fais avec plaisir !\u00a0\u00bb\u00a0De quoi montrer l\u2019exemple \u00e0 d\u2019autres jeunes de son \u00e2ge. \u00ab\u00a0Si \u00e7a peut en motiver, tant mieux. \u00c7a montre qu\u2019il est possible de faire plein de choses !\u00a0\u00bb\u00a0<\/p>\n<p class=\" wall-content\">Personnalisez votre actualit\u00e9 en ajoutant vos villes et m\u00e9dias en favori avec <a href=\"https:\/\/moncompte.actu.fr\" title=\"D\u00e9couvez Mon Actu\" rel=\"nofollow noopener\" data-trk=\"{&quot;cta&quot;:{&quot;action&quot;:&quot;https:\\\/\\\/moncompte.actu.fr&quot;,&quot;category&quot;:&quot;mon compte&quot;,&quot;from&quot;:&quot;article footer&quot;,&quot;name&quot;:&quot;Mon actu&quot;,&quot;type&quot;:&quot;cta&quot;}}\" target=\"_blank\">Mon Actu<\/a>.<\/p>\n","protected":false},"excerpt":{"rendered":"Par Lisa Rodrigues Publi\u00e9 le 27 ao\u00fbt 2026 \u00e0 17h03 En plus de leurs \u00e9tudes \u00e0 Grenoble, Timon&hellip;\n","protected":false},"author":2,"featured_media":1152849,"comment_status":"","ping_status":"","sticky":false,"template":"","format":"standard","meta":{"footnotes":"","_share_on_mastodon":"0"},"categories":[9566],"tags":[1111,11,2430,1777,674,1011,27,2731,12,25,104,3400],"class_list":["post-1152848","post","type-post","status-publish","format-standard","has-post-thumbnail","category-grenoble","tag-actu","tag-actualites","tag-auvergne-rhone-alpes","tag-eu","tag-europe","tag-fr","tag-france","tag-grenoble","tag-news","tag-republique-francaise","tag-societe","tag-solidarite"],"share_on_mastodon":{"url":"https:\/\/pubeurope.com\/@fr\/117169838056401603","error":""},"_links":{"self":[{"href":"https:\/\/www.europesays.com\/fr\/wp-json\/wp\/v2\/posts\/1152848","targetHints":{"allow":["GET"]}}],"collection":[{"href":"https:\/\/www.europesays.com\/fr\/wp-json\/wp\/v2\/posts"}],"about":[{"href":"https:\/\/www.europesays.com\/fr\/wp-json\/wp\/v2\/types\/post"}],"author":[{"embeddable":true,"href":"https:\/\/www.europesays.com\/fr\/wp-json\/wp\/v2\/users\/2"}],"replies":[{"embeddable":true,"href":"https:\/\/www.europesays.com\/fr\/wp-json\/wp\/v2\/comments?post=1152848"}],"version-history":[{"count":0,"href":"https:\/\/www.europesays.com\/fr\/wp-json\/wp\/v2\/posts\/1152848\/revisions"}],"wp:featuredmedia":[{"embeddable":true,"href":"https:\/\/www.europesays.com\/fr\/wp-json\/wp\/v2\/media\/1152849"}],"wp:attachment":[{"href":"https:\/\/www.europesays.com\/fr\/wp-json\/wp\/v2\/media?parent=1152848"}],"wp:term":[{"taxonomy":"category","embeddable":true,"href":"https:\/\/www.europesays.com\/fr\/wp-json\/wp\/v2\/categories?post=1152848"},{"taxonomy":"post_tag","embeddable":true,"href":"https:\/\/www.europesays.com\/fr\/wp-json\/wp\/v2\/tags?post=1152848"}],"curies":[{"name":"wp","href":"https:\/\/api.w.org\/{rel}","templated":true}]}}