{"id":115287,"date":"2025-05-20T21:31:18","date_gmt":"2025-05-20T21:31:18","guid":{"rendered":"https:\/\/www.europesays.com\/fr\/115287\/"},"modified":"2025-05-20T21:31:18","modified_gmt":"2025-05-20T21:31:18","slug":"coralie-et-bruno-maries-au-premier-regard-confrontes-a-un-gros-imprevu-lors-du-tournage","status":"publish","type":"post","link":"https:\/\/www.europesays.com\/fr\/115287\/","title":{"rendered":"Coralie et Bruno (Mari\u00e9s au premier regard) confront\u00e9s \u00e0 un gros impr\u00e9vu lors du tournage"},"content":{"rendered":"<p class=\"articleContent-meta\">\n        Aujourd&rsquo;hui \u00e0 21:30 &#8211; par             <a class=\"articleContent-metaAuthorsLink\" href=\"https:\/\/www.programme.tv\/auteur\/clara-pouvil\/\" target=\"_blank\" rel=\"noopener\">Clara Pouvil<\/a><\/p>\n<p>                    Tweeter<\/p>\n<p>                    Partager sur Facebook<\/p>\n<p>                        <img decoding=\"async\" src=\"https:\/\/www.europesays.com\/fr\/wp-content\/uploads\/2025\/05\/coralie-maries-au-premier-regard-2025-evoque-le-deces-de-sa-mere-d-une-maladie-incurable.jpg\" alt=\"Player Video\" class=\"player-applyRatio poster exclude-seedtag\"\/><\/p>\n<p>Ce lundi 26 mai, dans l&rsquo;\u00e9pisode in\u00e9dit de Mari\u00e9s au premier regard diffus\u00e9 sur M6 et d\u00e9j\u00e0 disponible sur M6+, Coralie et Bruno ont eu une importante discussion sur leur aventure \u00e0 la veille de retrouver les expertes pour le bilan. Mais au moment de repartir de New York, ils ont fait face \u00e0 un gros impr\u00e9vu.<\/p>\n<p>Le 3 mars dernier, M6 donnait le coup d&rsquo;envoi de <a href=\"https:\/\/www.programme.tv\/news\/tele-realite\/262524-pour-etre-transparente-tracy-maries-au-premier-regard-annonce-etre-officiellement-divorcee-de-flo\/\" target=\"_blank\" rel=\"noopener\">la neuvi\u00e8me saison de Mari\u00e9s au premier regard<\/a>. Si Estelle Dossin a rempil\u00e9 en tant qu&rsquo;experte, <a href=\"https:\/\/www.programme.tv\/news\/tele-realite\/233275-je-decide-dintervenir-tout-de-suite-laurie-casse-les-codes-dans-maries-au-premier-regard-gilbert-bou-jaoude-prend-une-decision-jamais-vue\/\" target=\"_blank\" rel=\"noopener\">Gilbert Bou Jaoud\u00e9<\/a>, lui, a laiss\u00e9 sa place \u00e0 Marie Tapernoux, th\u00e9rapeute de couple et sexologue. C\u00f4t\u00e9 casting, de nouveaux candidats se sont lanc\u00e9s dans cette incroyable exp\u00e9rience, \u00e0 l&rsquo;image de <a href=\"https:\/\/www.programme.tv\/news\/tele-realite\/262328-jai-prevu-un-truc-completement-fou-bruno-maries-au-premier-regard-fait-une-proposition-inattendue-a-coralie-pour-sauver-leur-couple\/\" target=\"_blank\" rel=\"noopener\">Coralie et Bruno<\/a>, compatibles \u00e0 78%. Pour la premi\u00e8re fois dans l&rsquo;histoire du programme, le duo de candidats s&rsquo;est mari\u00e9 sans se voir. Apr\u00e8s \u00e7a, ils ont appris \u00e0 se conna\u00eetre lors de leur lune de miel avant de partager des moments complices ensemble. Mais au fil du temps, des incompr\u00e9hensions se sont install\u00e9es entre eux. Bruno lui a notamment reproch\u00e9 d&rsquo;\u00eatre parfois maladroite dans ses paroles.<\/p>\n<p>Mari\u00e9s au premier regard : Coralie et Bruno jouent cartes sur table avant d&rsquo;assister au bilan avec Estelle Dossin et Marie Tapernoux<\/p>\n<p>Ce mardi 20 mai 2025, dans l&rsquo;\u00e9pisode 13 de Mari\u00e9s au premier regard diffus\u00e9 sur M6 et disponible en avant-premi\u00e8re sur <a href=\"https:\/\/www.m6.fr\/maries-au-premier-regard-p_6286\/episode-13-partie-2-c_13124352\" target=\"_blank\" rel=\"noopener\">M6+<\/a>, Coralie et Bruno se sont pos\u00e9s \u00e0 Central Park, \u00e0 New York, pour faire le point sur leur relation avant d&rsquo;assister au bilan. \u00ab\u00a0On est assez complices, je trouve qu&rsquo;on parle beaucoup\u00a0\u00bb, a commenc\u00e9 Coralie avant de poursuivre : \u00ab\u00a0Par contre, la seule chose, c&rsquo;est quand on a des discordes, quand on aborde certains sujets, la communication est compliqu\u00e9e. On a du mal \u00e0 se comprendre quand moi je te parle de ce que j&rsquo;\u00e9prouve ou inversement. C&rsquo;est le seul point noir. J&rsquo;aimerais que tu acceptes que je sois comme je suis, on ne peut pas forc\u00e9ment \u00eatre toujours d&rsquo;accord avec Bruno\u00a0\u00bb. Des confidences comprises par son mari. \u00ab\u00a0J&rsquo;ai l&rsquo;impression de faire trop de lignes de droite, de ne pas assez prendre en compte ce que tu peux ressentir. Il faut que je fasse un effort l\u00e0-dessus, c&rsquo;est clair\u00a0\u00bb, a-t-il reconnu.<\/p>\n<p>                                    Coralie et Bruno (Mari\u00e9s au premier regard) ont failli ne pas pouvoir rentrer en France \u00e0 cause d&rsquo;un \u00ab\u00a0accident\u00a0\u00bb<\/p>\n<p>Apr\u00e8s \u00e7a, <a href=\"https:\/\/www.programme.tv\/news\/tele-realite\/262032-je-me-trouve-carrement-insupportable-bruno-maries-au-premier-regard-revient-sur-son-comportement-odieux-lors-du-voyage-de-noces-avec-coralie\/\" target=\"_blank\" rel=\"noopener\">Coralie et Bruno de Mari\u00e9s au premier regard<\/a> ont annonc\u00e9 une mauvaise nouvelle. Alors qu&rsquo;ils \u00e9taient cens\u00e9s prendre un avion pour la France, <b>\u00ab\u00a0<\/b><b>un accident<\/b><b>\u00a0\u00bb survenu sur l&rsquo;autoroute a chamboul\u00e9 leur journ\u00e9e<\/b>. En effet, le taxi dans lequel ils sont mont\u00e9s n&rsquo;a pas pu les emmener \u00e0 l&rsquo;a\u00e9roport. R\u00e9sultat : \u00ab\u00a0<b>Changement d&rsquo;avion, changement d&rsquo;a\u00e9roport&#8230; On est reparti de l&rsquo;autre c\u00f4t\u00e9 de la ville<\/b>\u00ab\u00a0, a confi\u00e9 Bruno. \u00ab\u00a0On peut dire que c&rsquo;est l&rsquo;aventure\u00a0\u00bb, a continu\u00e9 Coralie. Finalement, tout est bien qui finit bien. Les mari\u00e9s ont pu prendre un avion qui les a ramen\u00e9s \u00e0 Paris pour la suite de leur aventure.<\/p>\n<p> c<\/p>\n<p>Rejoignez-nous sur Google News !<\/p>\n<p class=\"articleContent-pushTagline\">Abonnez-vous \u00e0 <a href=\"https:\/\/news.google.com\/publications\/CAAiEJwr-IZFXDFoZD1ePbkC_VcqFAgKIhCcK_iGRVwxaGQ9Xj25Av1X\" target=\"_blank\" rel=\"noopener\">T\u00e9l\u00e9 2 semaines sur Google News<\/a> pour ne manquer aucune info !<\/p>\n","protected":false},"excerpt":{"rendered":"Aujourd&rsquo;hui \u00e0 21:30 &#8211; par Clara Pouvil Tweeter Partager sur Facebook Ce lundi 26 mai, dans l&rsquo;\u00e9pisode in\u00e9dit&hellip;\n","protected":false},"author":2,"featured_media":115288,"comment_status":"","ping_status":"","sticky":false,"template":"","format":"standard","meta":{"footnotes":""},"categories":[1356],"tags":[58,59,1011,27,494,5214,252,3604,1364],"class_list":{"0":"post-115287","1":"post","2":"type-post","3":"status-publish","4":"format-standard","5":"has-post-thumbnail","7":"category-television","8":"tag-divertissement","9":"tag-entertainment","10":"tag-fr","11":"tag-france","12":"tag-m6","13":"tag-mariu00e9s-au-premier-regard","14":"tag-television","15":"tag-tu00e9lu00e9-ru00e9alitu00e9","16":"tag-tv"},"share_on_mastodon":{"url":"https:\/\/pubeurope.com\/@fr\/114542299311254352","error":""},"_links":{"self":[{"href":"https:\/\/www.europesays.com\/fr\/wp-json\/wp\/v2\/posts\/115287","targetHints":{"allow":["GET"]}}],"collection":[{"href":"https:\/\/www.europesays.com\/fr\/wp-json\/wp\/v2\/posts"}],"about":[{"href":"https:\/\/www.europesays.com\/fr\/wp-json\/wp\/v2\/types\/post"}],"author":[{"embeddable":true,"href":"https:\/\/www.europesays.com\/fr\/wp-json\/wp\/v2\/users\/2"}],"replies":[{"embeddable":true,"href":"https:\/\/www.europesays.com\/fr\/wp-json\/wp\/v2\/comments?post=115287"}],"version-history":[{"count":0,"href":"https:\/\/www.europesays.com\/fr\/wp-json\/wp\/v2\/posts\/115287\/revisions"}],"wp:featuredmedia":[{"embeddable":true,"href":"https:\/\/www.europesays.com\/fr\/wp-json\/wp\/v2\/media\/115288"}],"wp:attachment":[{"href":"https:\/\/www.europesays.com\/fr\/wp-json\/wp\/v2\/media?parent=115287"}],"wp:term":[{"taxonomy":"category","embeddable":true,"href":"https:\/\/www.europesays.com\/fr\/wp-json\/wp\/v2\/categories?post=115287"},{"taxonomy":"post_tag","embeddable":true,"href":"https:\/\/www.europesays.com\/fr\/wp-json\/wp\/v2\/tags?post=115287"}],"curies":[{"name":"wp","href":"https:\/\/api.w.org\/{rel}","templated":true}]}}