{"id":115297,"date":"2025-05-20T21:36:09","date_gmt":"2025-05-20T21:36:09","guid":{"rendered":"https:\/\/www.europesays.com\/fr\/115297\/"},"modified":"2025-05-20T21:36:09","modified_gmt":"2025-05-20T21:36:09","slug":"classe-moyenne-avec-laurent-lafitte-et-elodie-bouchez-une-comedie-en-conscience-de-clash-liberation","status":"publish","type":"post","link":"https:\/\/www.europesays.com\/fr\/115297\/","title":{"rendered":"\u00abClasse moyenne\u00bb avec Laurent Lafitte et Elodie Bouchez, une com\u00e9die en conscience de clash \u2013 Lib\u00e9ration"},"content":{"rendered":"<p class=\"sc-ksZaOG ehjQrN text-element\">D\u00e9cid\u00e9ment, gros retour d\u2019Elodie Bouchez qui se retrouve \u00e0 Cannes, qui plus est pour deux films ayant pour th\u00e8me les rapports de classe \u2013 <a href=\"https:\/\/www.liberation.fr\/culture\/cinema\/cannes-2025-enzo-transfuge-de-grace-20250514_WON5MUPLBBDATHK6KGDHXTIHXI\/\" target=\"_blank\" rel=\"noreferrer noopener\" title=\"https:\/\/www.liberation.fr\/culture\/cinema\/cannes-2025-enzo-transfuge-de-grace-20250514_WON5MUPLBBDATHK6KGDHXTIHXI\/\">Enzo<\/a> de <a href=\"https:\/\/www.liberation.fr\/culture\/cinema\/cannes-2025-enzo-est-le-produit-dune-amitie-et-dune-histoire-de-cinema-entre-laurent-cantet-et-robin-campillo-20250513_ZXAQDG7CTZGDDEDEZZLARVD5RE\/\" target=\"_blank\" rel=\"noreferrer noopener\" title=\"https:\/\/www.liberation.fr\/culture\/cinema\/cannes-2025-enzo-est-le-produit-dune-amitie-et-dune-histoire-de-cinema-entre-laurent-cantet-et-robin-campillo-20250513_ZXAQDG7CTZGDDEDEZZLARVD5RE\/\">Robin Campillo et Laurent Cantet<\/a> pr\u00e9sent\u00e9 en ouverture de la Quinzaine des cin\u00e9astes et, toujours dans cette s\u00e9lection, Classe moyenne d\u2019Antony Cordier (<a href=\"https:\/\/www.liberation.fr\/cinema\/2018\/01\/30\/gaspard-va-au-mariage-scenes-de-menagerie_1626279\/\" target=\"_blank\" rel=\"noreferrer noopener\" title=\"https:\/\/www.liberation.fr\/cinema\/2018\/01\/30\/gaspard-va-au-mariage-scenes-de-menagerie_1626279\/\">Gaspard va au mariage<\/a>, la s\u00e9rie Irr\u00e9sistible\u2026). Elle y endosse excellemment et dans deux registres diff\u00e9rents le r\u00f4le de l\u2019\u00e9pouse nantie.<\/p>\n<p class=\"sc-ksZaOG ehjQrN text-element\">Dans une belle propri\u00e9t\u00e9 dans le Sud de la France, une couple <\/p>\n","protected":false},"excerpt":{"rendered":"D\u00e9cid\u00e9ment, gros retour d\u2019Elodie Bouchez qui se retrouve \u00e0 Cannes, qui plus est pour deux films ayant pour&hellip;\n","protected":false},"author":2,"featured_media":115298,"comment_status":"","ping_status":"","sticky":false,"template":"","format":"standard","meta":{"footnotes":""},"categories":[8],"tags":[58,59,5634,1011,27],"class_list":{"0":"post-115297","1":"post","2":"type-post","3":"status-publish","4":"format-standard","5":"has-post-thumbnail","7":"category-divertissement","8":"tag-divertissement","9":"tag-entertainment","10":"tag-festival-de-cannes","11":"tag-fr","12":"tag-france"},"share_on_mastodon":{"url":"https:\/\/pubeurope.com\/@fr\/114542319032613399","error":""},"_links":{"self":[{"href":"https:\/\/www.europesays.com\/fr\/wp-json\/wp\/v2\/posts\/115297","targetHints":{"allow":["GET"]}}],"collection":[{"href":"https:\/\/www.europesays.com\/fr\/wp-json\/wp\/v2\/posts"}],"about":[{"href":"https:\/\/www.europesays.com\/fr\/wp-json\/wp\/v2\/types\/post"}],"author":[{"embeddable":true,"href":"https:\/\/www.europesays.com\/fr\/wp-json\/wp\/v2\/users\/2"}],"replies":[{"embeddable":true,"href":"https:\/\/www.europesays.com\/fr\/wp-json\/wp\/v2\/comments?post=115297"}],"version-history":[{"count":0,"href":"https:\/\/www.europesays.com\/fr\/wp-json\/wp\/v2\/posts\/115297\/revisions"}],"wp:featuredmedia":[{"embeddable":true,"href":"https:\/\/www.europesays.com\/fr\/wp-json\/wp\/v2\/media\/115298"}],"wp:attachment":[{"href":"https:\/\/www.europesays.com\/fr\/wp-json\/wp\/v2\/media?parent=115297"}],"wp:term":[{"taxonomy":"category","embeddable":true,"href":"https:\/\/www.europesays.com\/fr\/wp-json\/wp\/v2\/categories?post=115297"},{"taxonomy":"post_tag","embeddable":true,"href":"https:\/\/www.europesays.com\/fr\/wp-json\/wp\/v2\/tags?post=115297"}],"curies":[{"name":"wp","href":"https:\/\/api.w.org\/{rel}","templated":true}]}}