{"id":115305,"date":"2025-05-20T21:40:08","date_gmt":"2025-05-20T21:40:08","guid":{"rendered":"https:\/\/www.europesays.com\/fr\/115305\/"},"modified":"2025-05-20T21:40:08","modified_gmt":"2025-05-20T21:40:08","slug":"un-premier-eveque-francais-nomme-par-le-pape-leon-xiv","status":"publish","type":"post","link":"https:\/\/www.europesays.com\/fr\/115305\/","title":{"rendered":"un premier \u00e9v\u00eaque fran\u00e7ais nomm\u00e9 par le pape L\u00e9on XIV"},"content":{"rendered":"<p>Pr\u00eatre du dioc\u00e8se d\u2019Angers depuis 1994, Mgr Jean Pelletier va devenir le nouvel \u00e9v\u00eaque de Mende. Il succ\u00e8de \u00e0 Mgr Beno\u00eet Bertrand, nomm\u00e9 \u00e9v\u00eaque de Pontoise le 4 juin 2024.<\/p>\n<p class=\"fig-paragraph\">Douze jours\u00a0<a href=\"http:\/\/www.lefigaro.fr\/actualite-france\/qui-est-vraiment-leon-xiv-les-extraits-exclusifs-de-sa-premiere-biographie-20250515\" target=\"_blank\" data-fig-type=\"Article\" rel=\"noopener\" data-gtm-custom-categorie=\"navigation\" data-gtm-custom-action=\"crossclick\" data-gtm-custom-label=\"Contextuel\" data-gtm-event=\"customEventSPE\" data-fig-domain=\"LEFIGARO\">seulement apr\u00e8s son \u00e9lection<\/a>, le pape L\u00e9on XIV a annonc\u00e9 la nomination d\u2019un \u00e9v\u00eaque fran\u00e7ais, a indiqu\u00e9 le Bureau de presse du Saint-Si\u00e8ge ce mardi. Jusque-l\u00e0 pr\u00eatre du dioc\u00e8se d\u2019Angers, le p\u00e8re Jean Pelletier a \u00e9t\u00e9 nomm\u00e9 \u00e9v\u00eaque de Mende (Loz\u00e8re), ce qui fait de lui le premier Fran\u00e7ais nomm\u00e9 par\u00a0<a href=\"http:\/\/www.lefigaro.fr\/actualite-france\/freres-et-soeurs-c-est-l-heure-de-l-amour-les-messages-du-pape-leon-xiv-au-monde-20250518\" target=\"_blank\" data-fig-type=\"Article\" rel=\"noopener\" data-gtm-custom-categorie=\"navigation\" data-gtm-custom-action=\"crossclick\" data-gtm-custom-label=\"Contextuel\" data-gtm-event=\"customEventSPE\" data-fig-domain=\"LEFIGARO\">le nouveau guide spirituel des 1,4 milliard de catholiques<\/a>.<\/p>\n<p class=\"fig-paragraph\">\u00abMa premi\u00e8re r\u00e9action fut la surprise, une \u00e9norme surprise\u00bb, a r\u00e9agi le p\u00e8re Jean Pelletier au micro de\u00a0<a href=\"https:\/\/www.rcf.fr\/articles\/actualite\/le-pere-jean-pelletier-nomme-eveque-de-mende-un-appel-qui-ma-surpris-mais-que-je\" target=\"_blank\" rel=\"nofollow noopener\" data-gtm-custom-categorie=\"navigation\" data-gtm-custom-action=\"crossclick\" data-gtm-custom-label=\"Contextuel\" data-gtm-event=\"customEventSPE\">Radio chr\u00e9tienne francophone (RCF)\u00a0<\/a>au sujet de sa nomination. Selon le Vatican, le pape Fran\u00e7ois, diminu\u00e9 par la maladie, a appos\u00e9 un de ses doigts sur le nom du pr\u00eatre du dioc\u00e8se d\u2019Angers. \u00abCe petit d\u00e9tail m\u2019a boulevers\u00e9. Je ne dirais pas que c\u2019est le doigt de Dieu, mais il y a quelque chose de tr\u00e8s fort\u00bb, a poursuivi l\u2019eccl\u00e9siastique au micro de nos confr\u00e8res.<\/p>\n<p>En faveur \u00abd\u2019une paix d\u00e9sarm\u00e9e et d\u00e9sarmante\u00bb<\/p>\n<p class=\"fig-paragraph\">Pr\u00eatre depuis 1994 pour le dioc\u00e8se d\u2019Angers, Jean Pelletier, 62 ans, a exerc\u00e9 dans plusieurs minist\u00e8res en aum\u00f4nerie scolaire et en paroisse, et \u00e9tait depuis 2022 le sup\u00e9rieur de la Maison Charles de Foucauld, une maison prop\u00e9deutique situ\u00e9e dans le dioc\u00e8se de Rennes, \u00e0 Saint-Pern (<a href=\"http:\/\/www.lefigaro.fr\/flash-actu\/ille-et-vilaine-une-enquete-ouverte-apres-le-deces-d-un-enfant-de-6-ans-les-parents-en-garde-a-vue-20250320\" target=\"_blank\" data-fig-type=\"NewsFlash\" rel=\"noopener\" data-gtm-custom-categorie=\"navigation\" data-gtm-custom-action=\"crossclick\" data-gtm-custom-label=\"Contextuel\" data-gtm-event=\"customEventSPE\" data-fig-domain=\"LEFIGARO\">Ille-et-Vilaine<\/a>). Le site du dioc\u00e8se angevin cite \u00e9galement des \u00abresponsabilit\u00e9s paroissiales\u00bb et un r\u00f4le de \u00abd\u00e9l\u00e9gu\u00e9 \u00e9piscopal du service des ministres ordonn\u00e9es et des la\u00efcs en mission eccl\u00e9siale\u00bb.<\/p>\n<p class=\"fig-paragraph\">Le p\u00e8re Jean Pelletier prendra officiellement la succession de Mgr Beno\u00eet Bertrand, nomm\u00e9 \u00e9v\u00eaque de Pontoise le 4 juin 2024, le 7 septembre \u00e0 15h30 en la cath\u00e9drale Notre-Dame-et-Saint-Privat de Mende o\u00f9 il sera ordonn\u00e9 \u00e9v\u00eaque. Successeur de Fran\u00e7ois, Robert Francis Prevost, \u00e9lu le 8 mai, a donn\u00e9 le ton de son pontificat dimanche au Vatican en d\u00e9non\u00e7ant une \u00e9conomie exploitant la nature et marginalisant les pauvres, devant des dizaines de milliers de personnes et un parterre de dirigeants \u00e9trangers, dont\u00a0<a href=\"http:\/\/www.lefigaro.fr\/international\/le-vice-president-americain-jd-vance-sera-present-a-la-messe-inaugurale-du-pape-leon-xiv-20250515\" target=\"_blank\" data-fig-type=\"NewsFlash\" rel=\"noopener\" data-gtm-custom-categorie=\"navigation\" data-gtm-custom-action=\"crossclick\" data-gtm-custom-label=\"Contextuel\" data-gtm-event=\"customEventSPE\" data-fig-domain=\"LEFIGARO\">le vice-pr\u00e9sident am\u00e9ricain JD Vance<\/a>\u00a0et le pr\u00e9sident ukrainien Volodymyr Zelensky. \u00abCette paix, le pape L\u00e9on XIV l\u2019a rappel\u00e9e dans ses premiers mots\u00a0: une paix d\u00e9sarm\u00e9e et d\u00e9sarmante. Et je crois que notre monde en a bien besoin\u00bb,\u00a0estime Jean Pelletier aupr\u00e8s de RCF.<\/p>\n","protected":false},"excerpt":{"rendered":"Pr\u00eatre du dioc\u00e8se d\u2019Angers depuis 1994, Mgr Jean Pelletier va devenir le nouvel \u00e9v\u00eaque de Mende. Il succ\u00e8de&hellip;\n","protected":false},"author":2,"featured_media":115306,"comment_status":"","ping_status":"","sticky":false,"template":"","format":"standard","meta":{"footnotes":""},"categories":[4],"tags":[47,1058,1054,1059,1060,1055,11,1057,12336,118,1011,27,1061,303,12,12672,1062,25,656,104,1056,809],"class_list":{"0":"post-115305","1":"post","2":"type-post","3":"status-publish","4":"format-standard","5":"has-post-thumbnail","7":"category-france","8":"tag-actualite","9":"tag-actualite-education","10":"tag-actualite-france","11":"tag-actualite-justice","12":"tag-actualite-securite","13":"tag-actualite-societe","14":"tag-actualites","15":"tag-education","16":"tag-eglise","17":"tag-faits-divers","18":"tag-fr","19":"tag-france","20":"tag-immigration","21":"tag-justice","22":"tag-news","23":"tag-pape","24":"tag-polemique","25":"tag-republique-francaise","26":"tag-securite","27":"tag-societe","28":"tag-societe-francaise","29":"tag-violence"},"share_on_mastodon":{"url":"https:\/\/pubeurope.com\/@fr\/114542334850261204","error":""},"_links":{"self":[{"href":"https:\/\/www.europesays.com\/fr\/wp-json\/wp\/v2\/posts\/115305","targetHints":{"allow":["GET"]}}],"collection":[{"href":"https:\/\/www.europesays.com\/fr\/wp-json\/wp\/v2\/posts"}],"about":[{"href":"https:\/\/www.europesays.com\/fr\/wp-json\/wp\/v2\/types\/post"}],"author":[{"embeddable":true,"href":"https:\/\/www.europesays.com\/fr\/wp-json\/wp\/v2\/users\/2"}],"replies":[{"embeddable":true,"href":"https:\/\/www.europesays.com\/fr\/wp-json\/wp\/v2\/comments?post=115305"}],"version-history":[{"count":0,"href":"https:\/\/www.europesays.com\/fr\/wp-json\/wp\/v2\/posts\/115305\/revisions"}],"wp:featuredmedia":[{"embeddable":true,"href":"https:\/\/www.europesays.com\/fr\/wp-json\/wp\/v2\/media\/115306"}],"wp:attachment":[{"href":"https:\/\/www.europesays.com\/fr\/wp-json\/wp\/v2\/media?parent=115305"}],"wp:term":[{"taxonomy":"category","embeddable":true,"href":"https:\/\/www.europesays.com\/fr\/wp-json\/wp\/v2\/categories?post=115305"},{"taxonomy":"post_tag","embeddable":true,"href":"https:\/\/www.europesays.com\/fr\/wp-json\/wp\/v2\/tags?post=115305"}],"curies":[{"name":"wp","href":"https:\/\/api.w.org\/{rel}","templated":true}]}}