{"id":115309,"date":"2025-05-20T21:42:10","date_gmt":"2025-05-20T21:42:10","guid":{"rendered":"https:\/\/www.europesays.com\/fr\/115309\/"},"modified":"2025-05-20T21:42:10","modified_gmt":"2025-05-20T21:42:10","slug":"trois-concerts-a-leglise-saint-etienne-2","status":"publish","type":"post","link":"https:\/\/www.europesays.com\/fr\/115309\/","title":{"rendered":"trois concerts \u00e0 l\u2019\u00e9glise Saint-\u00c9tienne"},"content":{"rendered":"<p>Vendredi, le Gospel Philharmonic Experience revisitera les grands classiques du gospel et des negro-spirituals. Samedi, l\u2019ensemble baroque Les Nouveaux Caract\u00e8res interpr\u00e9tera le Stabat Mater,  de Pergolese. Enfin, dimanche, les quatre voix f\u00e9minines des Balkanes rendront hommage \u00e0 la beaut\u00e9 de la Cr\u00e9ation et au Divin, impr\u00e9gn\u00e9es de la liturgie orthodoxe et des traditions anciennes de Bulgarie.<\/p>\n<p class=\"note\">Vendredi\u00a023 \u00e0 20\u00a0h\u00a030, samedi\u00a024 \u00e0 20\u00a0h\u00a030 et dimanche 25\u00a0mai \u00e0 17\u00a0h\u00a030. \u00c9glise Saint-\u00c9tienne. Place Clemenceau. De 15 \u00e0 22\u00a0euros. Gratuit &#8211; de 16 ans.<\/p>\n","protected":false},"excerpt":{"rendered":"Vendredi, le Gospel Philharmonic Experience revisitera les grands classiques du gospel et des negro-spirituals. Samedi, l\u2019ensemble baroque Les&hellip;\n","protected":false},"author":2,"featured_media":114923,"comment_status":"","ping_status":"","sticky":false,"template":"","format":"standard","meta":{"footnotes":""},"categories":[9653],"tags":[1111,11,2430,1687,16734,1777,674,1011,27,12,25,9838,20195,4001,3140],"class_list":{"0":"post-115309","1":"post","2":"type-post","3":"status-publish","4":"format-standard","5":"has-post-thumbnail","7":"category-saint-etienne","8":"tag-actu","9":"tag-actualites","10":"tag-auvergne-rhone-alpes","11":"tag-culture-loisirs","12":"tag-edition-loire-nord","13":"tag-eu","14":"tag-europe","15":"tag-fr","16":"tag-france","17":"tag-news","18":"tag-republique-francaise","19":"tag-roanne","20":"tag-roanne-ville","21":"tag-saint-etienne","22":"tag-spectacle"},"share_on_mastodon":{"url":"https:\/\/pubeurope.com\/@fr\/114542342504746472","error":""},"_links":{"self":[{"href":"https:\/\/www.europesays.com\/fr\/wp-json\/wp\/v2\/posts\/115309","targetHints":{"allow":["GET"]}}],"collection":[{"href":"https:\/\/www.europesays.com\/fr\/wp-json\/wp\/v2\/posts"}],"about":[{"href":"https:\/\/www.europesays.com\/fr\/wp-json\/wp\/v2\/types\/post"}],"author":[{"embeddable":true,"href":"https:\/\/www.europesays.com\/fr\/wp-json\/wp\/v2\/users\/2"}],"replies":[{"embeddable":true,"href":"https:\/\/www.europesays.com\/fr\/wp-json\/wp\/v2\/comments?post=115309"}],"version-history":[{"count":0,"href":"https:\/\/www.europesays.com\/fr\/wp-json\/wp\/v2\/posts\/115309\/revisions"}],"wp:featuredmedia":[{"embeddable":true,"href":"https:\/\/www.europesays.com\/fr\/wp-json\/wp\/v2\/media\/114923"}],"wp:attachment":[{"href":"https:\/\/www.europesays.com\/fr\/wp-json\/wp\/v2\/media?parent=115309"}],"wp:term":[{"taxonomy":"category","embeddable":true,"href":"https:\/\/www.europesays.com\/fr\/wp-json\/wp\/v2\/categories?post=115309"},{"taxonomy":"post_tag","embeddable":true,"href":"https:\/\/www.europesays.com\/fr\/wp-json\/wp\/v2\/tags?post=115309"}],"curies":[{"name":"wp","href":"https:\/\/api.w.org\/{rel}","templated":true}]}}