{"id":115314,"date":"2025-05-20T21:46:10","date_gmt":"2025-05-20T21:46:10","guid":{"rendered":"https:\/\/www.europesays.com\/fr\/115314\/"},"modified":"2025-05-20T21:46:10","modified_gmt":"2025-05-20T21:46:10","slug":"la-fregate-lhermione-risque-de-ne-plus-jamais-naviguer-faute-dargent-une-cagnotte-ouverte-en-ligne-pour-la-sauver","status":"publish","type":"post","link":"https:\/\/www.europesays.com\/fr\/115314\/","title":{"rendered":"La fr\u00e9gate L\u2019Hermione risque de ne plus jamais naviguer faute d\u2019argent, une cagnotte ouverte en ligne pour la sauver"},"content":{"rendered":"<p>En avril 2018, L\u2019Hermione avait \u00e9merveill\u00e9 les Varois lors de son escale de plusieurs jours \u00e0 Toulon. Sept ans plus tard, le trois-m\u00e2ts, r\u00e9plique de la \u00ab\u00a0fr\u00e9gate de la Libert\u00e9\u00a0\u00bb \u00e0 bord de laquelle le marquis de La Fayette avait rejoint en 1780 les insurg\u00e9s am\u00e9ricains se battant pour leur ind\u00e9pendance, ne fait plus r\u00eaver personne. Et pour cause: rong\u00e9e par des champignons, L\u2019Hermione est dans l\u2019incapacit\u00e9 de naviguer. Et les derni\u00e8res nouvelles ne sont pas bonnes.<\/p>\n<p>Au point que l\u2019association Hermione-La Fayette, propri\u00e9taire du navire, tire la sonnette d\u2019alarme. Dans un texte intitul\u00e9 \u00ab\u00a0manifeste pour sauver la fr\u00e9gate L\u2019Hermione\u00a0\u00bb et envoy\u00e9 ce mardi 20 mai aux m\u00e9dias, l\u2019association n\u2019y va pas par quatre chemins: \u00ab\u00a0L\u2019Hermione est en danger\u00a0\u00bb. Pour la sauver, un compte \u00e0 rebours semble m\u00eame d\u00e9j\u00e0 engag\u00e9. \u00ab\u00a0Apr\u00e8s le 30 juin 2025 ce sera certainement trop tard\u00a0\u00bb.<\/p>\n<p>D\u00e9j\u00e0, les charpentiers de marine, parmi lesquels ceux du fameux Chantier du Guip, qui travaillaient depuis trois ans \u00e0 la restauration de la coque, ont d\u00fb arr\u00eater les travaux. Faute d\u2019argent. \u00ab\u00a0Sur le chantier d\u2019Anglet, au Pays basque, seuls les b\u00e9n\u00e9voles continuent aujourd\u2019hui d\u2019arroser la coque pour \u00e9viter que le bois ne travaille trop et qu\u2019il soit impossible ensuite de remonter les diff\u00e9rentes pi\u00e8ces\u00a0\u00bb, explique-t-on \u00e0 l\u2019association.<\/p>\n<p>Cinq millions \u00e0 trouver<\/p>\n<p>              <img ci-src=\"https:\/\/www.varmatin.com\/marine\/protec\/DATA_ART_15559468-YK3MXYR3.jpg?vh=bf7e1b&amp;ci_seal=32cadb4922\" alt=\"\"\/><br \/>\n        Lors de son escale de quelques jours \u00e0 Toulon, en avril 2018, la fr\u00e9gate L\u2019Hermione avait vu passer sur ses ponts quelque 6.000 visiteurs!  <strong>Photo Laurent Martinat \/ Var-matin.<\/strong> <\/p>\n<p>Apparemment r\u00e9duit \u00e0 une simple question d\u2019argent, le sauvetage ne semble pas impossible. Certes. \u00c0 un d\u00e9tail pr\u00e8s: la somme qui manque pour mener \u00e0 bien la restauration de L\u2019Hermione est loin d\u2019\u00eatre insignifiante. \u00ab\u00a0Sur les 10 millions d\u2019euros n\u00e9cessaires selon un audit r\u00e9alis\u00e9 \u00e0 l\u2019automne 2022, seule la moiti\u00e9 a pu \u00eatre r\u00e9unie \u00e0 ce jour\u00a0\u00bb, confie l\u2019association. <strong>Il reste donc moins d\u2019un mois et demi \u00e0 cette derni\u00e8re pour trouver les 5 millions d\u2019euros manquants!<\/strong><\/p>\n<p>Pour sauver la fr\u00e9gate, l\u2019association Hermione-La Fayette <a href=\"https:\/\/don.fregate-hermione.com\/\" target=\"_blank\" rel=\"noopener nofollow\">en appelle \u00e0 la g\u00e9n\u00e9rosit\u00e9<\/a> (1) de tous, particuliers comme entreprises. Elle compte aussi sur la centaine de personnalit\u00e9s signataires du manifeste, parmi lesquelles les navigateurs Fran\u00e7ois Gabart, Catherine Chabaud, Yves Parlier et Violette Dorange. Mais aussi l\u2019\u00e9crivain Patrice Franceschi, les amiraux Christophe Prazuck et Nicolas Vaujour (ancien et actuel chef d\u2019\u00e9tat-major de la Marine), l\u2019ancienne ministre de la Mer Annick Girardin, ou encore St\u00e9phane Bern pour activer leurs r\u00e9seaux. Si l\u2019on veut que L\u2019Hermione navigue \u00e0 nouveau en 2027, objectif affich\u00e9 au d\u00e9but du chantier, le temps presse!<\/p>\n<p>1. Pour faire un don, aller sur le site https:\/\/don.fregate-hermione.com\/<\/p>\n<p>              <img ci-src=\"https:\/\/www.varmatin.com\/marine\/protec\/DATA_ART_15559467-QA2SMxHs.jpg?vh=74c38e&amp;ci_seal=26a1f1991a\" alt=\"\"\/><br \/>\n        Le 5 avril 2018, la fr\u00e9gate L\u2019Hermione faisait une entr\u00e9e triomphale en petite rade de Toulon.  <strong>Photo Dominique Leriche \/ Var-matin.<\/strong> <\/p>\n","protected":false},"excerpt":{"rendered":"En avril 2018, L\u2019Hermione avait \u00e9merveill\u00e9 les Varois lors de son escale de plusieurs jours \u00e0 Toulon. Sept&hellip;\n","protected":false},"author":2,"featured_media":115315,"comment_status":"","ping_status":"","sticky":false,"template":"","format":"standard","meta":{"footnotes":""},"categories":[9619],"tags":[1111,11,554,1777,674,1011,27,937,6128,12,882,25,2310],"class_list":{"0":"post-115314","1":"post","2":"type-post","3":"status-publish","4":"format-standard","5":"has-post-thumbnail","7":"category-toulon","8":"tag-actu","9":"tag-actualites","10":"tag-defense","11":"tag-eu","12":"tag-europe","13":"tag-fr","14":"tag-france","15":"tag-histoire","16":"tag-marine","17":"tag-news","18":"tag-provence-alpes-cote-dazur","19":"tag-republique-francaise","20":"tag-toulon"},"share_on_mastodon":{"url":"https:\/\/pubeurope.com\/@fr\/114542358257712128","error":""},"_links":{"self":[{"href":"https:\/\/www.europesays.com\/fr\/wp-json\/wp\/v2\/posts\/115314","targetHints":{"allow":["GET"]}}],"collection":[{"href":"https:\/\/www.europesays.com\/fr\/wp-json\/wp\/v2\/posts"}],"about":[{"href":"https:\/\/www.europesays.com\/fr\/wp-json\/wp\/v2\/types\/post"}],"author":[{"embeddable":true,"href":"https:\/\/www.europesays.com\/fr\/wp-json\/wp\/v2\/users\/2"}],"replies":[{"embeddable":true,"href":"https:\/\/www.europesays.com\/fr\/wp-json\/wp\/v2\/comments?post=115314"}],"version-history":[{"count":0,"href":"https:\/\/www.europesays.com\/fr\/wp-json\/wp\/v2\/posts\/115314\/revisions"}],"wp:featuredmedia":[{"embeddable":true,"href":"https:\/\/www.europesays.com\/fr\/wp-json\/wp\/v2\/media\/115315"}],"wp:attachment":[{"href":"https:\/\/www.europesays.com\/fr\/wp-json\/wp\/v2\/media?parent=115314"}],"wp:term":[{"taxonomy":"category","embeddable":true,"href":"https:\/\/www.europesays.com\/fr\/wp-json\/wp\/v2\/categories?post=115314"},{"taxonomy":"post_tag","embeddable":true,"href":"https:\/\/www.europesays.com\/fr\/wp-json\/wp\/v2\/tags?post=115314"}],"curies":[{"name":"wp","href":"https:\/\/api.w.org\/{rel}","templated":true}]}}