{"id":115319,"date":"2025-05-20T21:49:13","date_gmt":"2025-05-20T21:49:13","guid":{"rendered":"https:\/\/www.europesays.com\/fr\/115319\/"},"modified":"2025-05-20T21:49:13","modified_gmt":"2025-05-20T21:49:13","slug":"quatre-avions-incendies-dix-autres-abimes-la-piste-criminelle-privilegiee-2","status":"publish","type":"post","link":"https:\/\/www.europesays.com\/fr\/115319\/","title":{"rendered":"Quatre avions incendi\u00e9s, dix autres ab\u00eem\u00e9s, la piste criminelle privil\u00e9gi\u00e9e"},"content":{"rendered":"<p>L\u2019\u00e9cole sup\u00e9rieure des m\u00e9tiers de l\u2019a\u00e9ronautique (ESMA), situ\u00e9e \u00e0 P\u00e9rols, pr\u00e8s de <a href=\"https:\/\/www.20minutes.fr\/montpellier\/\" target=\"_blank\" class=\"color-ultramarine c-link\" rel=\"noopener\">Montpellier<\/a>, a \u00e9t\u00e9 la cible d\u2019un acte criminel dans la nuit de lundi \u00e0 mardi. Quatre <a href=\"https:\/\/www.20minutes.fr\/dossier\/avion\" target=\"_blank\" class=\"color-ultramarine c-link\" rel=\"noopener\">avions bimoteurs<\/a> ont \u00e9t\u00e9 <a href=\"https:\/\/www.20minutes.fr\/dossier\/incendie_criminel\" target=\"_blank\" class=\"color-ultramarine c-link\" rel=\"noopener\">incendi\u00e9s<\/a> et dix autres volontairement d\u00e9grad\u00e9s, selon les informations du site <a href=\"https:\/\/actu.fr\/occitanie\/perols_34198\/pres-de-montpellier-perols-acte-criminel-a-l-esma-quatre-avions-incendies-dix-autres-vandalises_62664416.html\" rel=\"nofollow noopener\" target=\"_blank\" class=\"color-ultramarine c-link\">Actu.fr<\/a>. Le sinistre s\u2019est produit devant les hangars de l\u2019ESMA, sur le site de Fr\u00e9jorgues, \u00e0 proximit\u00e9 de l\u2019a\u00e9roport Montpellier M\u00e9diterran\u00e9e et de l\u2019a\u00e9roclub.<\/p>\n<p>\u00ab\u00a0C\u2019est un acte criminel\u00a0\u00bb, ont confirm\u00e9 les autorit\u00e9s d\u00e8s les premi\u00e8res heures de l\u2019enqu\u00eate. Trois avions ont \u00e9t\u00e9 enti\u00e8rement calcin\u00e9s, un quatri\u00e8me s\u00e9rieusement endommag\u00e9 par les flammes. Les gendarmes ont d\u00e9couvert dans plusieurs carlingues des <a href=\"https:\/\/www.20minutes.fr\/dossier\/cocktail_molotov\" target=\"_blank\" class=\"color-ultramarine c-link\" rel=\"noopener\">cocktails Molotov<\/a> artisanaux, confirmant la pr\u00e9m\u00e9ditation de cet incendie.<\/p>\n<p>De gros moyens mobilis\u00e9s dans la nuit<\/p>\n<p>L\u2019alerte a \u00e9t\u00e9 donn\u00e9e vers 4h30 du matin par des t\u00e9moins ayant aper\u00e7u d\u2019importantes flammes. Les sapeurs-pompiers de l\u2019<a href=\"https:\/\/www.20minutes.fr\/societe\/herault\/\" target=\"_blank\" class=\"color-ultramarine c-link\" rel=\"noopener\">H\u00e9rault<\/a> et ceux de l\u2019a\u00e9roport sont intervenus rapidement pour contenir l\u2019incendie sur cette zone de 55.500 m2, mais les d\u00e9g\u00e2ts sont consid\u00e9rables.<\/p>\n<p>D\u00e8s mardi matin, de gros moyens ont \u00e9t\u00e9 mobilis\u00e9s\u00a0: les <a href=\"https:\/\/www.20minutes.fr\/societe\/gendarme\/\" target=\"_blank\" class=\"color-ultramarine c-link\" rel=\"noopener\">gendarmes<\/a> des Transports a\u00e9riens de Montpellier, renforc\u00e9s par la section de recherches, ont \u00e9t\u00e9 charg\u00e9s de l\u2019enqu\u00eate par le parquet. Sur place, ils ont constat\u00e9 que dix autres appareils de la flotte avaient \u00e9t\u00e9 vandalis\u00e9s, sans doute avec la m\u00eame intention criminelle.<\/p>\n<p>Le p\u00e9rim\u00e8tre du sinistre est pass\u00e9 au peigne fin<\/p>\n<p>Les techniciens en identification criminelle de la gendarmerie de l\u2019H\u00e9rault sont \u00e0 pied d\u2019\u0153uvre pour pr\u00e9server les indices et comprendre comment les auteurs ont pu s\u2019introduire sur un site aussi sensible. Le p\u00e9rim\u00e8tre, s\u00e9curis\u00e9, est pass\u00e9 au peigne fin. Aucune pr\u00e9cision n\u2019a encore \u00e9t\u00e9 donn\u00e9e sur les dispositifs de s\u00e9curit\u00e9 en place, comme la vid\u00e9osurveillance ou les alarmes.<\/p>\n<p><a href=\"https:\/\/www.20minutes.fr\/societe\/herault\/\" target=\"_blank\" class=\"c-link c-btn c-btn--primary\" rel=\"noopener\">Nos informations sur l&rsquo;H\u00e9rault<\/a><\/p>\n<p>La question est de savoir pourquoi cette \u00e9cole d\u2019aviation civile reconnue \u00e0 l\u2019\u00e9chelle internationale a \u00e9t\u00e9 vis\u00e9e. Les enqu\u00eateurs s\u2019attellent \u00e0 cerner les motivations des auteurs de ce sabotage a\u00e9rien in\u00e9dit en France. Le montant des dommages, qui s\u2019annonce particuli\u00e8rement \u00e9lev\u00e9, est encore en cours d\u2019\u00e9valuation.<\/p>\n","protected":false},"excerpt":{"rendered":"L\u2019\u00e9cole sup\u00e9rieure des m\u00e9tiers de l\u2019a\u00e9ronautique (ESMA), situ\u00e9e \u00e0 P\u00e9rols, pr\u00e8s de Montpellier, a \u00e9t\u00e9 la cible d\u2019un&hellip;\n","protected":false},"author":2,"featured_media":115320,"comment_status":"","ping_status":"","sticky":false,"template":"","format":"standard","meta":{"footnotes":""},"categories":[9599],"tags":[1111,47,11,663,37,1067,1777,674,118,1312,1011,27,3381,7089,23559,2681,2208,12,2680,25],"class_list":{"0":"post-115319","1":"post","2":"type-post","3":"status-publish","4":"format-standard","5":"has-post-thumbnail","7":"category-montpellier","8":"tag-actu","9":"tag-actualite","10":"tag-actualites","11":"tag-aeroport","12":"tag-avion","13":"tag-enquete","14":"tag-eu","15":"tag-europe","16":"tag-faits-divers","17":"tag-feu","18":"tag-fr","19":"tag-france","20":"tag-gendarmerie","21":"tag-herault","22":"tag-incendie-criminel","23":"tag-languedoc-roussillon","24":"tag-montpellier","25":"tag-news","26":"tag-occitanie","27":"tag-republique-francaise"},"share_on_mastodon":{"url":"https:\/\/pubeurope.com\/@fr\/114542370072889949","error":""},"_links":{"self":[{"href":"https:\/\/www.europesays.com\/fr\/wp-json\/wp\/v2\/posts\/115319","targetHints":{"allow":["GET"]}}],"collection":[{"href":"https:\/\/www.europesays.com\/fr\/wp-json\/wp\/v2\/posts"}],"about":[{"href":"https:\/\/www.europesays.com\/fr\/wp-json\/wp\/v2\/types\/post"}],"author":[{"embeddable":true,"href":"https:\/\/www.europesays.com\/fr\/wp-json\/wp\/v2\/users\/2"}],"replies":[{"embeddable":true,"href":"https:\/\/www.europesays.com\/fr\/wp-json\/wp\/v2\/comments?post=115319"}],"version-history":[{"count":0,"href":"https:\/\/www.europesays.com\/fr\/wp-json\/wp\/v2\/posts\/115319\/revisions"}],"wp:featuredmedia":[{"embeddable":true,"href":"https:\/\/www.europesays.com\/fr\/wp-json\/wp\/v2\/media\/115320"}],"wp:attachment":[{"href":"https:\/\/www.europesays.com\/fr\/wp-json\/wp\/v2\/media?parent=115319"}],"wp:term":[{"taxonomy":"category","embeddable":true,"href":"https:\/\/www.europesays.com\/fr\/wp-json\/wp\/v2\/categories?post=115319"},{"taxonomy":"post_tag","embeddable":true,"href":"https:\/\/www.europesays.com\/fr\/wp-json\/wp\/v2\/tags?post=115319"}],"curies":[{"name":"wp","href":"https:\/\/api.w.org\/{rel}","templated":true}]}}