{"id":1153259,"date":"2026-08-28T03:44:19","date_gmt":"2026-08-28T03:44:19","guid":{"rendered":"https:\/\/www.europesays.com\/fr\/1153259\/"},"modified":"2026-08-28T03:44:19","modified_gmt":"2026-08-28T03:44:19","slug":"la-maison-des-maternelles-la-nouvelle-version-avec-marie-portolano-a-9h30-a-la-place-de-telematin-la-suite-est-lancee-ce-vendredi","status":"publish","type":"post","link":"https:\/\/www.europesays.com\/fr\/1153259\/","title":{"rendered":"La Maison des Maternelles : La nouvelle version avec Marie Portolano \u00e0 9h30 \u00e0 la place de T\u00e9l\u00e9matin, la suite est lanc\u00e9e ce vendredi"},"content":{"rendered":"<p>Marie Portolano fait sa rentr\u00e9e sur France 2 ! Ce vendredi 28 ao\u00fbt, la journaliste prend les commandes de la nouvelle saison de La Maison des Maternelles avec Houssem Loussaief d\u00e8s 9h30. L&rsquo;\u00e9mission Les Maternelles XXL, diffus\u00e9e en quotidienne, a tir\u00e9 sa r\u00e9v\u00e9rence sur France 5 <a href=\"https:\/\/www.programme-tv.net\/news\/tv\/397188-exclu-c-est-normal-marie-portolano-reagit-aux-audiences-difficiles-des-maternelles-xxl\/\" data-api-deeplink=\"teleloisirs:\/\/news\/397188\" rel=\"nofollow noopener\" target=\"_blank\">\u00e0 cause d&rsquo;une moyenne d&rsquo;audience catastrophique<\/a> et <a href=\"https:\/\/www.programme-tv.net\/news\/tv\/403565-les-maternelles-s-arrete-sur-france-5-les-vraies-raisons-de-l-annulation-de-la-quotidienne\/\" data-api-deeplink=\"teleloisirs:\/\/news\/403565\" rel=\"nofollow noopener\" target=\"_blank\">sera remplac\u00e9e par une version hebdomadaire<\/a>, tous les vendredis, juste apr\u00e8s T\u00e9l\u00e9matin.<\/p>\n<p>Au programme, Marie Portolano et Houssem Loussaief proposeront pendant 65 minutes des t\u00e9moignages, d\u00e9cryptages, conseils pratiques et feront intervenir des experts autour de tout ce qui fait le quotidien des parents. Pour combler le manque de la quotidienne, la pr\u00e9sence des Maternelles sera renforc\u00e9e sur le digital avec une cha\u00eene th\u00e9matique d\u00e9di\u00e9e sur france.tv et de nouveaux formats sur les r\u00e9seaux sociaux.<\/p>\n<p>                        Marie Portolano se confie sur la rentr\u00e9e de La Maison des Maternelles sur France 2<\/p>\n<p>Ce changement est un nouveau d\u00e9fi pour Marie Portolano. \u00ab\u00a0J&rsquo;ai trop h\u00e2te\u00a0\u00bb, confie <a href=\"https:\/\/www.programme-tv.net\/news\/tv\/387633-marie-portolano-debarque-dans-les-maternelles-xxl-sur-france-4-j-ai-envie-de-me-poser\/\" data-api-deeplink=\"teleloisirs:\/\/news\/387633\" rel=\"nofollow noopener\" target=\"_blank\">l&rsquo;animatrice de La Maison des Maternelles<\/a> dans une interview accord\u00e9e T\u00e9l\u00e9-Loisirs sur le challenge qui l&rsquo;attend. Et elle a surtout h\u00e2te de retrouver son \u00e9quipe : \u00ab\u00a0\u00c7a fait deux mois qu&rsquo;on ne s&rsquo;est pas vus et on est vraiment hyper contents de se retrouver pour la rentr\u00e9e.\u00a0\u00bb<\/p>\n<p>\u00ab\u00a0On a une chance inou\u00efe, avec l&rsquo;\u00e9quipe des Maternelles, d&rsquo;\u00eatre devenues des vraies personnes importantes les unes pour les autres, qui est la plus grande richesse de ce monde. C&rsquo;est-\u00e0-dire de travailler avec des gens qu&rsquo;on aime\u00a0\u00bb, \u00e9voque-t-elle sa relation avec les chroniqueurs de l&rsquo;\u00e9mission avec qui elle \u00e9change r\u00e9guli\u00e8rement dans un groupe WhatsApp.<\/p>\n<p>            La Maison des Maternelles : ce d\u00e9fi que va devoir relever Marie Portolano cette saison<\/p>\n<p>Concernant les changements \u00e0 pr\u00e9voir dans la nouvelle version des Maternelles, Marie Portolano assure qu&rsquo;il n&rsquo;y a \u00ab\u00a0rien qui change sur le lin\u00e9aire\u00a0\u00bb. \u00ab\u00a0L&rsquo;\u00e9mission qui sera diffus\u00e9e sur France 2, vendredi \u00e0 9h30, sera avec les m\u00eames gens et les m\u00eames chroniqueurs\u00a0\u00bb, annonce-t-elle.<\/p>\n<p>Elle confirme cependant un virage in\u00e9dit sur le digital. \u00ab\u00a0On va se d\u00e9ployer vraiment \u00e0 100% sur le digital. L&rsquo;\u00e9mission des Maternelles va \u00eatre pr\u00e9curseur. \u00c7a va \u00eatre la premi\u00e8re \u00e9mission \u00e0 se transformer \u00e0 l&rsquo;\u00e8re des r\u00e9seaux sociaux et \u00e0 proposer une offre full digitale\u00a0\u00bb, se f\u00e9licite-t-elle.<\/p>\n<p>\u00ab\u00a0On va devoir se transformer, mais c&rsquo;est tr\u00e8s excitant. Avec les podcasts film\u00e9s, on va vraiment se diversifier\u00a0\u00bb, explique-t-elle sur son \u00ab\u00a0challenge de la saison\u00a0\u00bb pour sauver le programme apr\u00e8s de faibles audiences. Sur les r\u00e9seaux sociaux, l&rsquo;\u00e9mission est suivie par 4,6 millions de personnes. \u00ab\u00a0\u00c7a veut dire qu&rsquo;il y a vraiment une vraie demande des parents qui sont connect\u00e9s sur leur t\u00e9l\u00e9phone et pas sur leur t\u00e9l\u00e9vision\u00a0\u00bb, estime Marie Portolano.<\/p>\n<p><b>Propos de Marie Portolano recueillis par \u00c9milie Flores.<\/b><\/p>\n","protected":false},"excerpt":{"rendered":"Marie Portolano fait sa rentr\u00e9e sur France 2 ! Ce vendredi 28 ao\u00fbt, la journaliste prend les commandes&hellip;\n","protected":false},"author":2,"featured_media":1153260,"comment_status":"","ping_status":"","sticky":false,"template":"","format":"standard","meta":{"footnotes":"","_share_on_mastodon":"0"},"categories":[1356],"tags":[244,58,59,1011,27,594,2173,99588,33118,252,1364],"class_list":["post-1153259","post","type-post","status-publish","format-standard","has-post-thumbnail","category-television","tag-commentaire","tag-divertissement","tag-entertainment","tag-fr","tag-france","tag-france-2","tag-interview","tag-la-maison-des-maternelles","tag-marie-portolano","tag-television","tag-tv"],"share_on_mastodon":{"url":"https:\/\/pubeurope.com\/@fr\/117171078176511823","error":""},"_links":{"self":[{"href":"https:\/\/www.europesays.com\/fr\/wp-json\/wp\/v2\/posts\/1153259","targetHints":{"allow":["GET"]}}],"collection":[{"href":"https:\/\/www.europesays.com\/fr\/wp-json\/wp\/v2\/posts"}],"about":[{"href":"https:\/\/www.europesays.com\/fr\/wp-json\/wp\/v2\/types\/post"}],"author":[{"embeddable":true,"href":"https:\/\/www.europesays.com\/fr\/wp-json\/wp\/v2\/users\/2"}],"replies":[{"embeddable":true,"href":"https:\/\/www.europesays.com\/fr\/wp-json\/wp\/v2\/comments?post=1153259"}],"version-history":[{"count":0,"href":"https:\/\/www.europesays.com\/fr\/wp-json\/wp\/v2\/posts\/1153259\/revisions"}],"wp:featuredmedia":[{"embeddable":true,"href":"https:\/\/www.europesays.com\/fr\/wp-json\/wp\/v2\/media\/1153260"}],"wp:attachment":[{"href":"https:\/\/www.europesays.com\/fr\/wp-json\/wp\/v2\/media?parent=1153259"}],"wp:term":[{"taxonomy":"category","embeddable":true,"href":"https:\/\/www.europesays.com\/fr\/wp-json\/wp\/v2\/categories?post=1153259"},{"taxonomy":"post_tag","embeddable":true,"href":"https:\/\/www.europesays.com\/fr\/wp-json\/wp\/v2\/tags?post=1153259"}],"curies":[{"name":"wp","href":"https:\/\/api.w.org\/{rel}","templated":true}]}}