{"id":1153271,"date":"2026-08-28T03:51:21","date_gmt":"2026-08-28T03:51:21","guid":{"rendered":"https:\/\/www.europesays.com\/fr\/1153271\/"},"modified":"2026-08-28T03:51:21","modified_gmt":"2026-08-28T03:51:21","slug":"une-vaste-etude-revele-que-ceux-qui-dorment-ce-nombre-dheures-chaque-jour-vieillissent-moins-vite-que-les-autres","status":"publish","type":"post","link":"https:\/\/www.europesays.com\/fr\/1153271\/","title":{"rendered":"Une vaste \u00e9tude r\u00e9v\u00e8le que ceux qui dorment ce nombre d\u2019heures chaque jour vieillissent moins vite que les autres"},"content":{"rendered":"<p>Vous le savez, votre date de naissance n&rsquo;est pas le seul d\u00e9terminant de votre sant\u00e9. Au m\u00eame \u00e2ge, deux personnes peuvent \u00eatre \u00e0 des stades de vieillissement diff\u00e9rents. Pour connaitre l&rsquo;\u00e9tat d&rsquo;usure r\u00e9el des cellules et des organes, c&rsquo;est-\u00e0-dire le <a href=\"https:\/\/www.futura-sciences.com\/sante\/actualites\/vieillissement-seulement-5-gouttes-sang-ia-revele-votre-age-biologique-vous-pourriez-etre-surpris-120750\/\" title=\"Avec seulement 5 gouttes de sang, l\u2019IA r\u00e9v\u00e8le votre \u00e2ge biologique et vous pourriez \u00eatre surpris !\" rel=\"nofollow noopener\" target=\"_blank\">vieillissement biologique<\/a>, les scientifiques se basent g\u00e9n\u00e9ralement sur l&rsquo;<a href=\"https:\/\/www.futura-sciences.com\/sante\/definitions\/biologie-horloge-interne-15147\/\" rel=\"nofollow noopener\" target=\"_blank\">horloge biologique<\/a>.<\/p>\n<p>Celle-ci est d\u00e9termin\u00e9e sur la base de multiples donn\u00e9es\u00a0issues d&rsquo;analyses de sang (<a href=\"https:\/\/www.futura-sciences.com\/sciences\/definitions\/chimie-titrage-14927\/\" rel=\"nofollow noopener\" target=\"_blank\">dosage<\/a> des prot\u00e9ines, des m\u00e9tabolites, des hormones, mesure de la longueur des t\u00e9lom\u00e8res&#8230;), d&rsquo;imageries m\u00e9dicales (IRM, <a href=\"https:\/\/www.futura-sciences.com\/sante\/definitions\/medecine-scanner-2840\/\" rel=\"nofollow noopener\" target=\"_blank\">scanners<\/a>&#8230;), de <a href=\"https:\/\/www.futura-sciences.com\/sante\/actualites\/maladie-alzheimer-alzheimer-ce-test-simple-fait-quelques-minutes-pourrait-reveler-signes-precoces-maladie-125186\/\" title=\"Alzheimer : ce test simple fait en quelques minutes pourrait r\u00e9v\u00e9ler des signes pr\u00e9coces de la maladie\" rel=\"nofollow noopener\" target=\"_blank\">tests<\/a> cognitifs et fonctionnels (m\u00e9moire, fonctions ex\u00e9cutives, <a href=\"https:\/\/www.futura-sciences.com\/sciences\/definitions\/physique-vitesse-324\/\" rel=\"nofollow noopener\" target=\"_blank\">vitesse<\/a> de marche, \u00e9quilibre&#8230;), etc., qui sont compil\u00e9es en utilisant le <a href=\"https:\/\/www.futura-sciences.com\/tech\/definitions\/intelligence-artificielle-machine-learning-21060\/\" rel=\"nofollow noopener\" target=\"_blank\">machine learning<\/a>. L&rsquo;horloge biologique permet ainsi de mieux pr\u00e9dire l&rsquo;<a href=\"https:\/\/www.futura-sciences.com\/sante\/actualites\/vie-esperance-vie-hommes-australiens-femmes-suisses-tete-77389\/\" title=\"Esp\u00e9rance de vie : les hommes australiens et les femmes suisses en t\u00eate\" rel=\"nofollow noopener\" target=\"_blank\">esp\u00e9rance de vie<\/a> en bonne sant\u00e9.<\/p>\n<p>En g\u00e9n\u00e9ral, l&rsquo;horloge biologique fournit une mesure unique pour l&rsquo;ensemble du corps. Pourtant, diff\u00e9rents organes peuvent vieillir \u00e0 des vitesses diff\u00e9rentes. C&rsquo;est le cas par exemple de la fonction ovarienne\u00a0: elle contribue \u00e0 l&rsquo;horloge biologique associ\u00e9e \u00e0 la fertilit\u00e9 f\u00e9minine, mais son vieillissement ne se fait pas au m\u00eame rythme que celle de l&rsquo;<a href=\"https:\/\/www.futura-sciences.com\/sante\/dossiers\/biologie-immunologie-recherche-ame-soeur-758\/page\/2\/\" title=\"Les immunit\u00e9s inn\u00e9e et acquise, entre archa\u00efsme et modernit\u00e9\" rel=\"nofollow noopener\" target=\"_blank\">immunit\u00e9<\/a>, du <a href=\"https:\/\/www.futura-sciences.com\/sante\/definitions\/biologie-foie-6966\/\" rel=\"nofollow noopener\" target=\"_blank\">foie<\/a> ou du <a href=\"https:\/\/www.futura-sciences.com\/sante\/definitions\/biologie-cerveau-3125\/\" rel=\"nofollow noopener\" target=\"_blank\">cerveau<\/a>.<\/p>\n<p>Une \u00e9quipe de chercheurs am\u00e9ricains men\u00e9e par Junhao Wen, professeur de <a href=\"https:\/\/www.futura-sciences.com\/sante\/definitions\/medecine-radiologie-13843\/\" rel=\"nofollow noopener\" target=\"_blank\">radiologie<\/a> au Vagelos College of Physicians and Surgeons de l&rsquo;Universit\u00e9 <a href=\"https:\/\/www.futura-sciences.com\/sciences\/definitions\/univers-columbia-4174\/\" rel=\"nofollow noopener\" target=\"_blank\">Columbia<\/a> aux \u00c9tats-Unis, travaille depuis plusieurs ann\u00e9es au d\u00e9veloppement d&rsquo;horloges biologiques du vieillissement ax\u00e9es sur des organes sp\u00e9cifiques. L&rsquo;objectif est de fournir des informations plus d\u00e9taill\u00e9es et potentiellement plus personnalis\u00e9es sur la sant\u00e9 d&rsquo;une personne.<\/p>\n<p class=\"fs-media\">\n<p><img decoding=\"async\" data-imgid=\"full\" src=\"https:\/\/www.europesays.com\/fr\/wp-content\/uploads\/2026\/08\/organes-humains.jpeg\" width=\"1080\" height=\"1927\" alt=\"\" loading=\"lazy\"\/><br \/>\nLes scientifiques ont cherch\u00e9 \u00e0 mieux connaitre les liens entre dur\u00e9e du sommeil et vieillissement des organes.\u00a9 dragonflypor9, Adobe Stock (image g\u00e9n\u00e9r\u00e9e \u00e0 l\u2019aide de l\u2019IA)<\/p>\n<p>Comment le sommeil est associ\u00e9 au vieillissement des organes\u00a0?<\/p>\n<p>\u00ab Ces horloges biologiques du vieillissement et leur capacit\u00e9 \u00e0 pr\u00e9dire les risques de maladie et de mortalit\u00e9 suscitent un vif int\u00e9r\u00eat, explique Junhao Wen. Mais pour moi, la question la plus passionnante est la suivante : pouvons-nous relier ces <a href=\"https:\/\/www.futura-sciences.com\/sante\/actualites\/maladie-horloge-biologique-rupture-rythme-circadien-favorise-maladies-74297\/\" title=\"Horloge biologique : comment une rupture du rythme circadien favorise des maladies\" rel=\"nofollow noopener\" target=\"_blank\">horloges biologiques<\/a> \u00e0 un facteur li\u00e9 au mode de vie, modifiable \u00e0 temps pour ralentir le vieillissement ? \u00bb.<\/p>\n<p>\n            <img decoding=\"async\" data-imgid=\"sm\" src=\"https:\/\/www.europesays.com\/fr\/wp-content\/uploads\/2026\/08\/quantite-heures-sommeil.png\" width=\"320\" height=\"320\" alt=\"Trop ou pas assez de sommeil ? Voici le seuil qui fait vieillir votre cerveau. \u00a9 FreshSplash, iStock\" loading=\"lazy\"\/><br \/>\n        <a href=\"https:\/\/www.futura-sciences.com\/sante\/actualites\/sommeil-chercheurs-devoilent-duree-sommeil-parfaite-eviter-declin-cognitif-c7g3-126413\/\" class=\"article-link article-title\" target=\"_blank\" rel=\"nofollow noopener\">Les chercheurs d\u00e9voilent la dur\u00e9e de sommeil parfaite pour \u00e9viter le d\u00e9clin cognitif<\/a><\/p>\n<p class=\"article-synopsis\">\n        Pass\u00e9 la quarantaine, la qualit\u00e9 de vos nuits d\u00e9termine directement l&rsquo;\u00e9tat de votre cerveau. Une r\u00e9cente \u00e9tude scientifique r\u00e9v\u00e8le qu&rsquo;exactement sept heures de sommeil constituent la dur\u00e9e optimale pour pr\u00e9server vos fonctions cognitives. Dormir moins ou davantage compromet significativement vos capacit\u00e9s mentales et votre bien-\u00eatre psychologique&#8230;. Lire la suite\n    <\/p>\n<\/p>\n<p>Parce qu&rsquo;il souffrait lui-m\u00eame d&rsquo;une tendance \u00e0 peu dormir dont les cons\u00e9quences potentielles sur sa sant\u00e9 l&rsquo;inqui\u00e9taient, qu&rsquo;il a d\u00e9cid\u00e9 d&rsquo;\u00e9tudier le facteur <a href=\"https:\/\/www.futura-sciences.com\/sante\/definitions\/biologie-sommeil-13340\/\" rel=\"nofollow noopener\" target=\"_blank\">sommeil<\/a>. Avec son \u00e9quipe, il a compil\u00e9 les donn\u00e9es d&rsquo;environ 500\u00a0000 personnes faisant partie de l&rsquo;UK Biobank afin de d\u00e9terminer la signature biologique de 23 horloges biologiques couvrant 17 organes ou syst\u00e8mes d&rsquo;organe (foie, <a href=\"https:\/\/www.futura-sciences.com\/sante\/definitions\/medecine-rein-4339\/\" rel=\"nofollow noopener\" target=\"_blank\">rein<\/a>, <a href=\"https:\/\/www.futura-sciences.com\/sante\/definitions\/medecine-immunite-2723\/\" rel=\"nofollow noopener\" target=\"_blank\">immunit\u00e9<\/a>, vaisseaux, c\u0153ur, <a href=\"https:\/\/www.futura-sciences.com\/sante\/actualites\/tabac-voici-ce-arrive-vos-poumons-vous-arretez-fumer-118795\/\" title=\"Voici ce qui arrive \u00e0 vos poumons quand vous arr\u00eatez de fumer\" rel=\"nofollow noopener\" target=\"_blank\">poumons<\/a>, sang, cerveau, etc.). Les chercheurs ont ensuite compar\u00e9 la <a href=\"https:\/\/www.futura-sciences.com\/sciences\/definitions\/physique-duree-14966\/\" rel=\"nofollow noopener\" target=\"_blank\">dur\u00e9e<\/a> de sommeil de chaque participant aux estimations des \u00e2ges biologiques de ses diff\u00e9rents organes.<\/p>\n<p>Ni trop ni pas assez<\/p>\n<p>Publi\u00e9s dans la prestigieuse revue <a href=\"https:\/\/www.nature.com\/articles\/s41586-026-10524-5\" rel=\"nofollow noopener\" target=\"_blank\">Nature<\/a>, les r\u00e9sultats r\u00e9v\u00e8lent que les personnes qui disent dormir peu (moins de 6 heures par nuit) et celles qui affirment dormir beaucoup (plus de 8 heures) tendent \u00e0 pr\u00e9senter un vieillissement biologique plus important que les autres. Une v\u00e9ritable courbe en U\u00a0! Celles qui en revanche dorment entre 6,4 et 7,8 heures par jour sont celles dont les niveaux de vieillissement sont les plus faibles. \u00a0<\/p>\n<p>\n            <img decoding=\"async\" data-imgid=\"sm\" src=\"https:\/\/www.europesays.com\/fr\/wp-content\/uploads\/2026\/08\/besoins-sommeil-age.png\" width=\"320\" height=\"320\" alt=\"Et si 8 heures de sommeil n\u2019\u00e9taient pas toujours n\u00e9cessaires ? Voici la v\u00e9rit\u00e9 selon l\u2019\u00e2ge. \u00a9\u00a0LindaYolanda, iStock\" loading=\"lazy\"\/><br \/>\n        <a href=\"https:\/\/www.futura-sciences.com\/sante\/questions-reponses\/sommeil-duree-sommeil-parfaite-change-age-decouvrez-votre-23325\/\" class=\"article-link article-title\" target=\"_blank\" rel=\"nofollow noopener\">La dur\u00e9e de sommeil parfaite change avec l\u2019\u00e2ge : d\u00e9couvrez la v\u00f4tre<\/a><\/p>\n<p class=\"article-synopsis\">\n        Un tiers de notre existence se d\u00e9roule dans les bras de Morph\u00e9e, pourtant la plupart d&rsquo;entre nous ignorent leurs v\u00e9ritables besoins de repos. Chaque tranche d&rsquo;\u00e2ge requiert une dur\u00e9e sp\u00e9cifique de sommeil pour optimiser sant\u00e9 physique et mentale. Cette n\u00e9gligence du repos nocturne compromet notre bien-\u00eatre et notre long\u00e9vit\u00e9 de fa\u00e7on dramatique&#8230;. Lire la suite\n    <\/p>\n<\/p>\n<p>\u00ab\u00a0Ce lien global entre le cerveau et le corps est important, car il nous indique que la dur\u00e9e du sommeil est profond\u00e9ment ancr\u00e9e dans notre physiologie, avec des r\u00e9percussions consid\u00e9rables sur l&rsquo;ensemble de l&rsquo;organisme\u00a0\u00bb, commente Junhao Wen.<\/p>\n<p>Notez bien que ces r\u00e9sultats ne d\u00e9montrent pas que la dur\u00e9e de sommeil \u00e0 elle seule acc\u00e9l\u00e8re ou ralentit le vieillissement des organes, mais plut\u00f4t qu&rsquo;un manque ou un exc\u00e8s de <a href=\"https:\/\/www.futura-sciences.com\/sante\/actualites\/effet-sommeil-sante-sommeil-trop-dormir-tue-60899\/\" title=\"Sommeil : trop dormir tue\" rel=\"nofollow noopener\" target=\"_blank\">sommeil<\/a> pourraient \u00eatre le signe d&rsquo;une sant\u00e9 globalement plus fragile.<\/p>\n<p>Un lien tr\u00e8s net avec les maladies<\/p>\n<p>Selon les chercheurs, ceux qui dormaient moins avaient en effet plus de risque d&rsquo;\u00e9pisode d\u00e9pressif et de troubles anxieux, mais \u00e9galement plus d&rsquo;<a href=\"https:\/\/www.futura-sciences.com\/sante\/definitions\/medecine-obesite-5126\/\" rel=\"nofollow noopener\" target=\"_blank\">ob\u00e9sit\u00e9<\/a>, de <a href=\"https:\/\/www.futura-sciences.com\/sante\/definitions\/medecine-diabete-3242\/\" rel=\"nofollow noopener\" target=\"_blank\">diab\u00e8te<\/a> de type 2, d&rsquo;<a href=\"https:\/\/www.futura-sciences.com\/sante\/questions-reponses\/maladies-cardiovasculaires-hypertension-voici-ce-science-dit-aujourdhui-meilleur-moment-prendre-son-traitement-w2t8-25925\/\" title=\"Hypertension : voici ce que la science dit aujourd&#039;hui sur le meilleur moment pour prendre son traitement\" rel=\"nofollow noopener\" target=\"_blank\">hypertension<\/a> et de maladies cardiaques (<a href=\"https:\/\/www.futura-sciences.com\/sante\/definitions\/medecine-cardiopathie-6386\/\" rel=\"nofollow noopener\" target=\"_blank\">cardiopathies<\/a> <a href=\"https:\/\/www.futura-sciences.com\/sante\/definitions\/medecine-ischemique-2456\/\" rel=\"nofollow noopener\" target=\"_blank\">isch\u00e9miques<\/a>, <a href=\"https:\/\/www.futura-sciences.com\/sante\/definitions\/medecine-arythmie-3024\/\" rel=\"nofollow noopener\" target=\"_blank\">arythmies<\/a>).<\/p>\n<p>Et autant ceux qui dormaient trop que ceux qui ne dormaient pas assez avaient plus de risque de bronchopneumopathie chronique obstructive (<a href=\"https:\/\/www.futura-sciences.com\/sante\/definitions\/medecine-bpco-5990\/\" rel=\"nofollow noopener\" target=\"_blank\">BPCO<\/a>) d&rsquo;<a href=\"https:\/\/www.futura-sciences.com\/sante\/questions-reponses\/asthme-crises-asthme-frappent-elles-surtout-nuit-25121\/\" title=\"Pourquoi les crises d\u2019asthme frappent-elles surtout la nuit ?\" rel=\"nofollow noopener\" target=\"_blank\">asthme<\/a> et de troubles digestifs (<a href=\"https:\/\/www.futura-sciences.com\/sante\/definitions\/medecine-gastrite-3410\/\" rel=\"nofollow noopener\" target=\"_blank\">gastrite<\/a>, <a href=\"https:\/\/www.futura-sciences.com\/sante\/actualites\/estomac-brulures-estomac-apparaissent-elles-faut-il-commencer-inquieter-137316\/\" title=\"Br\u00fblures d\u2019estomac : pourquoi apparaissent-elles et quand faut-il commencer \u00e0 s\u2019inqui\u00e9ter ?\" rel=\"nofollow noopener\" target=\"_blank\">br\u00fblures d\u2019estomac<\/a>).<\/p>\n<p>\u00ab\u00a0Les <a href=\"https:\/\/www.futura-sciences.com\/sante\/definitions\/sommeil-trouble-sommeil-13495\/\" rel=\"nofollow noopener\" target=\"_blank\">troubles du sommeil<\/a> sont associ\u00e9s \u00e0 des risques de maladies et \u00e0 une architecture <a href=\"https:\/\/www.futura-sciences.com\/sante\/definitions\/genetique-genetique-152\/\" rel=\"nofollow noopener\" target=\"_blank\">g\u00e9n\u00e9tique<\/a> commune : une dur\u00e9e de sommeil courte semble avoir un impact syst\u00e9mique plus \u00e9tendu, tandis qu&rsquo;une dur\u00e9e longue s&rsquo;accompagne d&rsquo;une charge <a href=\"https:\/\/www.futura-sciences.com\/sante\/definitions\/medecine-pathologique-2801\/\" rel=\"nofollow noopener\" target=\"_blank\">pathologique<\/a> plus localis\u00e9e, davantage concentr\u00e9e sur le cerveau\u00a0\u00bb, commente le chercheur dans un post publi\u00e9 sur X.<\/p>\n<blockquote class=\"twitter-tweet\" data-dnt=\"true\">\n<p lang=\"en\" dir=\"ltr\">???? ???? ???? ???? ????\ufe0f ???? ????<br \/>Today marks a meaningful milestone for LABS \u2014 our SleepChart paper, \u201cSleep chart of biological ageing clocks in middle and late life,\u201d is now online in <a href=\"https:\/\/x.com\/Nature?ref_src=twsrc%5Etfw\" rel=\"nofollow\">@Nature<\/a>.<br \/>In this work, we link sleep patterns with biological aging clocks across the brain and body,\u2026<\/p>\n<p>\u2014 Junhao (Hao) Wen (@JunhaoWen) <a href=\"https:\/\/x.com\/JunhaoWen\/status\/2054583777431589098?ref_src=twsrc%5Etfw\" rel=\"nofollow\">May 13, 2026<\/a><\/p><\/blockquote>\n<p>Sommeil et d\u00e9pression\u00a0: deux voies distinctes\u00a0?<\/p>\n<p>Les r\u00e9sultats montrent par exemple que la relation entre une dur\u00e9e longue de sommeil et <a href=\"https:\/\/www.futura-sciences.com\/sante\/actualites\/depression-depression-peut-on-vraiment-aller-mieux-10-minutes-science-teste-resultats-sont-surprenants-132691\/\" title=\"D\u00e9pression : peut-on vraiment aller mieux en 10 minutes\u202f? La science a test\u00e9, et les r\u00e9sultats sont surprenants\" rel=\"nofollow noopener\" target=\"_blank\">d\u00e9pression<\/a> de la personne \u00e2g\u00e9e soit m\u00e9diatis\u00e9e par les horloges du vieillissement c\u00e9r\u00e9bral et du <a href=\"https:\/\/www.futura-sciences.com\/sante\/definitions\/corps-humain-tissu-adipeux-15691\/\" rel=\"nofollow noopener\" target=\"_blank\">tissu adipeux<\/a>, alors qu&rsquo;une dur\u00e9e de sommeil courte semble exercer un effet plus direct sur les zones du cerveau impliqu\u00e9es dans la d\u00e9pression.<\/p>\n<p>\n            <img decoding=\"async\" data-imgid=\"sm\" src=\"https:\/\/www.europesays.com\/fr\/wp-content\/uploads\/2026\/08\/chambre-sommeil-nuit.png\" width=\"320\" height=\"320\" alt=\"Dormir la nuit avec une lumi\u00e8re provenant d\u2019un \u00e9clairage artificiel m\u00eame faible augmenterait le risque de maladie cardiaque, estime une nouvelle \u00e9tude. \u00a9 Gorodenkoff, Adobe Stock\" loading=\"lazy\"\/><br \/>\n        <a href=\"https:\/\/www.futura-sciences.com\/sante\/actualites\/maladies-cardiovasculaires-personnes-dorment-ces-conditions-voient-leur-risque-cardiaque-grimper-revele-vaste-etude-127743\/\" class=\"article-link article-title\" target=\"_blank\" rel=\"nofollow noopener\">Les personnes qui dorment dans ces conditions voient leur risque cardiaque grimper, r\u00e9v\u00e8le une vaste \u00e9tude<\/a><\/p>\n<p class=\"article-synopsis\">\n        Dormir dans une pi\u00e8ce baign\u00e9e par la lumi\u00e8re d\u2019un lampadaire ou d\u2019une enseigne para\u00eet anodin. Pourtant, de nouvelles donn\u00e9es scientifiques sugg\u00e8rent que ces halos urbains pourraient perturber bien plus que votre sommeil. En suivant pr\u00e8s de 500 adultes pendant une d\u00e9cennie, des chercheurs ont mis en \u00e9vidence un lien inattendu entre lumi\u00e8re nocturne, stress c\u00e9r\u00e9bral et risques cardiaques accrus. Une menace silencieuse, mais \u00e9vitable&#8230;. Lire la suite\n    <\/p>\n<\/p>\n<p>\u00ab Cela a des implications majeures pour la prise en charge du sommeil et les futures approches th\u00e9rapeutiques \u00bb de la d\u00e9pression chez les personnes \u00e2g\u00e9es, d\u00e9clare Junhao Wen. Notre \u00e9tude sugg\u00e8re qu&rsquo;il existe peut-\u00eatre des voies biologiques distinctes &#8211; selon que l&rsquo;on dort peu ou beaucoup &#8211; menant \u00e0 une m\u00eame issue, la d\u00e9pression chez les personnes \u00e2g\u00e9es ; par cons\u00e9quent, nous ne devrions pas les traiter de la m\u00eame mani\u00e8re. \u00bb<\/p>\n","protected":false},"excerpt":{"rendered":"Vous le savez, votre date de naissance n&rsquo;est pas le seul d\u00e9terminant de votre sant\u00e9. Au m\u00eame \u00e2ge,&hellip;\n","protected":false},"author":2,"featured_media":1153272,"comment_status":"","ping_status":"","sticky":false,"template":"","format":"standard","meta":{"footnotes":"","_share_on_mastodon":"0"},"categories":[7],"tags":[231,1011,27,93478,53702,71,18495,43,40,41,39,279,42,44,282,117821],"class_list":["post-1153271","post","type-post","status-publish","format-standard","has-post-thumbnail","category-sciences-et-technologies","tag-cerveau","tag-fr","tag-france","tag-horloge-biologique","tag-immunite","tag-sante","tag-sante-cardiovasculaire","tag-science","tag-science-and-technology","tag-sciences","tag-sciences-et-technologies","tag-sommeil","tag-technologies","tag-technology","tag-vieillissement","tag-vieillissement-biologique"],"share_on_mastodon":{"url":"https:\/\/pubeurope.com\/@fr\/117171106097069442","error":""},"_links":{"self":[{"href":"https:\/\/www.europesays.com\/fr\/wp-json\/wp\/v2\/posts\/1153271","targetHints":{"allow":["GET"]}}],"collection":[{"href":"https:\/\/www.europesays.com\/fr\/wp-json\/wp\/v2\/posts"}],"about":[{"href":"https:\/\/www.europesays.com\/fr\/wp-json\/wp\/v2\/types\/post"}],"author":[{"embeddable":true,"href":"https:\/\/www.europesays.com\/fr\/wp-json\/wp\/v2\/users\/2"}],"replies":[{"embeddable":true,"href":"https:\/\/www.europesays.com\/fr\/wp-json\/wp\/v2\/comments?post=1153271"}],"version-history":[{"count":0,"href":"https:\/\/www.europesays.com\/fr\/wp-json\/wp\/v2\/posts\/1153271\/revisions"}],"wp:featuredmedia":[{"embeddable":true,"href":"https:\/\/www.europesays.com\/fr\/wp-json\/wp\/v2\/media\/1153272"}],"wp:attachment":[{"href":"https:\/\/www.europesays.com\/fr\/wp-json\/wp\/v2\/media?parent=1153271"}],"wp:term":[{"taxonomy":"category","embeddable":true,"href":"https:\/\/www.europesays.com\/fr\/wp-json\/wp\/v2\/categories?post=1153271"},{"taxonomy":"post_tag","embeddable":true,"href":"https:\/\/www.europesays.com\/fr\/wp-json\/wp\/v2\/tags?post=1153271"}],"curies":[{"name":"wp","href":"https:\/\/api.w.org\/{rel}","templated":true}]}}