{"id":1153286,"date":"2026-08-28T04:04:13","date_gmt":"2026-08-28T04:04:13","guid":{"rendered":"https:\/\/www.europesays.com\/fr\/1153286\/"},"modified":"2026-08-28T04:04:13","modified_gmt":"2026-08-28T04:04:13","slug":"meteo-quel-temps-fera-t-il-a-toulon-et-ses-environs-le-vendredi-28-aout-2026","status":"publish","type":"post","link":"https:\/\/www.europesays.com\/fr\/1153286\/","title":{"rendered":"M\u00e9t\u00e9o. Quel temps fera-t-il \u00e0 Toulon et ses environs le vendredi 28 ao\u00fbt 2026 ?"},"content":{"rendered":"<p data-ofstats-scroll=\"read_depth_20\">La matin\u00e9e se d\u00e9roulera sous un ciel constamment couvert, sans \u00e9claircies notables, annon\u00e7ant une ambiance lourde d\u00e8s les premi\u00e8res heures. La temp\u00e9rature restera globalement stable, oscillant entre 26 \u00b0C et 27 \u00b0C, avec une l\u00e9g\u00e8re hausse apr\u00e8s le d\u00e9but de journ\u00e9e. Le vent \u00e9voluera sensiblement, passant d\u2019est \u00e0 est-nord-est, puis basculant ouest-nord-ouest avant de s\u2019orienter progressivement au sud puis sud-sud-ouest, avec des vitesses variant entre 5 et 20 km\/h et des rafales pouvant atteindre 45 km\/h. L\u2019humidit\u00e9 demeurera \u00e9lev\u00e9e.<\/p>\n<p data-ofstats-scroll=\"read_depth_30\">Dans le prolongement de cette matin\u00e9e maussade, l\u2019apr\u00e8s-midi sera marqu\u00e9 par un ciel constamment couvert, sans \u00e9claircie notable. La temp\u00e9rature grimpera progressivement de 27 \u00b0C en d\u00e9but de p\u00e9riode pour se stabiliser autour de 29 \u00b0C. Le vent, d\u2019abord faible depuis l\u2019ouest puis l\u2019ouest-sud-ouest et le sud, alternera entre 5 et 15 km\/h, avec des rafales pouvant atteindre 35 km\/h vers la mi-journ\u00e9e, avant de rester proches de 30 km\/h. L\u2019humidit\u00e9 demeurera importante tout au long de l\u2019apr\u00e8s-midi.<\/p>\n<p data-ofstats-scroll=\"read_depth_50\">En soir\u00e9e, dans la continuit\u00e9 de cette journ\u00e9e chaude, les temp\u00e9ratures resteront \u00e9lev\u00e9es, oscillant de 28 \u00e0 25 \u00b0C, avec une baisse progressive en fin de p\u00e9riode. Le vent soufflera g\u00e9n\u00e9ralement entre 10 et 15 km\/h, avec des rafales pouvant atteindre 40 km\/h, passant de l\u2019ouest-sud-ouest \u00e0 l\u2019ouest-nord-ouest puis au nord-ouest avant de revenir \u00e0 l\u2019ouest-nord-ouest. La couverture nuageuse, d\u2019abord pleinement install\u00e9e, se morcellera en milieu de soir\u00e9e avant qu\u2019un voile de nuages \u00e9lev\u00e9s ne s\u2019impose de nouveau en fin de nuit, tandis que l\u2019humidit\u00e9 restera globalement mod\u00e9r\u00e9e.<\/p>\n<p data-ofstats-scroll=\"read_depth_70\">Durant la nuit, dans un contexte encore calme, la temp\u00e9rature restera stable autour de 24 \u00b0C, sans variation notable jusqu\u2019au petit matin. Le vent soufflera de mani\u00e8re mod\u00e9r\u00e9e \u00e0 environ 15 km\/h, avec des rafales pouvant atteindre 30 \u00e0 35 km\/h, et une orientation oscillant entre nord-ouest, nord-nord-ouest puis ouest-nord-ouest. Apr\u00e8s un d\u00e9but de nuit nuageux ou voil\u00e9, le ciel deviendra progressivement clair, tandis que l\u2019humidit\u00e9 d\u00e9cro\u00eetra nettement au fil des heures.<\/p>\n<p data-ofstats-scroll=\"read_depth_90\">Pour la journ\u00e9e de samedi, dans le prolongement de cette nuit apais\u00e9e, les temp\u00e9ratures \u00e9volueront autour de 23 \u00e0 24 \u00b0C, sans variation marqu\u00e9e entre le matin et l\u2019apr\u00e8s-midi. Le ciel restera largement d\u00e9gag\u00e9 en premi\u00e8re partie de journ\u00e9e, avant une augmentation sensible de la n\u00e9bulosit\u00e9 en fin d\u2019apr\u00e8s-midi. Le vent soufflera d\u2019abord du nord-nord-ouest puis du nord-ouest et de l\u2019ouest-nord-ouest, avant de s\u2019orienter \u00e0 l\u2019ouest, avec des vitesses comprises entre 10 et 20 km\/h et des rafales pouvant atteindre 45 km\/h. L\u2019humidit\u00e9 progressera le matin puis reculera ensuite.<\/p>\n<p data-ofstats-scroll=\"read_depth_90\"><a href=\"https:\/\/www.ouest-france.fr\/meteo\/provence-alpes-cote-dazur\/toulon-83000\/\" rel=\"nofollow noopener\" target=\"_blank\">Suivez la m\u00e9t\u00e9o de votre commune en temps r\u00e9el<\/a><\/p>\n<p data-ofstats-scroll=\"read_depth_100\">Ouest-France vous donne \u00e9galement la possibilit\u00e9 de conna\u00eetre la m\u00e9t\u00e9o de votre commune, heure par heure, sur notre page m\u00e9t\u00e9o d\u00e9di\u00e9e<\/p>\n","protected":false},"excerpt":{"rendered":"La matin\u00e9e se d\u00e9roulera sous un ciel constamment couvert, sans \u00e9claircies notables, annon\u00e7ant une ambiance lourde d\u00e8s les&hellip;\n","protected":false},"author":2,"featured_media":1153287,"comment_status":"","ping_status":"","sticky":false,"template":"","format":"standard","meta":{"footnotes":"","_share_on_mastodon":"0"},"categories":[9619],"tags":[1111,11,1777,674,1011,27,44394,77217,18323,12,882,25,80953,30989,80954,2310],"class_list":["post-1153286","post","type-post","status-publish","format-standard","has-post-thumbnail","category-toulon","tag-actu","tag-actualites","tag-eu","tag-europe","tag-fr","tag-france","tag-la-garde","tag-la-seyne-sur-mer","tag-la-valette-du-var","tag-news","tag-provence-alpes-cote-dazur","tag-republique-francaise","tag-saint-mandrier-sur-mer","tag-six-fours-les-plages","tag-sollies-toucas","tag-toulon"],"share_on_mastodon":{"url":"https:\/\/pubeurope.com\/@fr\/117171156828236053","error":""},"_links":{"self":[{"href":"https:\/\/www.europesays.com\/fr\/wp-json\/wp\/v2\/posts\/1153286","targetHints":{"allow":["GET"]}}],"collection":[{"href":"https:\/\/www.europesays.com\/fr\/wp-json\/wp\/v2\/posts"}],"about":[{"href":"https:\/\/www.europesays.com\/fr\/wp-json\/wp\/v2\/types\/post"}],"author":[{"embeddable":true,"href":"https:\/\/www.europesays.com\/fr\/wp-json\/wp\/v2\/users\/2"}],"replies":[{"embeddable":true,"href":"https:\/\/www.europesays.com\/fr\/wp-json\/wp\/v2\/comments?post=1153286"}],"version-history":[{"count":0,"href":"https:\/\/www.europesays.com\/fr\/wp-json\/wp\/v2\/posts\/1153286\/revisions"}],"wp:featuredmedia":[{"embeddable":true,"href":"https:\/\/www.europesays.com\/fr\/wp-json\/wp\/v2\/media\/1153287"}],"wp:attachment":[{"href":"https:\/\/www.europesays.com\/fr\/wp-json\/wp\/v2\/media?parent=1153286"}],"wp:term":[{"taxonomy":"category","embeddable":true,"href":"https:\/\/www.europesays.com\/fr\/wp-json\/wp\/v2\/categories?post=1153286"},{"taxonomy":"post_tag","embeddable":true,"href":"https:\/\/www.europesays.com\/fr\/wp-json\/wp\/v2\/tags?post=1153286"}],"curies":[{"name":"wp","href":"https:\/\/api.w.org\/{rel}","templated":true}]}}