{"id":1153296,"date":"2026-08-28T04:10:29","date_gmt":"2026-08-28T04:10:29","guid":{"rendered":"https:\/\/www.europesays.com\/fr\/1153296\/"},"modified":"2026-08-28T04:10:29","modified_gmt":"2026-08-28T04:10:29","slug":"le-gf38-diminue-olivier-frapolli-retrouve-laval-en-quete-dune-premiere-victoire","status":"publish","type":"post","link":"https:\/\/www.europesays.com\/fr\/1153296\/","title":{"rendered":"Le GF38 diminu\u00e9, Olivier Frapolli retrouve Laval en qu\u00eate d\u2019une premi\u00e8re victoire"},"content":{"rendered":"<p itemprop=\"description\"><strong>\u00c0 la recherche d\u2019un rebond apr\u00e8s sa d\u00e9faite \u00e0 Saint-\u00c9tienne, Grenoble se d\u00e9place \u00e0 Laval ce vendredi avec plusieurs absents et un entra\u00eeneur qui retrouvera son ancien club.<\/strong><\/p>\n<p>Sept ann\u00e9es ne s\u2019effacent pas en quelques semaines. Coach de Laval entre 2019 et 2026, Olivier Frapolli s\u2019appr\u00eate \u00e0 revenir en Mayenne, avec le Grenoble Foot 38. Des retrouvailles particuli\u00e8res pour le technicien, qui compte profiter de l\u2019apr\u00e8s-match pour revoir supporters et anciens visages du club.\u00a0<\/p>\n<p>Avant cela, sa priorit\u00e9 reste de ramener un r\u00e9sultat avec le GF38, pour ce qui est du troisi\u00e8me d\u00e9placement de l\u2019\u00e9quipe en quatre journ\u00e9es de championnat.<br \/>Grenoble doit surtout r\u00e9agir apr\u00e8s une prestation d\u00e9cevante \u00e0 Saint-\u00c9tienne, une \u00e9quipe qui a \u201cvraiment impressionn\u00e9\u201d le tacticien du GF38.<\/p>\n<p>Pour rebondir, le staff grenoblois veut retrouver les fondamentaux et davantage de ma\u00eetrise avec le ballon. L\u2019\u00e9quipe is\u00e9roise n\u2019a pas trouv\u00e9 le chemin des filets lors des deux derni\u00e8res rencontres.<\/p>\n<p>De plus, le GF38 devra composer avec plusieurs absences. Ma\u00ebl Corbos, dont les examens se sont r\u00e9v\u00e9l\u00e9s rassurants, devrait reprendre lundi mais manquera le d\u00e9placement. Farouq Limouri souffre d\u2019une l\u00e9sion musculaire au mollet et sera indisponible plus longtemps, tandis qu\u2019Arthur Lallias reste \u00e9galement \u00e0 l\u2019infirmerie.<\/p>\n<p>\u00c0 ces difficult\u00e9s sportives s\u2019ajoute une fin de mercato mouvement\u00e9e. Olivier Frapolli attend encore des renforts et reconna\u00eet que les mouvements de joueurs compliquent la constitution de son groupe.<\/p>\n<p>Grenoble a la possibilit\u00e9 d\u2019\u00e9viter de s\u2019enliser si t\u00f4t dans la lutte contre la rel\u00e9gation en obtenant un r\u00e9sultat favorable. Le match d\u00e9butera \u00e0 20h, ce vendredi 28 ao\u00fbt.<\/p>\n<blockquote class=\"twitter-tweet\"><p>&#13;<\/p>\n<p dir=\"ltr\" lang=\"fr\">\ud835\udde7\ud835\uddff\ud835\uddfc\ud835\uddf6\ud835\ude00\ud835\uddf6\ud835\uddf2\u0300\ud835\uddfa\ud835\uddf2 \ud835\uddf1\ud835\uddf2\u0301\ud835\uddfd\ud835\uddf9\ud835\uddee\ud835\uddf0\ud835\uddf2\ud835\uddfa\ud835\uddf2\ud835\uddfb\ud835\ude01 \ud835\uddf1\ud835\uddf2 \ud835\uddf9\ud835\uddee \ud835\ude00\ud835\uddee\ud835\uddf6\ud835\ude00\ud835\uddfc\ud835\uddfb \ud835\uddee\u0300 \ud835\udddf\ud835\uddee\ud835\ude03\ud835\uddee\ud835\uddf9 ! \ud83d\udd35\u26aa\ufe0f<\/p>\n<p>Cette semaine, nos Grenoblois prendront la direction de la Mayenne pour affronter le <a href=\"https:\/\/x.com\/stadelavallois?ref_src=twsrc%5Etfw\" rel=\"nofollow\">@stadelavallois<\/a> \u00e0 l\u2019occasion de la 4e journ\u00e9e de <a href=\"https:\/\/x.com\/Ligue2BKT?ref_src=twsrc%5Etfw\" rel=\"nofollow\">@Ligue2BKT<\/a> (28\/08 \u00e0 20h) !<\/p>\n<p>\ud83e\udd1d En partenariat avec Le\u2026 <a href=\"https:\/\/t.co\/JEXSZplNl3\" rel=\"nofollow\">pic.twitter.com\/JEXSZplNl3<\/a><\/p>\n<p>&#13;<br \/>\n\u2014 Grenoble Foot 38 (@GF38_Officiel) <a href=\"https:\/\/x.com\/GF38_Officiel\/status\/2092154960280461692?ref_src=twsrc%5Etfw\" rel=\"nofollow\">August 25, 2026<\/a><\/p><\/blockquote>\n<p>\t\t  <script async src=\"https:\/\/platform.twitter.com\/widgets.js\" charset=\"utf-8\"><\/script><\/p>\n","protected":false},"excerpt":{"rendered":"\u00c0 la recherche d\u2019un rebond apr\u00e8s sa d\u00e9faite \u00e0 Saint-\u00c9tienne, Grenoble se d\u00e9place \u00e0 Laval ce vendredi avec&hellip;\n","protected":false},"author":2,"featured_media":1153297,"comment_status":"","ping_status":"","sticky":false,"template":"","format":"standard","meta":{"footnotes":"","_share_on_mastodon":"0"},"categories":[9566],"tags":[1111,11,2813,2430,1109,251,1112,2811,1777,674,118,1011,27,21780,2731,14004,1922,1110,1114,108,12,316,25,2812,517,800],"class_list":["post-1153296","post","type-post","status-publish","format-standard","has-post-thumbnail","category-grenoble","tag-actu","tag-actualites","tag-article","tag-auvergne-rhone-alpes","tag-breves","tag-culture","tag-depeches","tag-economique","tag-eu","tag-europe","tag-faits-divers","tag-fr","tag-france","tag-gf38","tag-grenoble","tag-grenoblemag","tag-info","tag-informations","tag-infos","tag-isere","tag-news","tag-politique","tag-republique-francaise","tag-sociale","tag-sport","tag-transports"],"share_on_mastodon":{"url":"https:\/\/pubeurope.com\/@fr\/117171180218135654","error":""},"_links":{"self":[{"href":"https:\/\/www.europesays.com\/fr\/wp-json\/wp\/v2\/posts\/1153296","targetHints":{"allow":["GET"]}}],"collection":[{"href":"https:\/\/www.europesays.com\/fr\/wp-json\/wp\/v2\/posts"}],"about":[{"href":"https:\/\/www.europesays.com\/fr\/wp-json\/wp\/v2\/types\/post"}],"author":[{"embeddable":true,"href":"https:\/\/www.europesays.com\/fr\/wp-json\/wp\/v2\/users\/2"}],"replies":[{"embeddable":true,"href":"https:\/\/www.europesays.com\/fr\/wp-json\/wp\/v2\/comments?post=1153296"}],"version-history":[{"count":0,"href":"https:\/\/www.europesays.com\/fr\/wp-json\/wp\/v2\/posts\/1153296\/revisions"}],"wp:featuredmedia":[{"embeddable":true,"href":"https:\/\/www.europesays.com\/fr\/wp-json\/wp\/v2\/media\/1153297"}],"wp:attachment":[{"href":"https:\/\/www.europesays.com\/fr\/wp-json\/wp\/v2\/media?parent=1153296"}],"wp:term":[{"taxonomy":"category","embeddable":true,"href":"https:\/\/www.europesays.com\/fr\/wp-json\/wp\/v2\/categories?post=1153296"},{"taxonomy":"post_tag","embeddable":true,"href":"https:\/\/www.europesays.com\/fr\/wp-json\/wp\/v2\/tags?post=1153296"}],"curies":[{"name":"wp","href":"https:\/\/api.w.org\/{rel}","templated":true}]}}