{"id":115330,"date":"2025-05-20T21:56:21","date_gmt":"2025-05-20T21:56:21","guid":{"rendered":"https:\/\/www.europesays.com\/fr\/115330\/"},"modified":"2025-05-20T21:56:21","modified_gmt":"2025-05-20T21:56:21","slug":"une-troisieme-charte-pour-inclure-plus-largement-les-habitants","status":"publish","type":"post","link":"https:\/\/www.europesays.com\/fr\/115330\/","title":{"rendered":"une troisi\u00e8me charte pour inclure plus largement les habitants"},"content":{"rendered":"<p>Il a vocation \u00e0 devenir \u00ab\u00a0plus inclusif\u00a0\u00bb, \u00e0 la fois g\u00e9ographiquement et politiquement. Tout autant \u00ab\u00a0territoire\u00a0\u00bb que \u00ab\u00a0dispositif\u00a0\u00bb, <a href=\"https:\/\/www.dna.fr\/environnement\/2023\/09\/12\/le-parc-naturel-urbain-de-strasbourg-un-paradis-pour-le-patrimoine-vert\" target=\"_blank\" rel=\"noopener\">le Parc naturel urbain (PNU)<\/a> de Strasbourg \u00e9volue d\u00e9j\u00e0 en ce sens depuis une douzaine d\u2019ann\u00e9es, a pr\u00e9sent\u00e9 en filigrane l\u2019adjoint \u00e0 la transition \u00e9cologique Marc Hoffsess en conseil municipal ce lundi 19\u00a0mai, soumettant au vote la troisi\u00e8me charte qui doit continuer de le d\u00e9velopper.<\/p>\n<p>Sept quartiers p\u00e9riph\u00e9riques de la ville<\/p>\n<p>Aujourd\u2019hui, le territoire g\u00e9ographique PNU regroupe sept quartiers p\u00e9riph\u00e9riques de la ville. Lanc\u00e9 en 2013 via une premi\u00e8re charte dans le secteur Ill Bruche (Koenigshoffen, Montagne verte, Elsau), il s\u2019est \u00e9tendu \u00e0 la faveur d\u2019une deuxi\u00e8me en 2019 au secteur Ill Rhin (Conseil des XV, Wacken, Cit\u00e9 de l\u2019Ill, Robertsau). En 2025, il grandit l\u00e9g\u00e8rement en int\u00e9grant quelques espaces suppl\u00e9mentaires dans le premier (\u00e0 l\u2019ouest de la place&#8230;<\/p>\n","protected":false},"excerpt":{"rendered":"Il a vocation \u00e0 devenir \u00ab\u00a0plus inclusif\u00a0\u00bb, \u00e0 la fois g\u00e9ographiquement et politiquement. Tout autant \u00ab\u00a0territoire\u00a0\u00bb que \u00ab\u00a0dispositif\u00a0\u00bb,&hellip;\n","protected":false},"author":2,"featured_media":115331,"comment_status":"","ping_status":"","sticky":false,"template":"","format":"standard","meta":{"footnotes":""},"categories":[2820],"tags":[1111,11,327,1984,1687,33,2880,436,1777,674,107,1011,27,775,3539,12,2661,316,25,801,104,640,2879,1631],"class_list":{"0":"post-115330","1":"post","2":"type-post","3":"status-publish","4":"format-standard","5":"has-post-thumbnail","7":"category-strasbourg","8":"tag-actu","9":"tag-actualites","10":"tag-agriculture","11":"tag-conseil-municipal","12":"tag-culture-loisirs","13":"tag-economie","14":"tag-edition-strasbourg","15":"tag-environnement","16":"tag-eu","17":"tag-europe","18":"tag-fil-info","19":"tag-fr","20":"tag-france","21":"tag-grand-est","22":"tag-les-ecologistes","23":"tag-news","24":"tag-patrimoine-culturel","25":"tag-politique","26":"tag-republique-francaise","27":"tag-social","28":"tag-societe","29":"tag-strasbourg","30":"tag-strasbourg-ville","31":"tag-vie-associative"},"share_on_mastodon":{"url":"https:\/\/pubeurope.com\/@fr\/114542397579736250","error":""},"_links":{"self":[{"href":"https:\/\/www.europesays.com\/fr\/wp-json\/wp\/v2\/posts\/115330","targetHints":{"allow":["GET"]}}],"collection":[{"href":"https:\/\/www.europesays.com\/fr\/wp-json\/wp\/v2\/posts"}],"about":[{"href":"https:\/\/www.europesays.com\/fr\/wp-json\/wp\/v2\/types\/post"}],"author":[{"embeddable":true,"href":"https:\/\/www.europesays.com\/fr\/wp-json\/wp\/v2\/users\/2"}],"replies":[{"embeddable":true,"href":"https:\/\/www.europesays.com\/fr\/wp-json\/wp\/v2\/comments?post=115330"}],"version-history":[{"count":0,"href":"https:\/\/www.europesays.com\/fr\/wp-json\/wp\/v2\/posts\/115330\/revisions"}],"wp:featuredmedia":[{"embeddable":true,"href":"https:\/\/www.europesays.com\/fr\/wp-json\/wp\/v2\/media\/115331"}],"wp:attachment":[{"href":"https:\/\/www.europesays.com\/fr\/wp-json\/wp\/v2\/media?parent=115330"}],"wp:term":[{"taxonomy":"category","embeddable":true,"href":"https:\/\/www.europesays.com\/fr\/wp-json\/wp\/v2\/categories?post=115330"},{"taxonomy":"post_tag","embeddable":true,"href":"https:\/\/www.europesays.com\/fr\/wp-json\/wp\/v2\/tags?post=115330"}],"curies":[{"name":"wp","href":"https:\/\/api.w.org\/{rel}","templated":true}]}}