{"id":115332,"date":"2025-05-20T21:57:14","date_gmt":"2025-05-20T21:57:14","guid":{"rendered":"https:\/\/www.europesays.com\/fr\/115332\/"},"modified":"2025-05-20T21:57:14","modified_gmt":"2025-05-20T21:57:14","slug":"la-piste-cyclable-de-la-discorde-a-strasbourg-journal-de-20-heures","status":"publish","type":"post","link":"https:\/\/www.europesays.com\/fr\/115332\/","title":{"rendered":"La piste cyclable de la discorde \u00e0 Strasbourg &#8211; Journal de 20 heures"},"content":{"rendered":"<p id=\"descriptionPanel\" aria-labelledby=\"descriptionArrow\" aria-expanded=\"false\" class=\"mr-2 line-clamp-2 pr-2.5 text-secondary overflow-visible\">Le v\u00e9lo a la cote et vous \u00eates pr\u00e8s de 40% \u00e0 en faire au moins une fois par mois. Les infrastructures se d\u00e9veloppent. Les pistes cyclables se multiplient, souvent pour le meilleur. Mais parfois, la cohabitation avec les automobilistes est plus compliqu\u00e9e. \u00c0 Strasbourg, une large piste cyclable cr\u00e9e la pol\u00e9mique. Depuis un mois, les voitures doivent partager la moiti\u00e9 de la chauss\u00e9e avec les cyclistes, cr\u00e9ant d&rsquo;\u00e9normes bouchons. Dans le quartier, le sujet est dans toutes les conversations.<\/p>\n<p>TF1 | Reportage L. JEANSON, J. PASQUIER<\/p>\n<p><a class=\"shrink-0\" href=\"https:\/\/www.tf1.fr\/tf1\/jt-20h\" target=\"_blank\" rel=\"noopener\"><img decoding=\"async\" src=\"https:\/\/www.europesays.com\/fr\/wp-content\/uploads\/2025\/04\/program-card-portrait-1-jt20h-btcb-f6f521-4e55c9-0@1x.jpg\" width=\"138\" height=\"184\" alt=\"\" loading=\"eager\" fetchpriority=\"auto\" class=\"aspect-[3\/4] h-24 w-auto rounded-3px\" aria-hidden=\"true\"\/><\/a><\/p>\n","protected":false},"excerpt":{"rendered":"Le v\u00e9lo a la cote et vous \u00eates pr\u00e8s de 40% \u00e0 en faire au moins une fois&hellip;\n","protected":false},"author":2,"featured_media":115333,"comment_status":"","ping_status":"","sticky":false,"template":"","format":"standard","meta":{"footnotes":""},"categories":[2820],"tags":[1111,11,1777,674,3483,3697,1011,27,775,3699,3698,12,25,640,3701,3702,3700],"class_list":{"0":"post-115332","1":"post","2":"type-post","3":"status-publish","4":"format-standard","5":"has-post-thumbnail","7":"category-strasbourg","8":"tag-actu","9":"tag-actualites","10":"tag-eu","11":"tag-europe","12":"tag-extrait","13":"tag-extrait-journal-de-20-heures","14":"tag-fr","15":"tag-france","16":"tag-grand-est","17":"tag-journal-de-20-heures","18":"tag-journal-de-20-heures-extrait","19":"tag-news","20":"tag-republique-francaise","21":"tag-strasbourg","22":"tag-streaming-journal-de-20-heures","23":"tag-video-en-streaming-journal-de-20-heures","24":"tag-video-journal-de-20-heures"},"share_on_mastodon":{"url":"https:\/\/pubeurope.com\/@fr\/114542401517225834","error":""},"_links":{"self":[{"href":"https:\/\/www.europesays.com\/fr\/wp-json\/wp\/v2\/posts\/115332","targetHints":{"allow":["GET"]}}],"collection":[{"href":"https:\/\/www.europesays.com\/fr\/wp-json\/wp\/v2\/posts"}],"about":[{"href":"https:\/\/www.europesays.com\/fr\/wp-json\/wp\/v2\/types\/post"}],"author":[{"embeddable":true,"href":"https:\/\/www.europesays.com\/fr\/wp-json\/wp\/v2\/users\/2"}],"replies":[{"embeddable":true,"href":"https:\/\/www.europesays.com\/fr\/wp-json\/wp\/v2\/comments?post=115332"}],"version-history":[{"count":0,"href":"https:\/\/www.europesays.com\/fr\/wp-json\/wp\/v2\/posts\/115332\/revisions"}],"wp:featuredmedia":[{"embeddable":true,"href":"https:\/\/www.europesays.com\/fr\/wp-json\/wp\/v2\/media\/115333"}],"wp:attachment":[{"href":"https:\/\/www.europesays.com\/fr\/wp-json\/wp\/v2\/media?parent=115332"}],"wp:term":[{"taxonomy":"category","embeddable":true,"href":"https:\/\/www.europesays.com\/fr\/wp-json\/wp\/v2\/categories?post=115332"},{"taxonomy":"post_tag","embeddable":true,"href":"https:\/\/www.europesays.com\/fr\/wp-json\/wp\/v2\/tags?post=115332"}],"curies":[{"name":"wp","href":"https:\/\/api.w.org\/{rel}","templated":true}]}}