{"id":1153329,"date":"2026-08-28T04:35:33","date_gmt":"2026-08-28T04:35:33","guid":{"rendered":"https:\/\/www.europesays.com\/fr\/1153329\/"},"modified":"2026-08-28T04:35:33","modified_gmt":"2026-08-28T04:35:33","slug":"ile-de-france-le-cable-c1-franchit-les-2-millions-de-voyages-en-moins-de-neuf-mois","status":"publish","type":"post","link":"https:\/\/www.europesays.com\/fr\/1153329\/","title":{"rendered":"\u00cele-de-France\u00a0: le C\u00e2ble C1 franchit les 2 millions de voyages en moins de neuf mois"},"content":{"rendered":"<p><img decoding=\"async\" class=\"\" style=\"width:100%\" src=\"https:\/\/www.europesays.com\/fr\/wp-content\/uploads\/2026\/08\/telepherique_C1_idfm1769440594146.jpg\" alt=\"Ligne de t\u00e9l\u00e9ph\u00e9rique urbain C1\"\/><\/p>\n<p>Ligne de t\u00e9l\u00e9ph\u00e9rique urbain C1<\/p>\n<p>Cr\u00e9dit : \u00cele-de-France Mobilit\u00e9s<\/p>\n<p style=\"margin-bottom: 0cm;\">Mis en service en d\u00e9cembre dernier, le premier t\u00e9l\u00e9ph\u00e9rique urbain d\u2019\u00cele-de-France vient de d\u00e9passer un cap symbolique. Reliant Cr\u00e9teil \u00e0 Villeneuve-Saint-Georges via Limeil-Br\u00e9vannes et Valenton depuis le 13 d\u00e9cembre 2025, il a d\u00e9j\u00e0 enregistr\u00e9 plus de 2 millions de voyages, devenant selon \u00cele-de-France Mobilit\u00e9s le t\u00e9l\u00e9ph\u00e9rique le plus fr\u00e9quent\u00e9 d\u2019Europe. Longue de 4,5 km et compos\u00e9e de cinq stations, la ligne permet de relier ses deux terminus en environ 18 minutes, avec une cabine toutes les 30 secondes en heure de pointe. Les cabines de dix places et les stations sont enti\u00e8rement accessibles. Pour l&rsquo;instant, il s&rsquo;agit du seul t\u00e9l\u00e9ph\u00e9rique urbain dans la r\u00e9gion. Mais avec deux millions de voyages en moins de neuf mois, ce mode de transport montre son potentiel.<\/p>\n<p style=\"margin-bottom: 0cm;\">\u00a0<\/p>\n<p lang=\"fr-FR\" style=\"margin-bottom: 0cm;\">Nicolas Chacun <\/p>\n<p>!function(f,b,e,v,n,t,s){if(f.fbq)return;n=f.fbq=function(){n.callMethod?<br \/>\nn.callMethod.apply(n,arguments):n.queue.push(arguments)};if(!f._fbq)f._fbq=n;<br \/>\nn.push=n;n.loaded=!0;n.version=&rsquo;2.0&prime;;n.queue=[];t=b.createElement(e);t.async=!0;<br \/>\nt.src=v;s=b.getElementsByTagName(e)[0];s.parentNode.insertBefore(t,s)}(window,<br \/>\ndocument,&rsquo;script&rsquo;,&rsquo;https:\/\/connect.facebook.net\/en_US\/fbevents.js&rsquo;);<br \/>\nfbq(&lsquo;init&rsquo;, &lsquo;278974969201861&rsquo;); \/\/ Insert your pixel ID here.<br \/>\nfbq(&lsquo;track&rsquo;, &lsquo;PageView&rsquo;);<\/p>\n","protected":false},"excerpt":{"rendered":"Ligne de t\u00e9l\u00e9ph\u00e9rique urbain C1 Cr\u00e9dit : \u00cele-de-France Mobilit\u00e9s Mis en service en d\u00e9cembre dernier, le premier t\u00e9l\u00e9ph\u00e9rique&hellip;\n","protected":false},"author":2,"featured_media":1153330,"comment_status":"","ping_status":"","sticky":false,"template":"","format":"standard","meta":{"footnotes":"","_share_on_mastodon":"0"},"categories":[1592],"tags":[1111,11,1933,1936,1777,1939,674,1011,27,662,1934,12,1940,626,1935,25,1937,1941,1938],"class_list":["post-1153329","post","type-post","status-publish","format-standard","has-post-thumbnail","category-ile-de-france","tag-actu","tag-actualites","tag-actualites-locales","tag-essonne","tag-eu","tag-eure-et-loir","tag-europe","tag-fr","tag-france","tag-ile-de-france","tag-infos-locales","tag-news","tag-oise","tag-paris","tag-pres-de-chez-vous","tag-republique-francaise","tag-seine-et-marne","tag-somme","tag-yvelines"],"share_on_mastodon":{"url":"https:\/\/pubeurope.com\/@fr\/117171280320375778","error":""},"_links":{"self":[{"href":"https:\/\/www.europesays.com\/fr\/wp-json\/wp\/v2\/posts\/1153329","targetHints":{"allow":["GET"]}}],"collection":[{"href":"https:\/\/www.europesays.com\/fr\/wp-json\/wp\/v2\/posts"}],"about":[{"href":"https:\/\/www.europesays.com\/fr\/wp-json\/wp\/v2\/types\/post"}],"author":[{"embeddable":true,"href":"https:\/\/www.europesays.com\/fr\/wp-json\/wp\/v2\/users\/2"}],"replies":[{"embeddable":true,"href":"https:\/\/www.europesays.com\/fr\/wp-json\/wp\/v2\/comments?post=1153329"}],"version-history":[{"count":0,"href":"https:\/\/www.europesays.com\/fr\/wp-json\/wp\/v2\/posts\/1153329\/revisions"}],"wp:featuredmedia":[{"embeddable":true,"href":"https:\/\/www.europesays.com\/fr\/wp-json\/wp\/v2\/media\/1153330"}],"wp:attachment":[{"href":"https:\/\/www.europesays.com\/fr\/wp-json\/wp\/v2\/media?parent=1153329"}],"wp:term":[{"taxonomy":"category","embeddable":true,"href":"https:\/\/www.europesays.com\/fr\/wp-json\/wp\/v2\/categories?post=1153329"},{"taxonomy":"post_tag","embeddable":true,"href":"https:\/\/www.europesays.com\/fr\/wp-json\/wp\/v2\/tags?post=1153329"}],"curies":[{"name":"wp","href":"https:\/\/api.w.org\/{rel}","templated":true}]}}