{"id":1153364,"date":"2026-08-28T05:05:32","date_gmt":"2026-08-28T05:05:32","guid":{"rendered":"https:\/\/www.europesays.com\/fr\/1153364\/"},"modified":"2026-08-28T05:05:32","modified_gmt":"2026-08-28T05:05:32","slug":"vuelta-tour-despagne-jarno-widar-je-ne-me-soucie-pas-de-la-perte-de-temps","status":"publish","type":"post","link":"https:\/\/www.europesays.com\/fr\/1153364\/","title":{"rendered":"Vuelta. Tour d&rsquo;Espagne &#8211; Jarno Widar : \u00abJe ne me soucie pas de la perte de temps\u00bb"},"content":{"rendered":"<p>24e \u00e0 l&rsquo;arriv\u00e9e de la <strong><a href=\"https:\/\/www.cyclismactu.net\/..\/news-vuelta-route-tour-d-espagne-pas-imperial-tadej-pogacar-remporte-6e-etape-devant-enric-mas-95726.html\" target=\"_blank\" rel=\"nofollow noopener\">6e \u00e9tape de La Vuelta<\/a><\/strong> remport\u00e9e par <strong><a href=\"https:\/\/www.cyclismactu.net\/..\/news-vuelta-route-tour-d-espagne-pogacar-quand-mas-m-a-double-j-etais-un-peu-sous-choc-95728.html\" target=\"_blank\" rel=\"nofollow noopener\">Tadej Pogac<\/a><\/strong><strong><a href=\"https:\/\/www.cyclismactu.net\/..\/news-vuelta-route-tour-d-espagne-pogacar-quand-mas-m-a-double-j-etais-un-peu-sous-choc-95728.html\" target=\"_blank\" rel=\"nofollow noopener\">ar<\/a><\/strong> (<strong>UAE Team Emirates &#8211; XRG<\/strong>), <strong>Jarno Widar<\/strong> (<strong>Lotto-Intermarch\u00e9<\/strong>) \u00e9tait l&rsquo;une des principales victimes de la journ\u00e9e, avec trois minutes 48 de d\u00e9bours. Distanc\u00e9 dans la derni\u00e8re ascension, le leader de la formation belge a montr\u00e9 ses premiers signes de difficult\u00e9, \u00e0 l&rsquo;instar d&rsquo;<strong>Oscar Onley<\/strong> (<strong>Netcompany INEOS<\/strong>) et <a href=\"https:\/\/www.cyclismactu.net\/..\/\" target=\"_blank\" rel=\"nofollow noopener\"><strong>Sepp Kuss<\/strong> <\/a>(<strong>Team Visma\u00a0<\/strong><strong>| Lease a Bike<\/strong>). \u00c9patant deuxi\u00e8me de la 4e \u00e9tape, le Belge laisse ainsi filer le top 10 du classement g\u00e9n\u00e9ral provisoire. Toutefois, le jeune grimpeur n&rsquo;est pas en reste et compte bien se rattraper sur les prochaines \u00e9tapes. La 7e \u00e9tape menant \u00e0\u00a0Aram\u00f3n Valdelinares pourrait bien lui permettre de rebondir.\u00a0<\/p>\n<p>\u00ab\u00a0J&rsquo;\u00e9tais juste compl\u00e8tement en surchauffe\u00a0\u00bb<\/p>\n<p>Si certains observateurs semblaient surpris de le voir distanc\u00e9 dans la derni\u00e8re difficult\u00e9, <strong>Jarno Widar<\/strong> assure que \u00ab\u00a0ce n&rsquo;\u00e9tait pas pr\u00e9vu.\u00a0J&rsquo;\u00e9tais juste compl\u00e8tement en surchauffe, \u00e0\u00a0bloc\u00a0\u00bb, explique-t-il.\u00a0\u00ab\u00a0\u00c0 cause de la chaleur, je crois. J&rsquo;ai explos\u00e9.\u00a0C&rsquo;\u00e9tait une grande lutte pour l&rsquo;\u00e9chapp\u00e9e.\u00a0Je savais que Pogi voulait jouer la victoire. Et quand\u00a0Pogacar veut la victoire, il gagne\u00a0\u00bb. Malgr\u00e9 la d\u00e9ception, <strong>Widar <\/strong>reste toutefois positif quant \u00e0 son temps perdu \u00e0 l&rsquo;arriv\u00e9e. \u00ab\u00a0Je pense que c&rsquo;est mieux pour gagner une victoire d&rsquo;\u00e9tape, sinon je ne gagnerai jamais.\u00a0Je ne me soucie pas de la perte de temps. Il faut juste voir jour apr\u00e8s jour. Demain, c&rsquo;est un nouveau jour.\u00a0J&rsquo;esp\u00e8re avoir de meilleures jambes. On verra bien.\u00a0\u00bb<\/p>\n<p>Tour d&rsquo;Espagne &#8211; Classement de la 6\u00e8 \u00e9tape Tour d&rsquo;Espagne &#8211; Classement g\u00e9n\u00e9ral provisoire apr\u00e8s la 6\u00e8 \u00e9tapeA lire aussi&#8230;<\/p>\n","protected":false},"excerpt":{"rendered":"24e \u00e0 l&rsquo;arriv\u00e9e de la 6e \u00e9tape de La Vuelta remport\u00e9e par Tadej Pogacar (UAE Team Emirates &#8211;&hellip;\n","protected":false},"author":2,"featured_media":1153365,"comment_status":"","ping_status":"","sticky":false,"template":"","format":"standard","meta":{"footnotes":"","_share_on_mastodon":"0"},"categories":[1411],"tags":[1154,207,1011,27,209,60,3318,208],"class_list":["post-1153364","post","type-post","status-publish","format-standard","has-post-thumbnail","category-cyclisme","tag-cycling","tag-cyclisme","tag-fr","tag-france","tag-route","tag-sports","tag-tour-d","tag-velo"],"share_on_mastodon":{"url":"https:\/\/pubeurope.com\/@fr\/117171396741236938","error":""},"_links":{"self":[{"href":"https:\/\/www.europesays.com\/fr\/wp-json\/wp\/v2\/posts\/1153364","targetHints":{"allow":["GET"]}}],"collection":[{"href":"https:\/\/www.europesays.com\/fr\/wp-json\/wp\/v2\/posts"}],"about":[{"href":"https:\/\/www.europesays.com\/fr\/wp-json\/wp\/v2\/types\/post"}],"author":[{"embeddable":true,"href":"https:\/\/www.europesays.com\/fr\/wp-json\/wp\/v2\/users\/2"}],"replies":[{"embeddable":true,"href":"https:\/\/www.europesays.com\/fr\/wp-json\/wp\/v2\/comments?post=1153364"}],"version-history":[{"count":0,"href":"https:\/\/www.europesays.com\/fr\/wp-json\/wp\/v2\/posts\/1153364\/revisions"}],"wp:featuredmedia":[{"embeddable":true,"href":"https:\/\/www.europesays.com\/fr\/wp-json\/wp\/v2\/media\/1153365"}],"wp:attachment":[{"href":"https:\/\/www.europesays.com\/fr\/wp-json\/wp\/v2\/media?parent=1153364"}],"wp:term":[{"taxonomy":"category","embeddable":true,"href":"https:\/\/www.europesays.com\/fr\/wp-json\/wp\/v2\/categories?post=1153364"},{"taxonomy":"post_tag","embeddable":true,"href":"https:\/\/www.europesays.com\/fr\/wp-json\/wp\/v2\/tags?post=1153364"}],"curies":[{"name":"wp","href":"https:\/\/api.w.org\/{rel}","templated":true}]}}