{"id":115340,"date":"2025-05-20T22:01:11","date_gmt":"2025-05-20T22:01:11","guid":{"rendered":"https:\/\/www.europesays.com\/fr\/115340\/"},"modified":"2025-05-20T22:01:11","modified_gmt":"2025-05-20T22:01:11","slug":"le-fc-nantes-va-se-separer-de-son-entraineur-antoine-kombouare","status":"publish","type":"post","link":"https:\/\/www.europesays.com\/fr\/115340\/","title":{"rendered":"Le FC Nantes va se s\u00e9parer de son entra\u00eeneur Antoine Kombouar\u00e9"},"content":{"rendered":"<p><img decoding=\"async\" class=\"\" style=\"width:100%\" src=\"https:\/\/www.europesays.com\/fr\/wp-content\/uploads\/2025\/05\/Antoine_Kombouare1747774341723.jpg\" alt=\"Antoine Kombouar\u00e9 \u00e0 son arriv\u00e9e, avec Franck Kita\"\/><\/p>\n<p>Antoine Kombouar\u00e9 \u00e0 son arriv\u00e9e, avec Franck Kita<\/p>\n<p>Cr\u00e9dit : Simon Reungoat<\/p>\n<p>Le FC Nantes a officialis\u00e9 ce mardi (20 mai) le d\u00e9part du technicien kanak de 61 ans et de l\u2019ensemble de son staff. Apr\u00e8s un premier passage r\u00e9ussi, avec un maintien et une Coupe de France \u00e0 la clef, le bilan de ce deuxi\u00e8me mandat d&rsquo;Antoine Kombouar\u00e9 est beaucoup plus mitig\u00e9.<\/p>\n<p>Pour Jean-Marcel Boudard, journaliste \u00e0 Ouest-France, son d\u00e9part un an avant de la fin de son contrat \u00e9tait m\u00eame in\u00e9luctable, \u00ab\u00a0parce que le FC Nantes a sous-perform\u00e9 cette ann\u00e9e : <a href=\"https:\/\/hitwest.ouest-france.fr\/fc-nantes-on-n-a-pas-ete-au-niveau-cette-saison-mais-content-du-maintien\" rel=\"noopener\" target=\"_blank\">le 9e budget de Ligue 1 s&rsquo;est sauv\u00e9 sur le fil.<\/a> Ensuite, parce qu&rsquo;il n&rsquo;a pas forc\u00e9ment trouv\u00e9 les ressources face \u00e0 un effectif un peu essouffl\u00e9. Il n&rsquo;avait pas les ressources pour trouver un regain et avoir une dynamique de fin de saison.<\/p>\n<blockquote><p>\nLe FCN devait changer pour amorcer un nouveau cycle et cr\u00e9er un nouveau souffle.\u00a0\u00bb\n<\/p><\/blockquote>\n<p><strong>En troisi\u00e8me argument, le jeu produit \u00e9tait tr\u00e8s restrictif et minimaliste ; l<\/strong><strong>es gens se sont ennuy\u00e9s au-del\u00e0 des r\u00e9sultats catastrophiques<\/strong> ! On arrive en plus \u00e0 l&rsquo;obligation d&rsquo;un nouveau cycle dans un contexte d&rsquo;aust\u00e9rit\u00e9 \u00e9conomique et de r\u00e9cession budg\u00e9taire. Le FC Nantes devait changer pour amorcer \u00e0 la fois un nouveau cycle et cr\u00e9er un nouveau souffle.\u00a0\u00bb<\/p>\n<p><strong>Reste \u00e0 savoir qui succ\u00e8dera \u00e0 Antoine Kombouar\u00e9\u00a0? <\/strong><\/p>\n<p>Plusieurs noms int\u00e9ressent la famille Kita, propri\u00e9taire du club, comme Pierre Sage, l\u2019ancien coach de Lyon, Sergio Conceicao ou encore Luis Castro\u2026<\/p>\n","protected":false},"excerpt":{"rendered":"Antoine Kombouar\u00e9 \u00e0 son arriv\u00e9e, avec Franck Kita Cr\u00e9dit : Simon Reungoat Le FC Nantes a officialis\u00e9 ce&hellip;\n","protected":false},"author":2,"featured_media":115341,"comment_status":"","ping_status":"","sticky":false,"template":"","format":"standard","meta":{"footnotes":""},"categories":[2818],"tags":[1111,11,2943,21199,1777,674,462,1011,27,766,12,2636,25],"class_list":{"0":"post-115340","1":"post","2":"type-post","3":"status-publish","4":"format-standard","5":"has-post-thumbnail","7":"category-nantes","8":"tag-actu","9":"tag-actualites","10":"tag-antoine-kombouare","11":"tag-canaris","12":"tag-eu","13":"tag-europe","14":"tag-fc-nantes","15":"tag-fr","16":"tag-france","17":"tag-nantes","18":"tag-news","19":"tag-pays-de-la-loire","20":"tag-republique-francaise"},"share_on_mastodon":{"url":"https:\/\/pubeurope.com\/@fr\/114542417243873629","error":""},"_links":{"self":[{"href":"https:\/\/www.europesays.com\/fr\/wp-json\/wp\/v2\/posts\/115340","targetHints":{"allow":["GET"]}}],"collection":[{"href":"https:\/\/www.europesays.com\/fr\/wp-json\/wp\/v2\/posts"}],"about":[{"href":"https:\/\/www.europesays.com\/fr\/wp-json\/wp\/v2\/types\/post"}],"author":[{"embeddable":true,"href":"https:\/\/www.europesays.com\/fr\/wp-json\/wp\/v2\/users\/2"}],"replies":[{"embeddable":true,"href":"https:\/\/www.europesays.com\/fr\/wp-json\/wp\/v2\/comments?post=115340"}],"version-history":[{"count":0,"href":"https:\/\/www.europesays.com\/fr\/wp-json\/wp\/v2\/posts\/115340\/revisions"}],"wp:featuredmedia":[{"embeddable":true,"href":"https:\/\/www.europesays.com\/fr\/wp-json\/wp\/v2\/media\/115341"}],"wp:attachment":[{"href":"https:\/\/www.europesays.com\/fr\/wp-json\/wp\/v2\/media?parent=115340"}],"wp:term":[{"taxonomy":"category","embeddable":true,"href":"https:\/\/www.europesays.com\/fr\/wp-json\/wp\/v2\/categories?post=115340"},{"taxonomy":"post_tag","embeddable":true,"href":"https:\/\/www.europesays.com\/fr\/wp-json\/wp\/v2\/tags?post=115340"}],"curies":[{"name":"wp","href":"https:\/\/api.w.org\/{rel}","templated":true}]}}