{"id":1153438,"date":"2026-08-28T05:58:12","date_gmt":"2026-08-28T05:58:12","guid":{"rendered":"https:\/\/www.europesays.com\/fr\/1153438\/"},"modified":"2026-08-28T05:58:12","modified_gmt":"2026-08-28T05:58:12","slug":"la-busserade-evacuee-et-24-personnes-abritees-a-lhotel","status":"publish","type":"post","link":"https:\/\/www.europesays.com\/fr\/1153438\/","title":{"rendered":"La Busserade \u00e9vacu\u00e9e et 24 personnes abrit\u00e9es \u00e0 l\u2019h\u00f4tel"},"content":{"rendered":"\n<p>Ce jeudi 27\u00a0ao\u00fbt, la pr\u00e9fecture des Bouches-du-Rh\u00f4ne a coordonn\u00e9 une op\u00e9ration d\u2019\u00e9vacuation d\u2019un squat situ\u00e9 rue Busserade dans le 3e\u00a0arrondissement de Marseille. Une expulsion qui fait suite \u00e0 \u00ab\u00a0une d\u00e9cision du tribunal judiciaire de Marseille prise en mai\u00a02025\u00a0\u00bb ont pr\u00e9cis\u00e9 les services pr\u00e9fectoraux. La dangerosit\u00e9 du site est invoqu\u00e9e dans les motifs de la d\u00e9cision. Il \u00ab\u00a0pr\u00e9sentait des risques et des dangers caract\u00e9ris\u00e9s pour la s\u00e9curit\u00e9 des occupants et des riverains. En effet, il existait des risques incendies majeurs, en raison des branchements \u00e9lectriques sauvages, et le b\u00e2timent souffre d\u2019une fragilit\u00e9 structurelle \u00e0 divers niveaux. Les nuisances \u00e9taient \u00e9galement importantes pour les riverains\u00a0\u00bb, indique le communiqu\u00e9 de la pr\u00e9fecture.<\/p>\n<p>La ville de Marseille, propri\u00e9taire du foncier, avait sollicit\u00e9 le concours de la force publique, \u00ab\u00a0ce qui a \u00e9t\u00e9 port\u00e9 \u00e0 la connaissance des occupants par courrier du 7\u00a0juillet 2026\u00a0\u00bb. Et \u00ab\u00a0le concours de la force publique a \u00e9t\u00e9 accord\u00e9 \u00e0 compter du 27\u00a0juillet dernier, afin que les occupants puissent se pr\u00e9parer \u00e0 quitter les lieux, anticiper l\u2019op\u00e9ration d\u2019\u00e9vacuation et pr\u00e9server la scolarisation des enfants\u00a0\u00bb.<\/p>\n<p>\u00c0 quelques jours de la rentr\u00e9e, le d\u00e9lai semble d\u2019autant plus court qu\u2019aucune solution n\u2019a \u00e9t\u00e9 propos\u00e9e alors qu\u2019un accompagnement social \u00e9tait men\u00e9 depuis des mois par l\u2019Addap\u00a013 aupr\u00e8s de 58\u00a0personnes sur le site. La majorit\u00e9 des familles ont quitt\u00e9 les lieux avant l\u2019expulsion. Des associatifs \u00e9taient aux c\u00f4t\u00e9s des 24\u00a0occupants pr\u00e9sents le jour de l\u2019op\u00e9ration, des femmes enceintes avec des enfants en bas \u00e2ge et une personne malade, qui ont \u00e9t\u00e9 dirig\u00e9s dans des h\u00f4tels. Les travailleurs sociaux du Samu social et de Saralogisol les accompagnaient.<\/p>\n","protected":false},"excerpt":{"rendered":"Ce jeudi 27\u00a0ao\u00fbt, la pr\u00e9fecture des Bouches-du-Rh\u00f4ne a coordonn\u00e9 une op\u00e9ration d\u2019\u00e9vacuation d\u2019un squat situ\u00e9 rue Busserade dans&hellip;\n","protected":false},"author":2,"featured_media":1153439,"comment_status":"","ping_status":"","sticky":false,"template":"","format":"standard","meta":{"footnotes":"","_share_on_mastodon":"0"},"categories":[2814],"tags":[1111,11,1777,674,4651,1011,27,884,12,882,25],"class_list":["post-1153438","post","type-post","status-publish","format-standard","has-post-thumbnail","category-marseille","tag-actu","tag-actualites","tag-eu","tag-europe","tag-femmes","tag-fr","tag-france","tag-marseille","tag-news","tag-provence-alpes-cote-dazur","tag-republique-francaise"],"share_on_mastodon":{"url":"https:\/\/pubeurope.com\/@fr\/117171605196934367","error":""},"_links":{"self":[{"href":"https:\/\/www.europesays.com\/fr\/wp-json\/wp\/v2\/posts\/1153438","targetHints":{"allow":["GET"]}}],"collection":[{"href":"https:\/\/www.europesays.com\/fr\/wp-json\/wp\/v2\/posts"}],"about":[{"href":"https:\/\/www.europesays.com\/fr\/wp-json\/wp\/v2\/types\/post"}],"author":[{"embeddable":true,"href":"https:\/\/www.europesays.com\/fr\/wp-json\/wp\/v2\/users\/2"}],"replies":[{"embeddable":true,"href":"https:\/\/www.europesays.com\/fr\/wp-json\/wp\/v2\/comments?post=1153438"}],"version-history":[{"count":0,"href":"https:\/\/www.europesays.com\/fr\/wp-json\/wp\/v2\/posts\/1153438\/revisions"}],"wp:featuredmedia":[{"embeddable":true,"href":"https:\/\/www.europesays.com\/fr\/wp-json\/wp\/v2\/media\/1153439"}],"wp:attachment":[{"href":"https:\/\/www.europesays.com\/fr\/wp-json\/wp\/v2\/media?parent=1153438"}],"wp:term":[{"taxonomy":"category","embeddable":true,"href":"https:\/\/www.europesays.com\/fr\/wp-json\/wp\/v2\/categories?post=1153438"},{"taxonomy":"post_tag","embeddable":true,"href":"https:\/\/www.europesays.com\/fr\/wp-json\/wp\/v2\/tags?post=1153438"}],"curies":[{"name":"wp","href":"https:\/\/api.w.org\/{rel}","templated":true}]}}