{"id":1153442,"date":"2026-08-28T06:00:27","date_gmt":"2026-08-28T06:00:27","guid":{"rendered":"https:\/\/www.europesays.com\/fr\/1153442\/"},"modified":"2026-08-28T06:00:27","modified_gmt":"2026-08-28T06:00:27","slug":"tcl-a-lyon-deux-lignes-de-tramway-perturbees-en-raison-de-travaux","status":"publish","type":"post","link":"https:\/\/www.europesays.com\/fr\/1153442\/","title":{"rendered":"TCL \u00e0 Lyon : deux lignes de tramway perturb\u00e9es en raison de travaux"},"content":{"rendered":"<p>En raison de travaux d&rsquo;extension de la ligne T4, des perturbations sont \u00e0 pr\u00e9voir sur les tramways T1 et T4 ce vendredi soir, 28 ao\u00fbt, \u00e0 Lyon.<\/p>\n<p>Des <b>perturbations<\/b> sont \u00e0 pr\u00e9voir sur <b>deux lignes de tramway<\/b> ce vendredi soir sur le r\u00e9seau <b>TCL<\/b>, \u00e0 <b>Lyon<\/b>.<\/p>\n<p>En cause : les travaux d&rsquo;extension de la ligne <b>T4<\/b>.<\/p>\n<p>Des perturbations sur le T4<\/p>\n<p>Le T4, justement, circulera uniquement de <b>H\u00f4pital Feyzin V\u00e9nissieux<\/b> \u00e0 <b>Gare Part Dieu Villette<\/b> \u00e0 partir de <b>21h10<\/b>.<\/p>\n<p>Les stations Thiers &#8211; Lafayette, Coll\u00e8ge Bellecombe, Charpennes Charles Hernu, Le Tonkin, Condorcet, Universit\u00e9 Lyon 1 et La Doua \u2013 Gaston Berger, elles, ne seront pas desservies jusqu&rsquo;\u00e0 la fin du service.\u00a0<\/p>\n<p>&#8211; D\u00e9part du dernier trajet complet de La Doua Gaston Berger vers H\u00f4pital Feyzin V\u00e9nissieux : 21h37<br \/>&#8211; D\u00e9part du dernier trajet complet de H\u00f4pital Feyzin V\u00e9nissieux vers La Doua Gaston Berger : 21h06\u00a0<\/p>\n<p>Le T1 perturb\u00e9 \u00e0 partir de 21h40<\/p>\n<p>L&rsquo;autre ligne impact\u00e9e par les travaux est le <b>T1<\/b>. A partir de <b>21h40<\/b>, environ, la ligne circulera uniquement de <b>Debourg<\/b> \u00e0 <b>Gare Part-Dieu Vivier Merle<\/b>.<\/p>\n<p>Les stations Thiers \u2013 Lafayette, Coll\u00e8ge Bellecombe, Charpennes Charles Hernu, Le Tonkin, Condorcet, Universit\u00e9 Lyon 1, La Doua \u2013 Gaston Berger, INSA \u2013 Einstein, Croix-Luizet, IUT Feyssine, elles, ne seront pas desservies.<\/p>\n<p>&#8211; D\u00e9part du dernier trajet complet de IUT Feyssine vers Debourg : 21h39<br \/>&#8211; D\u00e9part du dernier trajet complet de Debourg vers IUT Feyssine : 21h46<\/p>\n<p>Des bus relais mis en place<\/p>\n<p>Des <b>bus relais<\/b> seront mis en place, avec une desserte toutes les 15 minutes, entre <b>Charpennes Charles Hernu<\/b> \u00e0 <b>INSA Einstein<\/b> en passant par les arr\u00eats Chorel, Condorcet et La Doua.<\/p>\n<p>&#8211; Premier d\u00e9part de INSA Einstein vers Charpennes Charles Hernu : 21h40<br \/>&#8211; Premier d\u00e9part de Charpennes Charles Hernu vers INSA Einstein : 21h25<br \/>&#8211; Dernier d\u00e9part de INSA Einstein vers Charpennes Charles Hernu : 00h25<br \/>&#8211; Dernier d\u00e9part de Charpennes Charles Hernu vers INSA Einstein : 00h40<\/p>\n<p><img loading=\"lazy\" decoding=\"async\" src=\"https:\/\/www.europesays.com\/fr\/wp-content\/uploads\/2026\/08\/1787896827_211_img.jpeg\" width=\"350\" height=\"200\" border=\"0\" title=\"Un arbre est tomb\u00c3\u00a9 sur la route quai Paul S\u00c3\u00a9daillan \u00c3\u00a0 Lyon ce vendredi matin apr\u00c3\u00a8s un violent orage\"\/><\/p>\n<p>\u25baM\u00e9t\u00e9o<\/p>\n<p style=\"font-size: 22px;\"><b>[VID\u00c9OS] Pluies diluviennes, vent violent : avis de temp\u00eate sur Lyon<\/b><\/p>\n<p>En quelques minutes, le ciel s&rsquo;est d\u00e9cha\u00een\u00e9 sur&#8230;<\/p>\n<p><\/p>\n","protected":false},"excerpt":{"rendered":"En raison de travaux d&rsquo;extension de la ligne T4, des perturbations sont \u00e0 pr\u00e9voir sur les tramways T1&hellip;\n","protected":false},"author":2,"featured_media":1153443,"comment_status":"","ping_status":"","sticky":false,"template":"","format":"standard","meta":{"footnotes":"","_share_on_mastodon":"0"},"categories":[1889],"tags":[1111,11,2430,1777,674,1011,27,2428,12,25,13038,58940,10213,4109],"class_list":["post-1153442","post","type-post","status-publish","format-standard","has-post-thumbnail","category-lyon","tag-actu","tag-actualites","tag-auvergne-rhone-alpes","tag-eu","tag-europe","tag-fr","tag-france","tag-lyon","tag-news","tag-republique-francaise","tag-t1","tag-t4","tag-tcl","tag-tramway"],"share_on_mastodon":{"url":"https:\/\/pubeurope.com\/@fr\/117171614535314564","error":""},"_links":{"self":[{"href":"https:\/\/www.europesays.com\/fr\/wp-json\/wp\/v2\/posts\/1153442","targetHints":{"allow":["GET"]}}],"collection":[{"href":"https:\/\/www.europesays.com\/fr\/wp-json\/wp\/v2\/posts"}],"about":[{"href":"https:\/\/www.europesays.com\/fr\/wp-json\/wp\/v2\/types\/post"}],"author":[{"embeddable":true,"href":"https:\/\/www.europesays.com\/fr\/wp-json\/wp\/v2\/users\/2"}],"replies":[{"embeddable":true,"href":"https:\/\/www.europesays.com\/fr\/wp-json\/wp\/v2\/comments?post=1153442"}],"version-history":[{"count":0,"href":"https:\/\/www.europesays.com\/fr\/wp-json\/wp\/v2\/posts\/1153442\/revisions"}],"wp:featuredmedia":[{"embeddable":true,"href":"https:\/\/www.europesays.com\/fr\/wp-json\/wp\/v2\/media\/1153443"}],"wp:attachment":[{"href":"https:\/\/www.europesays.com\/fr\/wp-json\/wp\/v2\/media?parent=1153442"}],"wp:term":[{"taxonomy":"category","embeddable":true,"href":"https:\/\/www.europesays.com\/fr\/wp-json\/wp\/v2\/categories?post=1153442"},{"taxonomy":"post_tag","embeddable":true,"href":"https:\/\/www.europesays.com\/fr\/wp-json\/wp\/v2\/tags?post=1153442"}],"curies":[{"name":"wp","href":"https:\/\/api.w.org\/{rel}","templated":true}]}}