{"id":115357,"date":"2025-05-20T22:10:14","date_gmt":"2025-05-20T22:10:14","guid":{"rendered":"https:\/\/www.europesays.com\/fr\/115357\/"},"modified":"2025-05-20T22:10:14","modified_gmt":"2025-05-20T22:10:14","slug":"audessa-a-ete-inaugure-lyon-pole-immo","status":"publish","type":"post","link":"https:\/\/www.europesays.com\/fr\/115357\/","title":{"rendered":"Audessa a \u00e9t\u00e9 inaugur\u00e9 | Lyon P\u00f4le Immo"},"content":{"rendered":"<p><img width=\"484\" height=\"330\" src=\"https:\/\/www.europesays.com\/fr\/wp-content\/uploads\/2025\/05\/Audessa-2.jpg\" class=\"attachment-post-thumbnail size-post-thumbnail wp-post-image\" alt=\"\" decoding=\"async\" fetchpriority=\"high\"   \/>\t<\/p>\n<p><strong>L\u2019op\u00e9ration de r\u00e9habilitation-extension r\u00e9alis\u00e9e par de 13.000 m\u00b2 de l\u2019ancien si\u00e8ge de RTE accueille d\u00e9sormais des surfaces de bureaux et commerces.<\/strong><\/p>\n<p>18 mois apr\u00e8s la pose de premi\u00e8re pierre d\u2019Audessa, l\u2019op\u00e9ration de r\u00e9habilitation-extension de 13.000 m\u00b2 de l\u2019ancien si\u00e8ge de RTE situ\u00e9e au c\u0153ur du quartier de la Part-Dieu a \u00e9t\u00e9 inaugur\u00e9e ce mardi. Etaient ainsi pr\u00e9sents \u00e0 cette occasion Nicolas Joly, directeur g\u00e9n\u00e9ral d\u2019Icade, B\u00e9atrice Li\u00e8vre-Th\u00e9ry, directrice g\u00e9n\u00e9rale de Sogeprom, Bruno Bernard, pr\u00e9sident de la M\u00e9tropole de Lyon, Gr\u00e9gory Doucet, maire de Lyon et pr\u00e9sident de la SPL Lyon Part-Dieu et Marion Sessiecq, maire du 3\u00e8me arrondissement de Lyon. L\u2019op\u00e9ration, acquise par Union Investment, accueille d\u00e9sormais des surfaces de bureaux et commerces.<\/p>\n<p>Le programme inaugur\u00e9 ce jour n\u2019est toutefois pas le seul ayant pris place sur l\u2019ex b\u00e2timent de RTE. Audessa est en effet la premi\u00e8re phase du projet d\u2019ensemble immobilier dont la deuxi\u00e8me tranche, appel\u00e9e Vertuo, sera livr\u00e9e au premier trimestre 2026. Elle comportera notamment des logements. <\/p>\n<p><img decoding=\"async\" src=\"https:\/\/www.europesays.com\/fr\/wp-content\/uploads\/2025\/04\/abonnezvouslarge.jpg\" alt=\"\" \/><\/p>\n<p>Pour lire la totalit\u00e9 de l&rsquo;article,<strong> <a href=\"http:\/\/www.lyonpoleimmo.com\/membership-options-page\/\" target=\"_blank\" rel=\"noopener\">abonnez-vous<\/a> <\/strong>ou <a href=\"http:\/\/www.lyonpoleimmo.com\/senregistrer\/\" target=\"_blank\" rel=\"noopener\"><strong>identifiez-vous<\/strong><\/a>  <\/p>\n<p><strong>Si vous avez appr\u00e9ci\u00e9 cet article, s&rsquo;il vous plait, prenez le temps de <a href=\"#comments\">laisser un commentaire<\/a> ou de <a href=\"http:\/\/www.lyonpoleimmo.com\/feed\/\" target=\"_blank\" rel=\"noopener\">souscrire au flux<\/a> afin de recevoir les futurs articles directement dans votre lecteur de flux.<br \/>\n    <\/strong><\/p>\n<p>\t<a href=\"http:\/\/www.lyonpoleimmo.com\/2025\/05\/19\/90917\/pose-de-premiere-pierre-pour-la-residence-les-jardins-pomerii\/\" rel=\"bookmark noopener\" title=\"Lien Permanent vers Pose de premi\u00e8re pierre pour la r\u00e9sidence \u00abLes Jardins Pomerii\u00bb\" target=\"_blank\">Pose de premi\u00e8re pierre pour la r\u00e9sidence \u00abLes Jardins Pomerii\u00bb<\/a><\/p>\n<p>\t<a href=\"http:\/\/www.lyonpoleimmo.com\/2025\/05\/19\/90917\/pose-de-premiere-pierre-pour-la-residence-les-jardins-pomerii\/\" rel=\"bookmark noopener\" title=\"Lien Permanent vers Pose de premi\u00e8re pierre pour la r\u00e9sidence \u00abLes Jardins Pomerii\u00bb\" target=\"_blank\"><\/p>\n<p><img decoding=\"async\" src=\"https:\/\/www.europesays.com\/fr\/wp-content\/uploads\/2025\/05\/Jardins-Pomerii.jpg\" alt=\"null\" \/>L\u2019\u00e9v\u00e9nement portant sur ce programme de SLCI Demeures a eu lieu ce vendredi \u00e0 Pommiers.<\/p>\n<p><\/a><\/p>\n<p>\t<a href=\"http:\/\/www.lyonpoleimmo.com\/2025\/05\/16\/90909\/bouygues-hausse-des-reservations-de-12-au-1er-trimestre\/\" rel=\"bookmark noopener\" title=\"Lien Permanent vers Bouygues : hausse des r\u00e9servations de 12% au 1er trimestre\" target=\"_blank\">Bouygues : hausse des r\u00e9servations de 12% au 1er trimestre<\/a><\/p>\n<p>\t<a href=\"http:\/\/www.lyonpoleimmo.com\/2025\/05\/16\/90909\/bouygues-hausse-des-reservations-de-12-au-1er-trimestre\/\" rel=\"bookmark noopener\" title=\"Lien Permanent vers Bouygues : hausse des r\u00e9servations de 12% au 1er trimestre\" target=\"_blank\"><\/p>\n<p>Le groupe a fait \u00e9tat ce mercredi de ses r\u00e9sultats du premier trimestre.<\/p>\n<p><\/a><\/p>\n<p>\t<a href=\"http:\/\/www.lyonpoleimmo.com\/2025\/05\/15\/90889\/le-retrait-du-pinel-affecte-un-peu-plus-le-marche-immobilier-neuf\/\" rel=\"bookmark noopener\" title=\"Lien Permanent vers Le retrait du Pinel affecte un peu plus le march\u00e9 immobilier neuf\" target=\"_blank\">Le retrait du Pinel affecte un peu plus le march\u00e9 immobilier neuf<\/a><\/p>\n<p>\t<a href=\"http:\/\/www.lyonpoleimmo.com\/2025\/05\/15\/90889\/le-retrait-du-pinel-affecte-un-peu-plus-le-marche-immobilier-neuf\/\" rel=\"bookmark noopener\" title=\"Lien Permanent vers Le retrait du Pinel affecte un peu plus le march\u00e9 immobilier neuf\" target=\"_blank\"><\/p>\n<p><img decoding=\"async\" src=\"https:\/\/www.europesays.com\/fr\/wp-content\/uploads\/2025\/05\/immeuble-chantier-grue-neuf.jpg\" alt=\"null\" \/>La f\u00e9d\u00e9ration des promoteurs immobiliers a dress\u00e9 un bilan ce jeudi sur l\u2019activit\u00e9 de la promotion immobili\u00e8re au premier trimestre 2025.<\/p>\n<p><\/a><\/p>\n<p>\t<a href=\"http:\/\/www.lyonpoleimmo.com\/2025\/05\/08\/90813\/tous-les-indicateurs-sont-au-rouge\/\" rel=\"bookmark noopener\" title=\"Lien Permanent vers \u00abTous les indicateurs sont au rouge\u00bb\" target=\"_blank\">\u00abTous les indicateurs sont au rouge\u00bb<\/a><\/p>\n<p>\t<a href=\"http:\/\/www.lyonpoleimmo.com\/2025\/05\/08\/90813\/tous-les-indicateurs-sont-au-rouge\/\" rel=\"bookmark noopener\" title=\"Lien Permanent vers \u00abTous les indicateurs sont au rouge\u00bb\" target=\"_blank\"><\/p>\n<p>Norbert Fontanel est le pr\u00e9sident de BTP Rh\u00f4ne et M\u00e9tropole. Nous \u00e9voquons avec lui la conjoncture dans le secteur du b\u00e2timent et des travaux publics.<\/p>\n<p><\/a><\/p>\n<p>\t<a href=\"http:\/\/www.lyonpoleimmo.com\/2025\/05\/08\/90805\/le-btp-secteur-vecteur-de-formation-et-dintegration\/\" rel=\"bookmark noopener\" title=\"Lien Permanent vers Le BTP, secteur vecteur de formation et d\u2019int\u00e9gration\" target=\"_blank\">Le BTP, secteur vecteur de formation et d\u2019int\u00e9gration<\/a><\/p>\n<p>\t<a href=\"http:\/\/www.lyonpoleimmo.com\/2025\/05\/08\/90805\/le-btp-secteur-vecteur-de-formation-et-dintegration\/\" rel=\"bookmark noopener\" title=\"Lien Permanent vers Le BTP, secteur vecteur de formation et d\u2019int\u00e9gration\" target=\"_blank\"><\/p>\n<p><img decoding=\"async\" src=\"https:\/\/www.europesays.com\/fr\/wp-content\/uploads\/2025\/05\/Doublier-Fontanel.jpg\" alt=\"null\" \/>Une r\u00e9cente \u00e9tude d\u00e9voil\u00e9e par BTP Rh\u00f4ne et M\u00e9tropole montre que 68% des ouvriers de production dans le secteur sont recrut\u00e9s \u00e0 un niveau peu ou pas qualifi\u00e9.<\/p>\n<p><\/a><\/p>\n<p>\t<a href=\"http:\/\/www.lyonpoleimmo.com\/2025\/05\/05\/90740\/evasyon-ou-la-mue-reussie-dun-ensemble-tertiaire-au-coeur-du-quartier-sans-souci\/\" rel=\"bookmark noopener\" title=\"Lien Permanent vers \u00ab\u00a0EvasYon\u00a0\u00bb ou la mue r\u00e9ussie d\u2019un ensemble tertiaire au c\u0153ur du quartier Sans Souci\" target=\"_blank\">\u00ab\u00a0EvasYon\u00a0\u00bb ou la mue r\u00e9ussie d\u2019un ensemble tertiaire au c\u0153ur du quartier Sans Souci<\/a><\/p>\n<p>\t<a href=\"http:\/\/www.lyonpoleimmo.com\/2025\/05\/05\/90740\/evasyon-ou-la-mue-reussie-dun-ensemble-tertiaire-au-coeur-du-quartier-sans-souci\/\" rel=\"bookmark noopener\" title=\"Lien Permanent vers \u00ab\u00a0EvasYon\u00a0\u00bb ou la mue r\u00e9ussie d\u2019un ensemble tertiaire au c\u0153ur du quartier Sans Souci\" target=\"_blank\"><\/p>\n<p>L\u2019op\u00e9ration inaugur\u00e9e fin mars par Vinci Immobilier, int\u00e8gre le premier Bikube, nouvelle marque de coliving au concept hybride, mais aussi un nouvel immeuble tertiaire et une r\u00e9sidence \u00e9tudiante.<\/p>\n<p><\/a><\/p>\n<p>\t<a href=\"http:\/\/www.lyonpoleimmo.com\/2025\/05\/02\/90732\/pres-de-8-000-offres-de-ptz-et-34-000-offres-deco-ptz-depuis-debut-janvier\/\" rel=\"bookmark noopener\" title=\"Lien Permanent vers Pr\u00e8s de 8.000 offres de PTZ et 34.000 offres d\u2019Eco-PTZ depuis d\u00e9but janvier\" target=\"_blank\">Pr\u00e8s de 8.000 offres de PTZ et 34.000 offres d\u2019Eco-PTZ depuis d\u00e9but janvier<\/a><\/p>\n<p>\t<a href=\"http:\/\/www.lyonpoleimmo.com\/2025\/05\/02\/90732\/pres-de-8-000-offres-de-ptz-et-34-000-offres-deco-ptz-depuis-debut-janvier\/\" rel=\"bookmark noopener\" title=\"Lien Permanent vers Pr\u00e8s de 8.000 offres de PTZ et 34.000 offres d\u2019Eco-PTZ depuis d\u00e9but janvier\" target=\"_blank\"><\/p>\n<p>La ministre du logement, Val\u00e9rie L\u00e9tard, \u00e9voque de \u00abpremiers signaux positifs\u00bb et \u00abun cap clair pour la relance\u00bb.<\/p>\n<p><\/a><\/p>\n<p>\t<a href=\"http:\/\/www.lyonpoleimmo.com\/2025\/04\/30\/90716\/hausse-des-reservations-de-logements-pour-altarea-au-1er-trimestre\/\" rel=\"bookmark noopener\" title=\"Lien Permanent vers Hausse des r\u00e9servations de logements pour Altarea au 1er trimestre\" target=\"_blank\">Hausse des r\u00e9servations de logements pour Altarea au 1er trimestre<\/a><\/p>\n<p>\t<a href=\"http:\/\/www.lyonpoleimmo.com\/2025\/04\/30\/90716\/hausse-des-reservations-de-logements-pour-altarea-au-1er-trimestre\/\" rel=\"bookmark noopener\" title=\"Lien Permanent vers Hausse des r\u00e9servations de logements pour Altarea au 1er trimestre\" target=\"_blank\"><\/p>\n<p>Le groupe immobilier a fait part mardi soir de ses r\u00e9sultats trimestriels. Ceux-ci ont \u00e9t\u00e9 globalement bien accueillis par les march\u00e9s.<\/p>\n<p><\/a><\/p>\n<p>\t<a href=\"http:\/\/www.lyonpoleimmo.com\/2025\/04\/30\/90711\/leger-mieux-pour-la-construction-de-logements\/\" rel=\"bookmark noopener\" title=\"Lien Permanent vers L\u00e9ger mieux pour la construction de logements\" target=\"_blank\">L\u00e9ger mieux pour la construction de logements<\/a><\/p>\n<p>\t<a href=\"http:\/\/www.lyonpoleimmo.com\/2025\/04\/30\/90711\/leger-mieux-pour-la-construction-de-logements\/\" rel=\"bookmark noopener\" title=\"Lien Permanent vers L\u00e9ger mieux pour la construction de logements\" target=\"_blank\"><\/p>\n<p><img decoding=\"async\" src=\"https:\/\/www.europesays.com\/fr\/wp-content\/uploads\/2025\/05\/travauxchantierlogement3.jpg\" \/>Les autorisations de logements ont progress\u00e9 sur 3 mois, m\u00eame si les chiffres sur 12 mois restent toujours n\u00e9gatifs. Les mises en chantier enregistrent par ailleurs, sur un an, un petit rebond.<\/p>\n<p><\/a><\/p>\n<p>\t<a href=\"http:\/\/www.lyonpoleimmo.com\/2025\/04\/29\/90702\/vicat-perspectives-confirmees-pour-2025\/\" rel=\"bookmark noopener\" title=\"Lien Permanent vers Vicat\u00a0: perspectives confirm\u00e9es pour 2025\" target=\"_blank\">Vicat\u00a0: perspectives confirm\u00e9es pour 2025<\/a><\/p>\n<p>\t<a href=\"http:\/\/www.lyonpoleimmo.com\/2025\/04\/29\/90702\/vicat-perspectives-confirmees-pour-2025\/\" rel=\"bookmark noopener\" title=\"Lien Permanent vers Vicat\u00a0: perspectives confirm\u00e9es pour 2025\" target=\"_blank\"><\/p>\n<p>Le groupe a fait part de son chiffre d\u2019affaires du premier trimestre 2025.<\/p>\n<p><\/a><\/p>\n<p>\t<a href=\"http:\/\/www.lyonpoleimmo.com\/2025\/04\/29\/90696\/confluence-lilot-e4-nord-attribue-au-groupement-porte-par-vinci\/\" rel=\"bookmark noopener\" title=\"Lien Permanent vers Confluence\u00a0: l\u2019\u00eelot E4 Nord attribu\u00e9 au groupement port\u00e9 par Vinci\" target=\"_blank\">Confluence\u00a0: l\u2019\u00eelot E4 Nord attribu\u00e9 au groupement port\u00e9 par Vinci<\/a><\/p>\n<p>\t<a href=\"http:\/\/www.lyonpoleimmo.com\/2025\/04\/29\/90696\/confluence-lilot-e4-nord-attribue-au-groupement-porte-par-vinci\/\" rel=\"bookmark noopener\" title=\"Lien Permanent vers Confluence\u00a0: l\u2019\u00eelot E4 Nord attribu\u00e9 au groupement port\u00e9 par Vinci\" target=\"_blank\"><\/p>\n<p><img decoding=\"async\" src=\"https:\/\/www.europesays.com\/fr\/wp-content\/uploads\/2025\/05\/IlotE4Nord2.jpg\" \/>Vinci Immobilier, Lipsky+Rollet AE et Tectoniques ont \u00e9t\u00e9 d\u00e9sign\u00e9s laur\u00e9ats pour la r\u00e9alisation de cet \u00eelot qui comprendra un gymnase municipal omnisport avec une salle d\u2019escalade, une r\u00e9sidence \u00e9tudiante sociale, des logements, des bureaux et des commerces.<\/p>\n<p><\/a><\/p>\n<p>\t<a href=\"http:\/\/www.lyonpoleimmo.com\/2025\/04\/28\/90678\/nexity-limpact-de-la-fin-du-pinel-a-pese-au-1er-trimestre\/\" rel=\"bookmark noopener\" title=\"Lien Permanent vers Nexity : l\u2019impact de la fin du Pinel a pes\u00e9 au 1er trimestre\" target=\"_blank\">Nexity : l\u2019impact de la fin du Pinel a pes\u00e9 au 1er trimestre<\/a><\/p>\n<p>\t<a href=\"http:\/\/www.lyonpoleimmo.com\/2025\/04\/28\/90678\/nexity-limpact-de-la-fin-du-pinel-a-pese-au-1er-trimestre\/\" rel=\"bookmark noopener\" title=\"Lien Permanent vers Nexity : l\u2019impact de la fin du Pinel a pes\u00e9 au 1er trimestre\" target=\"_blank\"><\/p>\n<p>Les r\u00e9sultats d\u00e9voil\u00e9s jeudi soir apr\u00e8s Bourse laissent entrevoir l\u2019impact n\u00e9gatif de la fin du dispositif d\u2019aide \u00e0 l\u2019investissement locatif.<\/p>\n<p><\/a><\/p>\n<p>\t<a href=\"http:\/\/www.lyonpoleimmo.com\/2025\/04\/24\/90665\/artisanat-du-batiment-51-des-entreprises-observent-une-activite-difficile\/\" rel=\"bookmark noopener\" title=\"Lien Permanent vers Artisanat du b\u00e2timent : 51% des entreprises observent une activit\u00e9 difficile\" target=\"_blank\">Artisanat du b\u00e2timent : 51% des entreprises observent une activit\u00e9 difficile<\/a><\/p>\n<p>\t<a href=\"http:\/\/www.lyonpoleimmo.com\/2025\/04\/24\/90665\/artisanat-du-batiment-51-des-entreprises-observent-une-activite-difficile\/\" rel=\"bookmark noopener\" title=\"Lien Permanent vers Artisanat du b\u00e2timent : 51% des entreprises observent une activit\u00e9 difficile\" target=\"_blank\"><\/p>\n<p><img loading=\"lazy\" decoding=\"async\" class=\"size-full wp-image-66491\" src=\"https:\/\/www.europesays.com\/fr\/wp-content\/uploads\/2025\/04\/CAPEB-2.jpg\" alt=\"\" width=\"487\" height=\"297\" \/><br \/>La CAPEB Auvergne-Rh\u00f4ne-Alpes a fait part de ses chiffres de conjoncture du premier trimestre. L\u2019inqui\u00e9tude est jug\u00e9e, selon l\u2019organisation, persistante chez les chefs d\u2019entreprise.<\/p>\n<p><\/a><\/p>\n<p>\t<a href=\"http:\/\/www.lyonpoleimmo.com\/2025\/04\/22\/90634\/hausse-de-42-du-chiffre-daffaires-daprr-au-1er-trimestre\/\" rel=\"bookmark noopener\" title=\"Lien Permanent vers Hausse de 4,2% du chiffre d\u2019affaires d\u2019APRR au 1er trimestre\" target=\"_blank\">Hausse de 4,2% du chiffre d\u2019affaires d\u2019APRR au 1er trimestre<\/a><\/p>\n<p>\t<a href=\"http:\/\/www.lyonpoleimmo.com\/2025\/04\/22\/90634\/hausse-de-42-du-chiffre-daffaires-daprr-au-1er-trimestre\/\" rel=\"bookmark noopener\" title=\"Lien Permanent vers Hausse de 4,2% du chiffre d\u2019affaires d\u2019APRR au 1er trimestre\" target=\"_blank\"><\/p>\n<p>APRR a publi\u00e9 son chiffre d\u2019affaires au titre du 1er trimestre 2025, ainsi que ses donn\u00e9es en mati\u00e8re de trafic. Sa maison-m\u00e8re, Eiffage, a, elle, gagn\u00e9 un important contrat en Espagne.<\/p>\n<p><\/a><\/p>\n<p>\t<a href=\"http:\/\/www.lyonpoleimmo.com\/2025\/04\/17\/90539\/cdc-habitat-aura-plus-de-1-100-logements-neufs-livres-en-2024\/\" rel=\"bookmark noopener\" title=\"Lien Permanent vers CDC Habitat AURA : plus de 1.100 logements neufs livr\u00e9s en 2024\" target=\"_blank\">CDC Habitat AURA : plus de 1.100 logements neufs livr\u00e9s en 2024<\/a><\/p>\n<p>\t<a href=\"http:\/\/www.lyonpoleimmo.com\/2025\/04\/17\/90539\/cdc-habitat-aura-plus-de-1-100-logements-neufs-livres-en-2024\/\" rel=\"bookmark noopener\" title=\"Lien Permanent vers CDC Habitat AURA : plus de 1.100 logements neufs livr\u00e9s en 2024\" target=\"_blank\"><\/p>\n<p>Pr\u00e8s de 400 livraisons ont \u00e9t\u00e9 r\u00e9alis\u00e9es dans le Rh\u00f4ne et la M\u00e9tropole, selon un bilan d\u00e9voil\u00e9 mercredi.. CDC Habitat Auvergne-Rh\u00f4ne-Alpes a par ailleurs acc\u00e9l\u00e9r\u00e9 la r\u00e9habilitation thermique et soutenu les projets de renouvellement urbain.<\/p>\n<p><\/a><\/p>\n","protected":false},"excerpt":{"rendered":"L\u2019op\u00e9ration de r\u00e9habilitation-extension r\u00e9alis\u00e9e par de 13.000 m\u00b2 de l\u2019ancien si\u00e8ge de RTE accueille d\u00e9sormais des surfaces de&hellip;\n","protected":false},"author":2,"featured_media":115358,"comment_status":"","ping_status":"","sticky":false,"template":"","format":"standard","meta":{"footnotes":""},"categories":[1889],"tags":[5265,1111,11,2430,7655,215,1777,674,1011,27,23562,23563,2428,12,25],"class_list":{"0":"post-115357","1":"post","2":"type-post","3":"status-publish","4":"format-standard","5":"has-post-thumbnail","7":"category-lyon","8":"tag-abonnes","9":"tag-actu","10":"tag-actualites","11":"tag-auvergne-rhone-alpes","12":"tag-bureaux","13":"tag-commerce","14":"tag-eu","15":"tag-europe","16":"tag-fr","17":"tag-france","18":"tag-immo-dentreprise","19":"tag-lactualite-du-neuf","20":"tag-lyon","21":"tag-news","22":"tag-republique-francaise"},"share_on_mastodon":{"url":"https:\/\/pubeurope.com\/@fr\/114542452814712472","error":""},"_links":{"self":[{"href":"https:\/\/www.europesays.com\/fr\/wp-json\/wp\/v2\/posts\/115357","targetHints":{"allow":["GET"]}}],"collection":[{"href":"https:\/\/www.europesays.com\/fr\/wp-json\/wp\/v2\/posts"}],"about":[{"href":"https:\/\/www.europesays.com\/fr\/wp-json\/wp\/v2\/types\/post"}],"author":[{"embeddable":true,"href":"https:\/\/www.europesays.com\/fr\/wp-json\/wp\/v2\/users\/2"}],"replies":[{"embeddable":true,"href":"https:\/\/www.europesays.com\/fr\/wp-json\/wp\/v2\/comments?post=115357"}],"version-history":[{"count":0,"href":"https:\/\/www.europesays.com\/fr\/wp-json\/wp\/v2\/posts\/115357\/revisions"}],"wp:featuredmedia":[{"embeddable":true,"href":"https:\/\/www.europesays.com\/fr\/wp-json\/wp\/v2\/media\/115358"}],"wp:attachment":[{"href":"https:\/\/www.europesays.com\/fr\/wp-json\/wp\/v2\/media?parent=115357"}],"wp:term":[{"taxonomy":"category","embeddable":true,"href":"https:\/\/www.europesays.com\/fr\/wp-json\/wp\/v2\/categories?post=115357"},{"taxonomy":"post_tag","embeddable":true,"href":"https:\/\/www.europesays.com\/fr\/wp-json\/wp\/v2\/tags?post=115357"}],"curies":[{"name":"wp","href":"https:\/\/api.w.org\/{rel}","templated":true}]}}