{"id":1153603,"date":"2026-08-28T07:47:15","date_gmt":"2026-08-28T07:47:15","guid":{"rendered":"https:\/\/www.europesays.com\/fr\/1153603\/"},"modified":"2026-08-28T07:47:15","modified_gmt":"2026-08-28T07:47:15","slug":"diane-parry-ann-li-wta-500-monterrey-demi-finales-samedi-29-aout-2026-lequipe","status":"publish","type":"post","link":"https:\/\/www.europesays.com\/fr\/1153603\/","title":{"rendered":"Diane Parry &#8211; Ann Li, WTA 500, Monterrey, Demi-finales, Samedi 29 ao\u00fbt 2026 &#8211; L&#039;\u00c9quipe"},"content":{"rendered":"<ol>\n<li><a href=\"https:\/\/news.google.com\/rss\/articles\/CBMitgFBVV95cUxPZW9RUTh2N0tPZXo5bUJvV05VUXF0a0pOYy14eHpJOGJwdmlRX3dQanBMdUQwcVdQMk5XQ0FuNDRmQWVIWWdIeVB5WngxVWhVZV9KdnUyZmpsMjBnQnJiVXpYN0pGMkJDUTN6d2tfeFhqXzAzaVd5QUVwZXNtb01qS1ExUTAwQUtRb1RvVXFSS2FtOHgzbmxBTU9NbkRld0MyZk5xSDM1eXBLcHdhXy1EbVlsaDRhUQ?oc=5\" target=\"_blank\" rel=\"nofollow noopener\">Diane Parry &#8211; Ann Li, WTA 500, Monterrey, Demi-finales, Samedi 29 ao\u00fbt 2026<\/a>&nbsp;&nbsp;L&rsquo;\u00c9quipe<\/li>\n<li><a href=\"https:\/\/news.google.com\/rss\/articles\/CBMiwAFBVV95cUxQRkk4QzcwY1dlZmdoQjFQSHp3RWxIOW5BRlNWQ2JiVWhWWDFBRHRYZUlpR28tSjFPeTZxY0FPRWFKVWk2T1kybW16NkppdkdmaExDZzNoWUpFekJCeGtWUGZfektxREhBZkdTaThVYmtGUmY1N1d3NndmT3gyMjBTY0p1VGNhd2NFUE1hUlE2SVZsUkQzekthdU1Xem4yTmM4dW43S2w4U0NFamxIeW9XVnBwUkdLVWFyOEQxMVhzeTg?oc=5\" target=\"_blank\" rel=\"nofollow noopener\">Diane Parry pour la premi\u00e8re fois en demi-finales d&rsquo;un WTA 500 \u00e0 Monterrey<\/a>&nbsp;&nbsp;L&rsquo;\u00c9quipe<\/li>\n<li><a href=\"https:\/\/news.google.com\/rss\/articles\/CBMisgJBVV95cUxNRnd5RFNmcDBiQXo5U2VyQWxxeWlmZnVQdnp5cE81dHpqNFMySmM5SFVUZW9rZGE2SkRtWFlQeTMzLWhkUjZRdkNJMTdfUG4yNUowX0FtMGcyTGRHak15S3ZwVW11ZjN3T2o2ZlgzM1kwWDBqZDVLaWlTTVVBTmlZZEpNcXA2aWVmWk84VHg2bThyZ2hqU0w5cVJHTUVWZUVpLXRVNUdLa1JONWhSZ2V5UXhNUDZCZGViVGtWd29fQVBxZTJxdjcxc2ZXV0xHUzBFb25vWWdSdGVnODFaV0Nsd0Y1X25ueExwNkt4aTRqbHVNTVlaWXRucVppbUpTdmV1TzQ2VUgwMmNkellxT1NfR09wWVFVVmVieU1TbUxxV0NLb2dLMGFLX29aNTk0QkE0Umc?oc=5\" target=\"_blank\" rel=\"nofollow noopener\">Parry fonce en demi-finale et va int\u00e9grer le Top 40<\/a>&nbsp;&nbsp;Eurosport<\/li>\n<li><a href=\"https:\/\/news.google.com\/rss\/articles\/CBMiyAFBVV95cUxPYnBYX3JUZXpxZDBfX0xwTU9hYWJzWGRFbkpKZHRKVjFpM2tlRHlhd0lrTHVaNkRLNG5MOU1jbWJFU2ROa2wwVFVEN2FNV1ZlNjNnZ1dFeklNR1kwVmlvQnVtelJNcHhUdEdpTGtMSGRqUDI2QkZ2OG1lWmZIRDZZQUNBNDVRMG9id1VWU3lFaGRrTFo4OUplaE9HVWQ2VXZiNjBRZ1VXVERXczVCd19FVkV6eGl5TmQ5eEtFZ01EaG9xQVcyQk43Xw?oc=5\" target=\"_blank\" rel=\"nofollow noopener\">Tennis : Diane Parry s\u2019offre une place dans le dernier carr\u00e9 au WTA 500 de Monterrey<\/a>&nbsp;&nbsp;Le Figaro<\/li>\n<li><a href=\"https:\/\/news.google.com\/rss\/articles\/CBMiqgJBVV95cUxQMWlEZ1l4RktyUGNOSVo2bEJlelEzZE9lNDBOYlF5b2JxdVlua0Y4blBYV0ZNdmF4OWRHNmxZNmc4LTNDYUw0NWx0U0NGRW5UalRpM1UxUlc2ZmRuOGJ1OVh5WFBmMGtCVWNiU2Jtc0g1UnE1a3luUjhXUXBYOE0zT3ZsX2RfWXVab1BGeUEzakNSdzhLYzlwTm1CZjlaRlMtelBGd2RRaWx4NkhSeUx1OXF1Yi1Yc3JWd015eS13c0NTc0ZTcTlCeVVSS3lFTW9nTVFhQmRDTXVnTUFHU2RkUVJDaEdDdGVlQ2F3TjN1dzFxMTg2TWNUMVotSUxMTTZTR2tIdi1Ga2xEY1M2Ml9Hay1oNFpnbldWZk5vVmJBaHJTd1hmd2x1cEpR?oc=5\" target=\"_blank\" rel=\"nofollow noopener\">Tennis. Qualifi\u00e9e en demi-finale du WTA 500 de Monterrey, Diane Parry poursuit son ascension au classement mondial<\/a>&nbsp;&nbsp;Ouest-France<\/li>\n<\/ol>\n","protected":false},"excerpt":{"rendered":"Diane Parry &#8211; Ann Li, WTA 500, Monterrey, Demi-finales, Samedi 29 ao\u00fbt 2026&nbsp;&nbsp;L&rsquo;\u00c9quipe Diane Parry pour la premi\u00e8re&hellip;\n","protected":false},"author":2,"featured_media":912358,"comment_status":"","ping_status":"","sticky":false,"template":"","format":"standard","meta":{"footnotes":"","_share_on_mastodon":"0"},"categories":[1415],"tags":[117882,1011,27,64608,73268,60,1467],"class_list":["post-1153603","post","type-post","status-publish","format-standard","has-post-thumbnail","category-tennis","tag-diane-parry-ann-li-en-direct","tag-fr","tag-france","tag-monterrey","tag-null","tag-sports","tag-tennis"],"share_on_mastodon":{"url":"","error":""},"_links":{"self":[{"href":"https:\/\/www.europesays.com\/fr\/wp-json\/wp\/v2\/posts\/1153603","targetHints":{"allow":["GET"]}}],"collection":[{"href":"https:\/\/www.europesays.com\/fr\/wp-json\/wp\/v2\/posts"}],"about":[{"href":"https:\/\/www.europesays.com\/fr\/wp-json\/wp\/v2\/types\/post"}],"author":[{"embeddable":true,"href":"https:\/\/www.europesays.com\/fr\/wp-json\/wp\/v2\/users\/2"}],"replies":[{"embeddable":true,"href":"https:\/\/www.europesays.com\/fr\/wp-json\/wp\/v2\/comments?post=1153603"}],"version-history":[{"count":0,"href":"https:\/\/www.europesays.com\/fr\/wp-json\/wp\/v2\/posts\/1153603\/revisions"}],"wp:featuredmedia":[{"embeddable":true,"href":"https:\/\/www.europesays.com\/fr\/wp-json\/wp\/v2\/media\/912358"}],"wp:attachment":[{"href":"https:\/\/www.europesays.com\/fr\/wp-json\/wp\/v2\/media?parent=1153603"}],"wp:term":[{"taxonomy":"category","embeddable":true,"href":"https:\/\/www.europesays.com\/fr\/wp-json\/wp\/v2\/categories?post=1153603"},{"taxonomy":"post_tag","embeddable":true,"href":"https:\/\/www.europesays.com\/fr\/wp-json\/wp\/v2\/tags?post=1153603"}],"curies":[{"name":"wp","href":"https:\/\/api.w.org\/{rel}","templated":true}]}}