{"id":1153616,"date":"2026-08-28T07:59:25","date_gmt":"2026-08-28T07:59:25","guid":{"rendered":"https:\/\/www.europesays.com\/fr\/1153616\/"},"modified":"2026-08-28T07:59:25","modified_gmt":"2026-08-28T07:59:25","slug":"nouveau-film-alien-par-ridley-scott-jamais-deux-sans-trois","status":"publish","type":"post","link":"https:\/\/www.europesays.com\/fr\/1153616\/","title":{"rendered":"Nouveau film Alien par Ridley Scott : jamais deux sans trois !"},"content":{"rendered":"<p>Interrog\u00e9 par le Los Angeles Times alors qu\u2019il assure la promotion de The\u00a0Dog Stars, Scott a confirm\u00e9 que cette suite \u00e9tait toujours en d\u00e9veloppement et qu\u2019elle serait de nouveau centr\u00e9e sur David, l\u2019andro\u00efde incarn\u00e9 par Michael\u00a0Fassbender.<\/p>\n<p>\u00a0<\/p>\n<p>Une perspective qui laisse un peu perplexe, tant l\u2019accueil r\u00e9serv\u00e9 aux deux premiers volets fut contrast\u00e9 (et pourtant\u2026), et tant le personnage de David, fascinant sur le papier, a parfois donn\u00e9 le sentiment de sortir tout droit d\u2019une IA. Scott, lui, reste manifestement convaincu du potentiel de sa\u00a0cr\u00e9ature.<\/p>\n<p>\u00a0<\/p>\n<p>\u00ab\u00a0Les IA peuvent d\u00e9railler\u00a0\u00bb<\/p>\n<p>Il explique ainsi que l\u2019histoire reprendrait avec David en train de cr\u00e9er un \u00ab\u00a0nouveau monde courageux pour lui\u2011m\u00eame\u00a0\u00bb, tout en disant rester fascin\u00e9 par ce personnage d\u2019intelligence artificielle d\u00e9faillante\u00a0: \u00ab\u00a0Les IA peuvent d\u00e9railler, et quand elles le font, c\u2019est comme une\u00a0bombe\u00a0\u00bb.<\/p>\n<p>\u00a0<\/p>\n<p>Il y a un peu plus d\u2019un an, Scott avait pourtant laiss\u00e9 entendre qu\u2019il en avait termin\u00e9 avec la franchise et semblait avoir pass\u00e9 le relais \u00e0 Fede \u00c1lvarez, r\u00e9alisateur d\u2019<a href=\"https:\/\/www.avcesar.com\/critique\/alien-romulus-6802\" target=\"_blank\" rel=\"nofollow noopener\">Alien\u00a0: Romulus<\/a>, pour mettre en sc\u00e8ne une suite \u00e0 ce film. Dans le m\u00eame temps, la s\u00e9rie Alien\u00a0: Earth a \u00e9t\u00e9 diffus\u00e9e sur FX, avec une deuxi\u00e8me saison actuellement en\u00a0production.<\/p>\n<p>\u00a0<\/p>\n<p>Hollywood en toute franchise<\/p>\n<p>Des informations sorties il y a plusieurs mois indiquaient qu\u2019\u00c1lvarez avait quitt\u00e9 la suite de Romulus en raison de diff\u00e9rends cr\u00e9atifs, possiblement li\u00e9s \u00e0 Scott, tandis que le cin\u00e9aste fran\u00e7ais S\u00e9bastien Vani\u010dek avait lui aussi \u00e9t\u00e9 associ\u00e9 \u00e0 un autre projet Alien, sans lien direct avec\u00a0Romulus.<\/p>\n<p>\u00a0<\/p>\n<p>Plus t\u00f4t cette ann\u00e9e, Scott avait \u00e9galement confi\u00e9 \u00e0 Radio Times que la possibilit\u00e9 de raconter d\u2019autres histoires autour de David \u00e9tait \u00ab\u00a0extr\u00eamement\u00a0fascinante\u00a0\u00bb. Le film de Scott obtiendra\u2011t\u2011il finalement le feu vert\u00a0? Il faudra attendre pour le\u00a0savoir.<\/p>\n<p>                        SOURCE : <a href=\"https:\/\/www.latimes.com\/entertainment-arts\/movies\/story\/2026-08-26\/ridley-scott-director-dog-stars-alien-blade-runner-gladiator-artificial-intelligence-ai\" target=\"_blank\" rel=\"nofollow noopener\">Los Angeles Time<\/a><\/p>\n","protected":false},"excerpt":{"rendered":"Interrog\u00e9 par le Los Angeles Times alors qu\u2019il assure la promotion de The\u00a0Dog Stars, Scott a confirm\u00e9 que&hellip;\n","protected":false},"author":2,"featured_media":1153617,"comment_status":"","ping_status":"","sticky":false,"template":"","format":"standard","meta":{"footnotes":"","_share_on_mastodon":"0"},"categories":[1354],"tags":[15630,650,58,59,1346,1011,27,25990,69021,1360,117883,23961],"class_list":["post-1153616","post","type-post","status-publish","format-standard","has-post-thumbnail","category-films","tag-alien","tag-cinema","tag-divertissement","tag-entertainment","tag-films","tag-fr","tag-france","tag-franchise","tag-michael-fassbender","tag-movies","tag-prequelle","tag-ridley-scott"],"share_on_mastodon":{"url":"https:\/\/pubeurope.com\/@fr\/117172081038982936","error":""},"_links":{"self":[{"href":"https:\/\/www.europesays.com\/fr\/wp-json\/wp\/v2\/posts\/1153616","targetHints":{"allow":["GET"]}}],"collection":[{"href":"https:\/\/www.europesays.com\/fr\/wp-json\/wp\/v2\/posts"}],"about":[{"href":"https:\/\/www.europesays.com\/fr\/wp-json\/wp\/v2\/types\/post"}],"author":[{"embeddable":true,"href":"https:\/\/www.europesays.com\/fr\/wp-json\/wp\/v2\/users\/2"}],"replies":[{"embeddable":true,"href":"https:\/\/www.europesays.com\/fr\/wp-json\/wp\/v2\/comments?post=1153616"}],"version-history":[{"count":0,"href":"https:\/\/www.europesays.com\/fr\/wp-json\/wp\/v2\/posts\/1153616\/revisions"}],"wp:featuredmedia":[{"embeddable":true,"href":"https:\/\/www.europesays.com\/fr\/wp-json\/wp\/v2\/media\/1153617"}],"wp:attachment":[{"href":"https:\/\/www.europesays.com\/fr\/wp-json\/wp\/v2\/media?parent=1153616"}],"wp:term":[{"taxonomy":"category","embeddable":true,"href":"https:\/\/www.europesays.com\/fr\/wp-json\/wp\/v2\/categories?post=1153616"},{"taxonomy":"post_tag","embeddable":true,"href":"https:\/\/www.europesays.com\/fr\/wp-json\/wp\/v2\/tags?post=1153616"}],"curies":[{"name":"wp","href":"https:\/\/api.w.org\/{rel}","templated":true}]}}