{"id":115363,"date":"2025-05-20T22:14:09","date_gmt":"2025-05-20T22:14:09","guid":{"rendered":"https:\/\/www.europesays.com\/fr\/115363\/"},"modified":"2025-05-20T22:14:09","modified_gmt":"2025-05-20T22:14:09","slug":"vous-avez-prevu-de-supporter-le-psg-en-famille-a-munich-contactez-nous","status":"publish","type":"post","link":"https:\/\/www.europesays.com\/fr\/115363\/","title":{"rendered":"vous avez pr\u00e9vu de supporter le PSG en famille \u00e0 Munich, contactez-nous"},"content":{"rendered":"<p>            Par<br \/>\n        <strong><br \/>\n            <a href=\"https:\/\/actu.fr\/auteur\/antoine-grotteria02\" title=\"Consulter tous les articles de Antoine Grotteria\" rel=\"nofollow noopener\" target=\"_blank\">Antoine Grotteria<\/a><br \/>\n        <\/strong><\/p>\n<p>        Publi\u00e9 le<\/p>\n<p>            20 mai 2025 \u00e0 11h02        <\/p>\n<p>Un rendez-vous majuscule. Le samedi 31 mai 2025, le <a href=\"https:\/\/actu.fr\/tag\/paris-saint-germain-psg\" rel=\"nofollow noopener\" target=\"_blank\">Paris Saint-Germain<\/a> va disputer sa deuxi\u00e8me finale de la <strong>Ligue des champions<\/strong>. Cela se d\u00e9roulera \u00e0 Munich, en Allemagne. Au total, 18 000 supporters parisiens rempliront l\u2019enceinte de l\u2019Allianz Arena.\u00a0<\/p>\n<p>\u00c9crivez-nous\u2009!<\/p>\n<p class=\" wall-content\">Pour cet \u00e9v\u00e9nement exceptionnel, actu Paris a d\u00e9cid\u00e9 de donner la parole aux <strong>familles supportrices du PSG<\/strong>, qui ont pu obtenir de pr\u00e9cieux billets.\u00a0<\/p>\n<p class=\" wall-content\">Nous vous invitons \u00e0 t\u00e9moigner de votre <strong>ressenti<\/strong>, votre mode de <strong>transports<\/strong> emprunt\u00e9, votre attachement au club et vos anecdotes de d\u00e9placements entre membres de la famille.\u00a0<\/p>\n<p class=\" wall-content\">Nous vous remercions de votre int\u00e9r\u00eat pour ce sujet.<\/p>\n<p class=\" wall-content\">Nous vous attendons nombreux !<\/p>\n<p>Vid\u00e9os : en ce moment sur Actu<\/p>\n<p class=\" wall-content\">Suivez toute l\u2019actualit\u00e9 de vos villes et m\u00e9dias favoris en vous inscrivant \u00e0 <a href=\"https:\/\/moncompte.actu.fr\" title=\"D\u00e9couvez Mon Actu\" rel=\"nofollow noopener\" data-trk=\"{&quot;cta&quot;:{&quot;action&quot;:&quot;https:\\\/\\\/moncompte.actu.fr&quot;,&quot;category&quot;:&quot;mon compte&quot;,&quot;from&quot;:&quot;article footer&quot;,&quot;name&quot;:&quot;Mon actu&quot;,&quot;type&quot;:&quot;cta&quot;}}\" target=\"_blank\">Mon Actu<\/a>.<\/p>\n<ul class=\"ac-article-tag wall-content\">\n<li><a href=\"https:\/\/actu.fr\/tag\/ligue-des-champions\" data-trk=\"{&quot;cta&quot;:{&quot;action&quot;:&quot;Ligue des Champions&quot;,&quot;category&quot;:&quot;tag&quot;,&quot;from&quot;:&quot;article footer&quot;,&quot;name&quot;:&quot;Ligue des Champions&quot;,&quot;type&quot;:&quot;cta&quot;}}\" rel=\"nofollow noopener\" target=\"_blank\">#Ligue des Champions<\/a><\/li>\n<li><a href=\"https:\/\/actu.fr\/tag\/paris-saint-germain-psg\" data-trk=\"{&quot;cta&quot;:{&quot;action&quot;:&quot;Paris Saint Germain (PSG)&quot;,&quot;category&quot;:&quot;tag&quot;,&quot;from&quot;:&quot;article footer&quot;,&quot;name&quot;:&quot;Paris Saint Germain (PSG)&quot;,&quot;type&quot;:&quot;cta&quot;}}\" rel=\"nofollow noopener\" target=\"_blank\">#Paris Saint Germain (PSG)<\/a><\/li>\n<\/ul>\n","protected":false},"excerpt":{"rendered":"Par Antoine Grotteria Publi\u00e9 le 20 mai 2025 \u00e0 11h02 Un rendez-vous majuscule. Le samedi 31 mai 2025,&hellip;\n","protected":false},"author":2,"featured_media":115364,"comment_status":"","ping_status":"","sticky":false,"template":"","format":"standard","meta":{"footnotes":""},"categories":[1888],"tags":[1111,1928,11,1927,1777,674,1011,27,447,12,1926,626,1925,2332,25,60],"class_list":{"0":"post-115363","1":"post","2":"type-post","3":"status-publish","4":"format-standard","5":"has-post-thumbnail","7":"category-paris","8":"tag-actu","9":"tag-actu-paris","10":"tag-actualites","11":"tag-actualites-paris","12":"tag-eu","13":"tag-europe","14":"tag-fr","15":"tag-france","16":"tag-ligue-des-champions","17":"tag-news","18":"tag-news-paris","19":"tag-paris","20":"tag-paris-news","21":"tag-paris-saint-germain-psg","22":"tag-republique-francaise","23":"tag-sports"},"share_on_mastodon":{"url":"https:\/\/pubeurope.com\/@fr\/114542468321354964","error":""},"_links":{"self":[{"href":"https:\/\/www.europesays.com\/fr\/wp-json\/wp\/v2\/posts\/115363","targetHints":{"allow":["GET"]}}],"collection":[{"href":"https:\/\/www.europesays.com\/fr\/wp-json\/wp\/v2\/posts"}],"about":[{"href":"https:\/\/www.europesays.com\/fr\/wp-json\/wp\/v2\/types\/post"}],"author":[{"embeddable":true,"href":"https:\/\/www.europesays.com\/fr\/wp-json\/wp\/v2\/users\/2"}],"replies":[{"embeddable":true,"href":"https:\/\/www.europesays.com\/fr\/wp-json\/wp\/v2\/comments?post=115363"}],"version-history":[{"count":0,"href":"https:\/\/www.europesays.com\/fr\/wp-json\/wp\/v2\/posts\/115363\/revisions"}],"wp:featuredmedia":[{"embeddable":true,"href":"https:\/\/www.europesays.com\/fr\/wp-json\/wp\/v2\/media\/115364"}],"wp:attachment":[{"href":"https:\/\/www.europesays.com\/fr\/wp-json\/wp\/v2\/media?parent=115363"}],"wp:term":[{"taxonomy":"category","embeddable":true,"href":"https:\/\/www.europesays.com\/fr\/wp-json\/wp\/v2\/categories?post=115363"},{"taxonomy":"post_tag","embeddable":true,"href":"https:\/\/www.europesays.com\/fr\/wp-json\/wp\/v2\/tags?post=115363"}],"curies":[{"name":"wp","href":"https:\/\/api.w.org\/{rel}","templated":true}]}}