{"id":1153652,"date":"2026-08-28T08:24:21","date_gmt":"2026-08-28T08:24:21","guid":{"rendered":"https:\/\/www.europesays.com\/fr\/1153652\/"},"modified":"2026-08-28T08:24:21","modified_gmt":"2026-08-28T08:24:21","slug":"mercato-yadaly-diaby-gf38-vers-la-mls","status":"publish","type":"post","link":"https:\/\/www.europesays.com\/fr\/1153652\/","title":{"rendered":"Mercato. Yadaly Diaby (GF38) vers la MLS"},"content":{"rendered":"<p class=\"wp-block-paragraph\" style=\"font-size:18px\"><strong>D\u2019apr\u00e8s les informations de Foot Mercato, l\u2019attaquant du GF38 Yadaly Diaby devrait rejoindre le club de Vancouver, en MLS, avec qui un accord a \u00e9t\u00e9 trouv\u00e9. <\/strong><\/p>\n<p class=\"wp-block-paragraph\">Diaby disposait d\u2019un bon de sortie cet \u00e9t\u00e9 comme nous vous l\u2019avions r\u00e9v\u00e9l\u00e9 en d\u00e9but de pr\u00e9paration et il ne faisait gu\u00e8re de doute que son avenir ne s\u2019inscrirait pas \u00e0 Grenoble apr\u00e8s sa tr\u00e8s aboutie derni\u00e8re saison. Restait \u00e0 savoir quand et o\u00f9. D\u2019apr\u00e8s Foot Mercato, alors que la fen\u00eatre des transferts se refermera mardi prochain, le joueur devrait donc rejoindre le club de Vancouvert, en MLS. <\/p>\n<p class=\"wp-block-paragraph\">D\u2019apr\u00e8s nos informations, l\u2019op\u00e9ration pourrait rapporter un peu plus du million d\u2019euros au GF38 qui aura tr\u00e8s bien vendu (\u00e0 son \u00e9chelle) cet \u00e9t\u00e9 apr\u00e8s les ventes de Diop, Mambo, Delos ou encore Mouyokolo. Un d\u00e9part qui devrait \u00eatre synonyme d\u2019une arriv\u00e9e alors que d\u2019autres recrues sont \u00e9galement attendues dans les Alpes d\u2019ici la fin du mercato.<\/p>\n<p class=\"wp-block-paragraph\">Est-ce que Diaby sera align\u00e9 ce vendredi soir pour une derni\u00e8re apparition sous le maillot dauphinois ? R\u00e9ponse dans quelques heures. <\/p>\n","protected":false},"excerpt":{"rendered":"D\u2019apr\u00e8s les informations de Foot Mercato, l\u2019attaquant du GF38 Yadaly Diaby devrait rejoindre le club de Vancouver, en&hellip;\n","protected":false},"author":2,"featured_media":1128521,"comment_status":"","ping_status":"","sticky":false,"template":"","format":"standard","meta":{"footnotes":"","_share_on_mastodon":"0"},"categories":[9566],"tags":[1111,11,2430,1777,674,1011,27,21780,2731,12,25,97243],"class_list":["post-1153652","post","type-post","status-publish","format-standard","has-post-thumbnail","category-grenoble","tag-actu","tag-actualites","tag-auvergne-rhone-alpes","tag-eu","tag-europe","tag-fr","tag-france","tag-gf38","tag-grenoble","tag-news","tag-republique-francaise","tag-yadaly-diaby"],"share_on_mastodon":{"url":"https:\/\/pubeurope.com\/@fr\/117172179314453785","error":""},"_links":{"self":[{"href":"https:\/\/www.europesays.com\/fr\/wp-json\/wp\/v2\/posts\/1153652","targetHints":{"allow":["GET"]}}],"collection":[{"href":"https:\/\/www.europesays.com\/fr\/wp-json\/wp\/v2\/posts"}],"about":[{"href":"https:\/\/www.europesays.com\/fr\/wp-json\/wp\/v2\/types\/post"}],"author":[{"embeddable":true,"href":"https:\/\/www.europesays.com\/fr\/wp-json\/wp\/v2\/users\/2"}],"replies":[{"embeddable":true,"href":"https:\/\/www.europesays.com\/fr\/wp-json\/wp\/v2\/comments?post=1153652"}],"version-history":[{"count":0,"href":"https:\/\/www.europesays.com\/fr\/wp-json\/wp\/v2\/posts\/1153652\/revisions"}],"wp:featuredmedia":[{"embeddable":true,"href":"https:\/\/www.europesays.com\/fr\/wp-json\/wp\/v2\/media\/1128521"}],"wp:attachment":[{"href":"https:\/\/www.europesays.com\/fr\/wp-json\/wp\/v2\/media?parent=1153652"}],"wp:term":[{"taxonomy":"category","embeddable":true,"href":"https:\/\/www.europesays.com\/fr\/wp-json\/wp\/v2\/categories?post=1153652"},{"taxonomy":"post_tag","embeddable":true,"href":"https:\/\/www.europesays.com\/fr\/wp-json\/wp\/v2\/tags?post=1153652"}],"curies":[{"name":"wp","href":"https:\/\/api.w.org\/{rel}","templated":true}]}}