{"id":1153672,"date":"2026-08-28T08:35:17","date_gmt":"2026-08-28T08:35:17","guid":{"rendered":"https:\/\/www.europesays.com\/fr\/1153672\/"},"modified":"2026-08-28T08:35:17","modified_gmt":"2026-08-28T08:35:17","slug":"les-images-de-leclipse-partielle-de-lune-un-magnifique-spectacle-dans-le-ciel-de-toulouse","status":"publish","type":"post","link":"https:\/\/www.europesays.com\/fr\/1153672\/","title":{"rendered":"Les images de l&rsquo;\u00e9clipse partielle de Lune : un magnifique spectacle dans le ciel de Toulouse"},"content":{"rendered":"<p>                    Par<br \/>\n        <strong><br \/>\n            <a href=\"https:\/\/actu.fr\/auteur\/david-saint-sernin\" title=\"Consulter tous les articles de David Saint-Sernin\" rel=\"nofollow noopener\" target=\"_blank\">David Saint-Sernin<\/a><br \/>\n                    <\/strong><\/p>\n<p>        Publi\u00e9 le<\/p>\n<p>            28 ao\u00fbt 2026 \u00e0 8h20        <\/p>\n<p>Apr\u00e8s <a href=\"https:\/\/actu.fr\/sciences-technologie\/eclipse-du-12-aout-revivez-ces-moments-avec-les-plus-belles-photos-de-la-lune-qui-a-croque-le-soleil_64658801.html\" rel=\"nofollow noopener\" target=\"_blank\">l\u2019\u00e9clipse de Soleil du 12\u00a0ao\u00fbt<\/a>, la nuit de ce vendredi 28\u00a0ao\u00fbt permettait d\u2019observer un autre ph\u00e9nom\u00e8ne astronomique\u2009:<a href=\"https:\/\/actu.fr\/sciences-technologie\/pleine-lune-de-l-esturgeon-les-impressionnantes-images-de-l-eclipse-quasi-totale-en-france-et-dans-le-monde_64717048.html\" rel=\"nofollow noopener\" target=\"_blank\"> une \u00e9clipse partielle de Lune.<\/a><\/p>\n<p>Apr\u00e8s le ciel chaotique, l\u2019\u00e9clipse partielle de Lune<\/p>\n<p class=\" wall-content\">Apr\u00e8s<a href=\"https:\/\/actu.fr\/occitanie\/toulouse_31555\/un-truc-de-dingue-impressionnant-un-deluge-d-eclairs-illumine-toulouse-et-la-haute-garonne-en-pleine-nuit_64717010.html\" rel=\"nofollow noopener\" target=\"_blank\"> le ciel chaotique de la soir\u00e9e de jeudi qui a illumin\u00e9 le midi toulousain en pleine nuit<\/a>, le ciel s\u2019est d\u00e9gag\u00e9 et les oiseaux de nuit n\u2019ont pas manqu\u00e9 d\u2019observer le ph\u00e9nom\u00e8ne et de partager leurs photos.<\/p>\n<p class=\" wall-content\">\u00c0 partir de 4h33, notre satellite naturel entrait en grande partie dans l\u2019ombre de la Terre, nous offrant cette tr\u00e8s belle \u00e9clipse partielle de Lune (92\u2009% au maximum).<\/p>\n<p>Les images du ph\u00e9nom\u00e8ne c\u00e9leste<\/p>\n<p class=\" wall-content\">\n    <img   decoding=\"async\" loading=\"lazy\" src=\"https:\/\/www.europesays.com\/fr\/wp-content\/uploads\/2026\/08\/img-9142-960x640.jpg\" alt=\"A Toulouse, l'\u00e9clipse partielle de Lune \u00e9tait visible aux alentours de 6h12.\" width=\"960\" height=\"640\"\/><br \/>\n    A Toulouse, l\u2019\u00e9clipse partielle de Lune \u00e9tait visible aux alentours de 6h12. (\u00a9David Saint-Sernin\/Actu Toulouse)<br \/>\n    <img   decoding=\"async\" loading=\"lazy\" src=\"https:\/\/www.europesays.com\/fr\/wp-content\/uploads\/2026\/08\/img-9149-960x640.jpg\" alt=\"Apr\u00e8s 7h, la Lune d\u00e9clinait et il \u00e9tait de moins en moins \u00e9vident d'observer l'\u00e9clipse en regardant vers l'ouest et le sud-ouest.\" width=\"960\" height=\"640\"\/><br \/>\n    Apr\u00e8s 7h, la Lune d\u00e9clinait et il \u00e9tait de moins en moins \u00e9vident d\u2019observer l\u2019\u00e9clipse en regardant vers l\u2019ouest et le sud-ouest. (\u00a9David Saint-Sernin\/Actu Toulouse)<\/p>\n<p>    <a href=\"https:\/\/www.facebook.com\/plugins\/post.php?href=https%3A%2F%2Fwww.facebook.com%2Fmeteopyrenees%2Fposts%2Fpfbid0zJKrzWiUcHpGVECQkBqdw942vTTud5j7BsaXoPJmCMA7NsatdKexX4dowhbgdwuXl&amp;show_text=true&amp;width=350\" title=\"Ouvrie le lien\" rel=\"nofollow noopener\" target=\"_blank\">Cliquez ici pour visualiser le contenu<\/a><\/p>\n<p>    <a href=\"https:\/\/www.facebook.com\/plugins\/post.php?href=https%3A%2F%2Fwww.facebook.com%2Fynohtnanassac%2Fposts%2Fpfbid0JuDNd8HHFAmyrqySXfaxo1mrSoCeAkub9MMJBp1a2y29G5GfzTyAxkm6FWW7EoTDl&amp;show_text=true&amp;width=350\" title=\"Ouvrie le lien\" rel=\"nofollow noopener\" target=\"_blank\">Cliquez ici pour visualiser le contenu<\/a><\/p>\n<p>La chronologie de l\u2019\u00e9clipse<\/p>\n<p class=\" wall-content\">Voici la <strong>chronologie<\/strong> de\u00a0l\u2019\u00e9clipse partielle\u2009:<\/p>\n<p>Vid\u00e9os : en ce moment sur Actu<\/p>\n<ul class=\" wall-content\">\n<li>4\u2009h\u200933\u2009: d\u00e9but de l\u2019\u00e9clipse partielle (l\u2019ombre nette commence \u00e0 \u00ab\u2009mordre\u2009\u00bb le bord du disque).<\/li>\n<li>6\u2009h\u200912\u2009: maximum de l\u2019\u00e9clipse, avec un infime croissant brillant r\u00e9siduel et un disque majoritairement cuivr\u00e9, bas sur l\u2019horizon ouest-sud-ouest.<\/li>\n<li>\u00c0 partir de 06\u2009h\u200945 \/ 07\u2009h\u200915\u2009: coucher de la Lune sous l\u2019horizon alors que le jour se levait, achevant le spectacle pour les observateurs en France.<\/li>\n<\/ul>\n<p>C\u2019est quoi une \u00e9clipse de Lune\u2009?<\/p>\n<p class=\" wall-content\">\u00ab\u2009Une \u00e9clipse de Lune se produit exclusivement lors de la phase de la pleine Lune. Le Soleil, la Terre et la Lune s\u2019alignent. Notre plan\u00e8te s\u2019interpose alors directement entre son \u00e9toile et son satellite, bloquant la lumi\u00e8re solaire directe et projetant son c\u00f4ne d\u2019ombre dans l\u2019espace. Ce c\u00f4ne est constitu\u00e9 d\u2019une ombre centrale sombre et d\u2019une zone externe plus claire\u2009: la p\u00e9nombre\u2009\u00bb, expliquait la Cit\u00e9 de l\u2019Espace il y a quelques jours.<\/p>\n<p>    <a href=\"https:\/\/www.facebook.com\/plugins\/post.php?href=https%3A%2F%2Fwww.facebook.com%2Fcite.espace.toulouse%2Fposts%2Fpfbid0f7as2mMuHxhh1fmAUzttTDN538p2YMUfFqbfNKf2qWCGVF6YM8iU99e6Loa3VJW4l&amp;show_text=true&amp;width=350\" title=\"Ouvrie le lien\" rel=\"nofollow noopener\" target=\"_blank\">Cliquez ici pour visualiser le contenu<\/a><\/p>\n<p class=\" wall-content\">Personnalisez votre actualit\u00e9 en ajoutant vos villes et m\u00e9dias en favori avec <a href=\"https:\/\/moncompte.actu.fr\" title=\"D\u00e9couvez Mon Actu\" rel=\"nofollow noopener\" data-trk=\"{&quot;cta&quot;:{&quot;action&quot;:&quot;https:\\\/\\\/moncompte.actu.fr&quot;,&quot;category&quot;:&quot;mon compte&quot;,&quot;from&quot;:&quot;article footer&quot;,&quot;name&quot;:&quot;Mon actu&quot;,&quot;type&quot;:&quot;cta&quot;}}\" target=\"_blank\">Mon Actu<\/a>.<\/p>\n","protected":false},"excerpt":{"rendered":"Par David Saint-Sernin Publi\u00e9 le 28 ao\u00fbt 2026 \u00e0 8h20 Apr\u00e8s l\u2019\u00e9clipse de Soleil du 12\u00a0ao\u00fbt, la nuit&hellip;\n","protected":false},"author":2,"featured_media":1153673,"comment_status":"","ping_status":"","sticky":false,"template":"","format":"standard","meta":{"footnotes":"","_share_on_mastodon":"0"},"categories":[2816],"tags":[1111,11,50358,386,1777,674,1011,27,12,2680,25,104,2312],"class_list":["post-1153672","post","type-post","status-publish","format-standard","has-post-thumbnail","category-toulouse","tag-actu","tag-actualites","tag-eclipse","tag-espace","tag-eu","tag-europe","tag-fr","tag-france","tag-news","tag-occitanie","tag-republique-francaise","tag-societe","tag-toulouse"],"share_on_mastodon":{"url":"https:\/\/pubeurope.com\/@fr\/117172224246708123","error":""},"_links":{"self":[{"href":"https:\/\/www.europesays.com\/fr\/wp-json\/wp\/v2\/posts\/1153672","targetHints":{"allow":["GET"]}}],"collection":[{"href":"https:\/\/www.europesays.com\/fr\/wp-json\/wp\/v2\/posts"}],"about":[{"href":"https:\/\/www.europesays.com\/fr\/wp-json\/wp\/v2\/types\/post"}],"author":[{"embeddable":true,"href":"https:\/\/www.europesays.com\/fr\/wp-json\/wp\/v2\/users\/2"}],"replies":[{"embeddable":true,"href":"https:\/\/www.europesays.com\/fr\/wp-json\/wp\/v2\/comments?post=1153672"}],"version-history":[{"count":0,"href":"https:\/\/www.europesays.com\/fr\/wp-json\/wp\/v2\/posts\/1153672\/revisions"}],"wp:featuredmedia":[{"embeddable":true,"href":"https:\/\/www.europesays.com\/fr\/wp-json\/wp\/v2\/media\/1153673"}],"wp:attachment":[{"href":"https:\/\/www.europesays.com\/fr\/wp-json\/wp\/v2\/media?parent=1153672"}],"wp:term":[{"taxonomy":"category","embeddable":true,"href":"https:\/\/www.europesays.com\/fr\/wp-json\/wp\/v2\/categories?post=1153672"},{"taxonomy":"post_tag","embeddable":true,"href":"https:\/\/www.europesays.com\/fr\/wp-json\/wp\/v2\/tags?post=1153672"}],"curies":[{"name":"wp","href":"https:\/\/api.w.org\/{rel}","templated":true}]}}