{"id":1153678,"date":"2026-08-28T08:39:16","date_gmt":"2026-08-28T08:39:16","guid":{"rendered":"https:\/\/www.europesays.com\/fr\/1153678\/"},"modified":"2026-08-28T08:39:16","modified_gmt":"2026-08-28T08:39:16","slug":"lille-psg-monaco-om-strasbourg","status":"publish","type":"post","link":"https:\/\/www.europesays.com\/fr\/1153678\/","title":{"rendered":"Lille &#8211; PSG, Monaco &#8211; OM, Strasbourg"},"content":{"rendered":"<p>La saison 2026\/2027 de Ligue 1 McDonald&rsquo;s est lanc\u00e9e. La premi\u00e8re journ\u00e9e s&rsquo;est d\u00e9roul\u00e9e il y a quelques jours et les favoris ont en grande majorit\u00e9 r\u00e9pondu pr\u00e9sents. L&rsquo;Olympique de Marseille a frapp\u00e9 fort en battant le Racing Club de Strasbourg (4-0), le Racing Club de Lens s&rsquo;est impos\u00e9 face \u00e0 l&rsquo;AJ Auxerre (5-2), quand l&rsquo;Olympique Lyonnais et l&rsquo;AS Monaco battaient respectivement le Toulouse FC (0-2) et Le Havre AC (0-1). Seul le champion de France en titre, le Paris Saint-Germain, a \u00e9t\u00e9 accroch\u00e9 par le Stade Rennais (2-2). La deuxi\u00e8me journ\u00e9e du championnat de France de football est jou\u00e9e ce week-end, avec Lille OSC &#8211; PSG en guise d&rsquo;ouverture. 100 % des matchs de <a href=\"https:\/\/www.20minutes.fr\/sport\/ligue-1\/\" target=\"_blank\" class=\"c-link c-link--is-underlined\" rel=\"nofollow noopener\">Ligue 1<\/a> McDonald&rsquo;s sont \u00e0 voir en direct et en exclusivit\u00e9 sur Ligue 1+ cette saison. <\/p>\n<p><a href=\"https:\/\/c3po.link\/QdhUxETrxx\" rel=\"nofollow noopener\" target=\"_blank\" class=\"c-link c-btn c-btn--primary\">Cliquez ici pour souscrire \u00e0 Ligue 1+ <\/a> Lille &#8211; PSG, le choc de cette deuxi\u00e8me journ\u00e9e de Ligue 1 McDonald&rsquo;s <\/p>\n<p>La deuxi\u00e8me journ\u00e9e de Ligue 1 McDonald&rsquo;s s&rsquo;ouvre par un sommet entre le Lille OSC et le PSG, ce vendredi 28 ao\u00fbt \u00e0 20h45. Les Dogues sont all\u00e9s s&rsquo;imposer 0-2 sur le terrain du SCO Angers gr\u00e2ce \u00e0 des r\u00e9alisations d&rsquo;Olivier Giroud et de Tiago Santos en premi\u00e8re p\u00e9riode. En face, le PSG ronronne. Battu lors du Troph\u00e9e des Champions, le club de la capitale a fr\u00f4l\u00e9 le pire sur la pelouse du Stade Rennais. Men\u00e9s 2-0 \u00e0 20 minutes du terme, les Parisiens ont finalement r\u00e9ussi \u00e0 terminer le match avec le point du nul gr\u00e2ce \u00e0 un doubl\u00e9 de Ferran Torres, lui qui disputait ses toutes premi\u00e8res minutes avec son nouveau maillot. <\/p>\n<p>Monaco &#8211; OM, un duel entre deux pr\u00e9tendants <\/p>\n<p>Cette deuxi\u00e8me journ\u00e9e de championnat se conclut par une affiche entre l&rsquo;AS Monaco et l&rsquo;Olympique de Marseille, deux pr\u00e9tendants au podium. Le club princier a \u00e9t\u00e9 convaincant face au Havre. Sous la houlette de Filipe Luis, les Mon\u00e9gasques ont profit\u00e9 d&rsquo;un but d&rsquo;Eric Dier pour s&rsquo;imposer 0-1 face aux Normands. De l&rsquo;autre c\u00f4t\u00e9 de la m\u00e9diane, l&rsquo;OM, qui a impressionn\u00e9 face au Racing Club de Strasbourg. Les Phoc\u00e9ens l&rsquo;ont emport\u00e9 4-0 avec un doubl\u00e9 d&rsquo;Amine Gouiri, une r\u00e9alisation de Keyliane Abdallah ainsi qu&rsquo;un dernier but de Pierre-Emil Hojbjerg. Ce score fleuve permet aux hommes de Bruno Genesio de s&#8217;emparer provisoirement de la t\u00eate du classement. <\/p>\n<p>Strasbourg &#8211; RCL : la lutte pour l&rsquo;Europe commence d\u00e9j\u00e0 <\/p>\n<p>Racing Club de Strasbourg &#8211; Racing Club de Lens fait partie des plus belles affiches du week-end, ce samedi 29 ao\u00fbt \u00e0 17h15. Les Ciel et Blanc ont \u00e9t\u00e9 s\u00e8chement battus par l&rsquo;Olympique de Marseille (4-0), la preuve que le chamboulement de l&rsquo;effectif peut prendre du temps pour trouver des automatismes. Les Sang et Or, en revanche, sont dans la continuit\u00e9 de leur saison pass\u00e9e. Les Nordistes se sont impos\u00e9s 5-2 face \u00e0 l&rsquo;AJ Auxerre. Florian Thauvin a inscrit un doubl\u00e9, la nouvelle recrue Franjo Ivanovic a d\u00e9j\u00e0 \u00e9t\u00e9 efficace, alors que Saud AbdulHamid et Isma\u00eblo Ganiou sont venus aggraver la marque. <\/p>\n<p>L&rsquo;offre Ligue 1+ pour vivre 100 % du championnat de France de football en direct <\/p>\n<p>Ligue 1+ propose une offre qui se termine le 6 septembre prochain. Pendant encore quelques jours, l&rsquo;offre de lancement est \u00e0 14,99 euros par mois les trois premiers mois puis 19,99 euros par mois, avec un engagement d&rsquo;un an. Le Pass Direct est quant \u00e0 lui \u00e0 199 euros les 12 mois, soit 40 euros \u00e9conomis\u00e9s. Ces deux offres vous permettent de profiter de 100 % de la Ligue 1 McDonald&rsquo;s et de la LIGUE 3 Betclic sur l&rsquo;ensemble de vos \u00e9crans connect\u00e9s compatibles, tels que la Smart TV, l&rsquo;ordinateur, la tablette et le smartphone. Plus de 25 heures de direct sont propos\u00e9es chaque semaine par la cha\u00eene TV officielle de la LFP. Vous pouvez \u00eatre deux utilisateurs \u00e0 utiliser le m\u00eame compte Ligue 1+ simultan\u00e9ment sur deux \u00e9crans s\u00e9par\u00e9s. Les moins de 26 ans sont \u00e9galement \u00e0 l&rsquo;honneur, puisqu&rsquo;ils b\u00e9n\u00e9ficient d&rsquo;une offre \u00e0 11,99 euros par mois sans engagement. <\/p>\n<p><a href=\"https:\/\/c3po.link\/QdhUxETrxx\" rel=\"nofollow noopener\" target=\"_blank\" class=\"c-link c-btn c-btn--primary\">Cliquez ici pour souscrire \u00e0 Ligue 1+ <\/a><\/p>\n<p> Ce qu&rsquo;il faut retenir de ce bon plan Ligue 1+ <\/p>\n<p>L&rsquo;offre de lancement Ligue 1+ est disponible \u00e0 14,99 euros par mois les trois premiers mois puis 19,99 euros par mois, avec engagement de douze mois. Ce bon plan est valable jusqu&rsquo;au 6 septembre 2026. <\/p>\n<p>20 Minutes Guide d&rsquo;Achat est aussi sur les r\u00e9seaux sociaux ! Suivez-nous sur <a href=\"https:\/\/www.instagram.com\/20minutes.guideachat\" target=\"_blank\" class=\"c-link c-link--is-underlined\" rel=\"nofollow noopener\">Instagram<\/a> et <a href=\"https:\/\/www.tiktok.com\/@20minutes.guideachat\" target=\"_blank\" class=\"c-link c-link--is-underlined\" rel=\"nofollow noopener\">TikTok<\/a> pour ne rien manquer de nos conseils et s\u00e9lections.<\/p>\n<p><script async src=\"\/\/www.instagram.com\/embed.js\"><\/script><script async src=\"\/\/www.tiktok.com\/embed.js\"><\/script><\/p>\n","protected":false},"excerpt":{"rendered":"La saison 2026\/2027 de Ligue 1 McDonald&rsquo;s est lanc\u00e9e. La premi\u00e8re journ\u00e9e s&rsquo;est d\u00e9roul\u00e9e il y a quelques&hellip;\n","protected":false},"author":2,"featured_media":1153679,"comment_status":"","ping_status":"","sticky":false,"template":"","format":"standard","meta":{"footnotes":"","_share_on_mastodon":"0"},"categories":[2815],"tags":[1111,11,677,1777,674,1011,27,676,53304,811,1307,12,25],"class_list":["post-1153678","post","type-post","status-publish","format-standard","has-post-thumbnail","category-lille","tag-actu","tag-actualites","tag-bons-plans","tag-eu","tag-europe","tag-fr","tag-france","tag-guide-dachat","tag-guide-dachat-sport","tag-hauts-de-france","tag-lille","tag-news","tag-republique-francaise"],"share_on_mastodon":{"url":"https:\/\/pubeurope.com\/@fr\/117172238381952713","error":""},"_links":{"self":[{"href":"https:\/\/www.europesays.com\/fr\/wp-json\/wp\/v2\/posts\/1153678","targetHints":{"allow":["GET"]}}],"collection":[{"href":"https:\/\/www.europesays.com\/fr\/wp-json\/wp\/v2\/posts"}],"about":[{"href":"https:\/\/www.europesays.com\/fr\/wp-json\/wp\/v2\/types\/post"}],"author":[{"embeddable":true,"href":"https:\/\/www.europesays.com\/fr\/wp-json\/wp\/v2\/users\/2"}],"replies":[{"embeddable":true,"href":"https:\/\/www.europesays.com\/fr\/wp-json\/wp\/v2\/comments?post=1153678"}],"version-history":[{"count":0,"href":"https:\/\/www.europesays.com\/fr\/wp-json\/wp\/v2\/posts\/1153678\/revisions"}],"wp:featuredmedia":[{"embeddable":true,"href":"https:\/\/www.europesays.com\/fr\/wp-json\/wp\/v2\/media\/1153679"}],"wp:attachment":[{"href":"https:\/\/www.europesays.com\/fr\/wp-json\/wp\/v2\/media?parent=1153678"}],"wp:term":[{"taxonomy":"category","embeddable":true,"href":"https:\/\/www.europesays.com\/fr\/wp-json\/wp\/v2\/categories?post=1153678"},{"taxonomy":"post_tag","embeddable":true,"href":"https:\/\/www.europesays.com\/fr\/wp-json\/wp\/v2\/tags?post=1153678"}],"curies":[{"name":"wp","href":"https:\/\/api.w.org\/{rel}","templated":true}]}}