{"id":1153680,"date":"2026-08-28T08:40:24","date_gmt":"2026-08-28T08:40:24","guid":{"rendered":"https:\/\/www.europesays.com\/fr\/1153680\/"},"modified":"2026-08-28T08:40:24","modified_gmt":"2026-08-28T08:40:24","slug":"ces-groupes-metal-qui-prennent-dassaut-les-scenes-locales-et-le-hellfest","status":"publish","type":"post","link":"https:\/\/www.europesays.com\/fr\/1153680\/","title":{"rendered":"Ces groupes metal qui prennent d\u2019assaut les sc\u00e8nes locales et le Hellfest"},"content":{"rendered":"<p>Il y a encore quelques ann\u00e9es, parler de metal en France convoquait imm\u00e9diatement les \u00e9chos de la sc\u00e8ne parisienne ou nantaise. Mais c\u2019est d\u00e9sormais vers le sud qu\u2019il faut tourner le regard, car la Provence est, elle aussi, un vivier hyper cr\u00e9atif des musiques extr\u00eames.<\/p>\n<p>En juin\u00a02025, apr\u00e8s sa prestation sur la Hellstage du Hellfest, Karim\u00a0Arnaout, le chanteur du groupe marseillais Blooming Discord, r\u00e9sumait d\u00e9j\u00e0 parfaitement ce basculement\u00a0: \u00ab\u00a0\u00c7a fait six ou sept ans qu\u2019on sent qu\u2019il y a une vraie <a href=\"https:\/\/www.laprovence.com\/article\/sortie-loisirs\/1094039369869916\/mariage-officie-par-un-marseillais-des-vauclusiens-sur-scene-rencontre-avec-des-provencaux-au-hellfest\" target=\"_self\" rel=\"nofollow noopener\">sc\u00e8ne du sud<\/a>, \u00e0 Marseille et aux alentours, hyper vivante, qui se bouge\u00a0! Il y a une \u00e9nergie particuli\u00e8re dans cette ville et on est ravis de faire partie de cet \u00e9lan-l\u00e0.\u00a0\u00bb<\/p>\n<p><img alt=\"Blooming Discord sur la Hellstage du Hellfest 2025 : Karim (chant), Sam (guitare), Vincent (guitare), Antho (basse) et Ben (batterie).\" loading=\"lazy\" decoding=\"async\" data-nimg=\"fill\" class=\" TwicCore_img__i9TC1 undefined  undefined\" style=\"position:absolute;height:100%;width:100%;left:0;top:0;right:0;bottom:0;color:transparent;background-size:cover;background-position:50% 50%;background-repeat:no-repeat;background-image:url(&quot;data:image\/svg+xml;charset=utf-8,%3Csvg xmlns='http:\/\/www.w3.org\/2000\/svg' %3E%3Cfilter id='b' color-interpolation-filters='sRGB'%3E%3CfeGaussianBlur stdDeviation='20'\/%3E%3CfeColorMatrix values='1 0 0 0 0 0 1 0 0 0 0 0 1 0 0 0 0 0 100 -1' result='s'\/%3E%3CfeFlood x='0' y='0' width='100%25' height='100%25'\/%3E%3CfeComposite operator='out' in='s'\/%3E%3CfeComposite in2='SourceGraphic'\/%3E%3CfeGaussianBlur stdDeviation='20'\/%3E%3C\/filter%3E%3Cimage width='100%25' height='100%25' x='0' y='0' preserveAspectRatio='none' style='filter: url(%23b);' href='data:image\/webp;base64,UklGRjYDAABXRUJQVlA4ICoDAABwOwCdASpYAjMBPkkkkEYipC2hIHHIYbAJCWlu4XY+BNqD18Y8NfsAGklspy5cuXLly5cuXLly5cuXLly5cuXLly5cuXLly5cuXLly5cuXLly5cuXLly5cuXLly5cuXLly5cuXLly5cuXLly5cuXLly5cOmSMpCYAqxrZTly5cuXLlb+kGzWSu8K3E1y5cuXLly5cuXLly586rC9hJ59veBEwBVjWynLly5cuXLug2VFzeerXpFBoE1DzVqRnK9boVWdU5uGOkJgCrGtlOXLl3LvfxUZpxwRcmsj79wb4EbKlE\/r22O42hBnpQFwx0hMAVY1spy4YzRxqGxu6c2HW2qsf0YBKFRSEwBVjWynLly5cuaOzYEbNk92seqt0qoLUhMAVY1spy5crUBhXE756j\/F5H4PuLhYztBdg85f1XvYrGtlOXLly5cuXLly8BqjFLIyVJAdajjWODMD9LlVAXDHSEwBVjWynLly9tbE8pMCyjcR7xcMdITAFWNbKcuXLly+D+fa3VF4N6KxrZTly5cuXLly5cuXLly5cuXLly5cuXLly5cuXLly5cuXLly5cuXLly5cuXLly5cuXLly5cuXLly5cuXLly5cuXLly5cuXLly5cuXLly5cuXLly5cuXLhAAAP7\/oF7\/uk\/U\/0X960XRsIAEB2AAAAAAN70kr1HHyAOX3hkoohV27A67FGK7ZDJxBrJxh4Ojbr\/WDeEfz\/7o3pHj59TQ8XGsQUhr3sN7hFK2Jryx8ktgST6T5ReQQ3\/8iFy18d24oI\/ehYDZRlXUy0Kupe8Eo1oGLy7EtnzszCA7wOSYi2TuBOTEajrI03t4X5RtPEfwApDODep6IxUiWEqwc10ClsN9PiXJYP\/ftxQ4kB\/fvVojv0hPD+UslrCvnBMHKjiIKuNWc2UVssi9Sc7OFkej4bXkVzuyn3wK6aai9cjlMoDj0aFvX1cABgc2Kb52QF9UStQKG7NBnYzqQyNQam2c8hYLfhjPkZw8Wtbagqpsowi5hfki1bc1bmdFsUiBCz012jpiep8diCSRABf4vizRKv35xIIAoAAAAAAAAAAAAAA='\/%3E%3C\/svg%3E&quot;)\"   src=\"https:\/\/www.europesays.com\/fr\/wp-content\/uploads\/2026\/08\/blooming-discord-sur-la-hellstage-du-hellfest-2025-karim-chant-sam-guitare-vincent-guitare-antho-bas.jpeg\"\/>Blooming Discord sur la Hellstage du Hellfest 2025 : Karim (chant), Sam (guitare), Vincent (guitare), Antho (basse) et Ben (batterie). \/ PHOTO Infinity Prod<\/p>\n<p>\u00c0 leurs c\u00f4t\u00e9s \u00e0 l&rsquo;affiche de la 18e\u00a0\u00e9dition de la grand-messe du pays de Loire, deux autres formations de la cit\u00e9 phoc\u00e9enne\u00a0: Belore \u2013 qui a retenu \u00ab\u00a0le kiff partag\u00e9 avec le public de la sc\u00e8ne Temple\u00a0\u00bb \u2013 et Novelists, dont la chanteuse Camille\u00a0Contreras est partie des \u00e9toiles plein les yeux. Nouveau souffle et marseillaise \u00ab\u00a0pur jus\u00a0\u00bb du groupe, elle avait, dans une autre line-up, d\u00e9j\u00e0 jou\u00e9 \u00e0 Clisson en 2022.\u00a0<\/p>\n<p><img alt=\"Premier Hellfest pour Camille Contreras en 2025, la chanteuse du groupe marseillais Novelists.\" loading=\"lazy\" decoding=\"async\" data-nimg=\"fill\" class=\" TwicCore_img__i9TC1 undefined  undefined\" style=\"position:absolute;height:100%;width:100%;left:0;top:0;right:0;bottom:0;color:transparent;background-size:cover;background-position:50% 50%;background-repeat:no-repeat;background-image:url(&quot;data:image\/svg+xml;charset=utf-8,%3Csvg xmlns='http:\/\/www.w3.org\/2000\/svg' %3E%3Cfilter id='b' color-interpolation-filters='sRGB'%3E%3CfeGaussianBlur stdDeviation='20'\/%3E%3CfeColorMatrix values='1 0 0 0 0 0 1 0 0 0 0 0 1 0 0 0 0 0 100 -1' result='s'\/%3E%3CfeFlood x='0' y='0' width='100%25' height='100%25'\/%3E%3CfeComposite operator='out' in='s'\/%3E%3CfeComposite in2='SourceGraphic'\/%3E%3CfeGaussianBlur stdDeviation='20'\/%3E%3C\/filter%3E%3Cimage width='100%25' height='100%25' x='0' y='0' preserveAspectRatio='none' style='filter: url(%23b);' href='data:image\/webp;base64,UklGRjYDAABXRUJQVlA4ICoDAABwOwCdASpYAjMBPkkkkEYipC2hIHHIYbAJCWlu4XY+BNqD18Y8NfsAGklspy5cuXLly5cuXLly5cuXLly5cuXLly5cuXLly5cuXLly5cuXLly5cuXLly5cuXLly5cuXLly5cuXLly5cuXLly5cuXLly5cOmSMpCYAqxrZTly5cuXLlb+kGzWSu8K3E1y5cuXLly5cuXLly586rC9hJ59veBEwBVjWynLly5cuXLug2VFzeerXpFBoE1DzVqRnK9boVWdU5uGOkJgCrGtlOXLl3LvfxUZpxwRcmsj79wb4EbKlE\/r22O42hBnpQFwx0hMAVY1spy4YzRxqGxu6c2HW2qsf0YBKFRSEwBVjWynLly5cuaOzYEbNk92seqt0qoLUhMAVY1spy5crUBhXE756j\/F5H4PuLhYztBdg85f1XvYrGtlOXLly5cuXLly8BqjFLIyVJAdajjWODMD9LlVAXDHSEwBVjWynLly9tbE8pMCyjcR7xcMdITAFWNbKcuXLly+D+fa3VF4N6KxrZTly5cuXLly5cuXLly5cuXLly5cuXLly5cuXLly5cuXLly5cuXLly5cuXLly5cuXLly5cuXLly5cuXLly5cuXLly5cuXLly5cuXLly5cuXLly5cuXLhAAAP7\/oF7\/uk\/U\/0X960XRsIAEB2AAAAAAN70kr1HHyAOX3hkoohV27A67FGK7ZDJxBrJxh4Ojbr\/WDeEfz\/7o3pHj59TQ8XGsQUhr3sN7hFK2Jryx8ktgST6T5ReQQ3\/8iFy18d24oI\/ehYDZRlXUy0Kupe8Eo1oGLy7EtnzszCA7wOSYi2TuBOTEajrI03t4X5RtPEfwApDODep6IxUiWEqwc10ClsN9PiXJYP\/ftxQ4kB\/fvVojv0hPD+UslrCvnBMHKjiIKuNWc2UVssi9Sc7OFkej4bXkVzuyn3wK6aai9cjlMoDj0aFvX1cABgc2Kb52QF9UStQKG7NBnYzqQyNQam2c8hYLfhjPkZw8Wtbagqpsowi5hfki1bc1bmdFsUiBCz012jpiep8diCSRABf4vizRKv35xIIAoAAAAAAAAAAAAAA='\/%3E%3C\/svg%3E&quot;)\"   src=\"https:\/\/www.europesays.com\/fr\/wp-content\/uploads\/2026\/08\/premier-hellfest-pour-camille-contreras-la-chanteuse-de-novelists-1787903146_a65779a6396866a5779a639.jpeg\"\/>Premier Hellfest pour Camille Contreras en 2025, la chanteuse du groupe marseillais Novelists. \/ PHOTO Infinity ProdLe tremplin des sc\u00e8nes locales<\/p>\n<p>Avant d&rsquo;en arriver l\u00e0, ce sont bel et bien les sc\u00e8nes locales qui font office de tremplin. Septaria, jeune formation du Vaucluse et du Pays d\u2019Aix, en est un exemple frappant. R\u00e9v\u00e9l\u00e9 par le tremplin Class\u2019EuRock organis\u00e9 par l\u2019asso Aix\u2019Qui\u00a0!, le groupe a attir\u00e9 l\u2019\u0153il de l&rsquo;agence de promotion Klonosph\u00e8re, particuli\u00e8rement de Guillaume Bernard, guitariste et responsable de ce label. Leur premier gros concert, c\u2019\u00e9tait sur le cours Mirabeau \u00e0 Aix-en-Provence en premi\u00e8re partie de Pogo Car Crash Control. \u00ab\u00a0Peut-\u00eatre qu\u2019on ne serait pas l\u00e0 sans \u00e7a, s\u00fbrement pas\u00a0!\u00a0\u00bb, reconna\u00eet encore Hugo\u00a0Leydet, le batteur de Septaria.<\/p>\n<p>Parmi ce riche r\u00e9seau de sc\u00e8nes proven\u00e7ales, citons le Portail Coucou \u00e0 Salon-de-Provence, le Jas Rod aux Pennes-Mirabeau, Le Molotov, Le Dodu et l\u2019espace Julien \u00e0 Marseille, Le N\u00e9o \u00e0 L\u2019Isle-sur-la-Sorgue, le Cherrydon \u00e0 La Penne-sur-Huveaune, le 6Mic \u00e0 Aix-en-Provence, La Rotonde \u00e0 Ch\u00e2teaurenard, L\u2019Usine \u00e0 Istres\u2026 ou encore la salle du Gr\u00e8s \u00e0 Martigues avec l\u2019asso <a href=\"https:\/\/www.laprovence.com\/article\/region\/96588183063437\/les-groupes-de-metal-vauclusiens-scarlean-et-mundilfari-en-concert-samedi-18-septembre-a-martigues\" target=\"_self\" rel=\"nofollow noopener\">Groudoudou Events<\/a> \u2013 qui organise d\u2019ailleurs le Martigues Metal Fest samedi 29\u00a0ao\u00fbt au th\u00e9\u00e2tre de verdure.<\/p>\n<p><img alt=\"Le groupe marseillais Wake the Dead a jou\u00e9 sur la sc\u00e8ne Warzone du Hellfest vendredi 19 juin 2026.\" loading=\"lazy\" decoding=\"async\" data-nimg=\"fill\" class=\" TwicCore_img__i9TC1 undefined  undefined\" style=\"position:absolute;height:100%;width:100%;left:0;top:0;right:0;bottom:0;color:transparent;background-size:cover;background-position:50% 50%;background-repeat:no-repeat;background-image:url(&quot;data:image\/svg+xml;charset=utf-8,%3Csvg xmlns='http:\/\/www.w3.org\/2000\/svg' %3E%3Cfilter id='b' color-interpolation-filters='sRGB'%3E%3CfeGaussianBlur stdDeviation='20'\/%3E%3CfeColorMatrix values='1 0 0 0 0 0 1 0 0 0 0 0 1 0 0 0 0 0 100 -1' result='s'\/%3E%3CfeFlood x='0' y='0' width='100%25' height='100%25'\/%3E%3CfeComposite operator='out' in='s'\/%3E%3CfeComposite in2='SourceGraphic'\/%3E%3CfeGaussianBlur stdDeviation='20'\/%3E%3C\/filter%3E%3Cimage width='100%25' height='100%25' x='0' y='0' preserveAspectRatio='none' style='filter: url(%23b);' href='data:image\/webp;base64,UklGRjYDAABXRUJQVlA4ICoDAABwOwCdASpYAjMBPkkkkEYipC2hIHHIYbAJCWlu4XY+BNqD18Y8NfsAGklspy5cuXLly5cuXLly5cuXLly5cuXLly5cuXLly5cuXLly5cuXLly5cuXLly5cuXLly5cuXLly5cuXLly5cuXLly5cuXLly5cOmSMpCYAqxrZTly5cuXLlb+kGzWSu8K3E1y5cuXLly5cuXLly586rC9hJ59veBEwBVjWynLly5cuXLug2VFzeerXpFBoE1DzVqRnK9boVWdU5uGOkJgCrGtlOXLl3LvfxUZpxwRcmsj79wb4EbKlE\/r22O42hBnpQFwx0hMAVY1spy4YzRxqGxu6c2HW2qsf0YBKFRSEwBVjWynLly5cuaOzYEbNk92seqt0qoLUhMAVY1spy5crUBhXE756j\/F5H4PuLhYztBdg85f1XvYrGtlOXLly5cuXLly8BqjFLIyVJAdajjWODMD9LlVAXDHSEwBVjWynLly9tbE8pMCyjcR7xcMdITAFWNbKcuXLly+D+fa3VF4N6KxrZTly5cuXLly5cuXLly5cuXLly5cuXLly5cuXLly5cuXLly5cuXLly5cuXLly5cuXLly5cuXLly5cuXLly5cuXLly5cuXLly5cuXLly5cuXLly5cuXLhAAAP7\/oF7\/uk\/U\/0X960XRsIAEB2AAAAAAN70kr1HHyAOX3hkoohV27A67FGK7ZDJxBrJxh4Ojbr\/WDeEfz\/7o3pHj59TQ8XGsQUhr3sN7hFK2Jryx8ktgST6T5ReQQ3\/8iFy18d24oI\/ehYDZRlXUy0Kupe8Eo1oGLy7EtnzszCA7wOSYi2TuBOTEajrI03t4X5RtPEfwApDODep6IxUiWEqwc10ClsN9PiXJYP\/ftxQ4kB\/fvVojv0hPD+UslrCvnBMHKjiIKuNWc2UVssi9Sc7OFkej4bXkVzuyn3wK6aai9cjlMoDj0aFvX1cABgc2Kb52QF9UStQKG7NBnYzqQyNQam2c8hYLfhjPkZw8Wtbagqpsowi5hfki1bc1bmdFsUiBCz012jpiep8diCSRABf4vizRKv35xIIAoAAAAAAAAAAAAAA='\/%3E%3C\/svg%3E&quot;)\"   src=\"https:\/\/www.europesays.com\/fr\/wp-content\/uploads\/2026\/08\/le-groupe-marseillais-wake-the-dead-a-joue-sur-la-scene-warzone-du-hellfest-vendredi-19-juin-2026-17.jpeg\"\/>Le groupe marseillais Wake the Dead a jou\u00e9 sur la sc\u00e8ne Warzone du Hellfest vendredi 19 juin 2026. \/ PHOTO Infinity Prod\u00a0\u00bbLe Hellfest n&rsquo;est pas une fin en soi\u00a0\u00bb<\/p>\n<p>Des petites sc\u00e8nes vers le Hellfest, qui permet aux groupes de poursuivre leur ascension\u00a0? \u00ab\u00a0Ce n\u2019est pas une fin en soi mais y jouer permet plus de visibilit\u00e9\u00a0\u00bb, indiquait Giz, \u00e0 la basse et au synth\u00e9 pour le groupe marseillais Yarostan. Eux se sont produits sur la sc\u00e8ne Valley, lors de l&rsquo;\u00e9dition 2026, et ont de nombreux concerts programm\u00e9s prochainement. \u00ab\u00a0Le Hellfest n\u2019a pas tout fait mais \u00e7a doit jouer, reconna\u00eet-il, ajoutant que les programmer n&rsquo;est plus per\u00e7u comme une prise de risque.\u00a0\u00bb<\/p>\n<p><img alt=\"Yarostan au Hellfest 2026.\" loading=\"lazy\" decoding=\"async\" data-nimg=\"fill\" class=\" TwicCore_img__i9TC1 undefined  undefined\" style=\"position:absolute;height:100%;width:100%;left:0;top:0;right:0;bottom:0;color:transparent;background-size:cover;background-position:50% 50%;background-repeat:no-repeat;background-image:url(&quot;data:image\/svg+xml;charset=utf-8,%3Csvg xmlns='http:\/\/www.w3.org\/2000\/svg' %3E%3Cfilter id='b' color-interpolation-filters='sRGB'%3E%3CfeGaussianBlur stdDeviation='20'\/%3E%3CfeColorMatrix values='1 0 0 0 0 0 1 0 0 0 0 0 1 0 0 0 0 0 100 -1' result='s'\/%3E%3CfeFlood x='0' y='0' width='100%25' height='100%25'\/%3E%3CfeComposite operator='out' in='s'\/%3E%3CfeComposite in2='SourceGraphic'\/%3E%3CfeGaussianBlur stdDeviation='20'\/%3E%3C\/filter%3E%3Cimage width='100%25' height='100%25' x='0' y='0' preserveAspectRatio='none' style='filter: url(%23b);' href='data:image\/webp;base64,UklGRjYDAABXRUJQVlA4ICoDAABwOwCdASpYAjMBPkkkkEYipC2hIHHIYbAJCWlu4XY+BNqD18Y8NfsAGklspy5cuXLly5cuXLly5cuXLly5cuXLly5cuXLly5cuXLly5cuXLly5cuXLly5cuXLly5cuXLly5cuXLly5cuXLly5cuXLly5cOmSMpCYAqxrZTly5cuXLlb+kGzWSu8K3E1y5cuXLly5cuXLly586rC9hJ59veBEwBVjWynLly5cuXLug2VFzeerXpFBoE1DzVqRnK9boVWdU5uGOkJgCrGtlOXLl3LvfxUZpxwRcmsj79wb4EbKlE\/r22O42hBnpQFwx0hMAVY1spy4YzRxqGxu6c2HW2qsf0YBKFRSEwBVjWynLly5cuaOzYEbNk92seqt0qoLUhMAVY1spy5crUBhXE756j\/F5H4PuLhYztBdg85f1XvYrGtlOXLly5cuXLly8BqjFLIyVJAdajjWODMD9LlVAXDHSEwBVjWynLly9tbE8pMCyjcR7xcMdITAFWNbKcuXLly+D+fa3VF4N6KxrZTly5cuXLly5cuXLly5cuXLly5cuXLly5cuXLly5cuXLly5cuXLly5cuXLly5cuXLly5cuXLly5cuXLly5cuXLly5cuXLly5cuXLly5cuXLly5cuXLhAAAP7\/oF7\/uk\/U\/0X960XRsIAEB2AAAAAAN70kr1HHyAOX3hkoohV27A67FGK7ZDJxBrJxh4Ojbr\/WDeEfz\/7o3pHj59TQ8XGsQUhr3sN7hFK2Jryx8ktgST6T5ReQQ3\/8iFy18d24oI\/ehYDZRlXUy0Kupe8Eo1oGLy7EtnzszCA7wOSYi2TuBOTEajrI03t4X5RtPEfwApDODep6IxUiWEqwc10ClsN9PiXJYP\/ftxQ4kB\/fvVojv0hPD+UslrCvnBMHKjiIKuNWc2UVssi9Sc7OFkej4bXkVzuyn3wK6aai9cjlMoDj0aFvX1cABgc2Kb52QF9UStQKG7NBnYzqQyNQam2c8hYLfhjPkZw8Wtbagqpsowi5hfki1bc1bmdFsUiBCz012jpiep8diCSRABf4vizRKv35xIIAoAAAAAAAAAAAAAA='\/%3E%3C\/svg%3E&quot;)\"   src=\"https:\/\/www.europesays.com\/fr\/wp-content\/uploads\/2026\/08\/yarostan-au-hellfest-2026-1787903147_08d37cebc98a6fbd37cebc98abfd37v_.jpg\"\/>Yarostan au Hellfest 2026. \/ PHOTO Infinity Prod<\/p>\n<p>Idem pour <a href=\"https:\/\/www.laprovence.com\/article\/region\/6307695574682214\/punk-un-jour-punk-toujours-le-groupe-marseillais-wake-the-dead-a-fait-la-bagarre-au-hellfest\" target=\"_self\" rel=\"nofollow noopener\">Wake The Dead<\/a> qui a \u00ab\u00a0fait la bagarre\u00a0\u00bb en Warzone, la sc\u00e8ne punk du festival. \u00ab\u00a0Notre fil rouge, c\u2019est partir sur les routes, faire des concerts partout o\u00f9 on le peut.\u00a0\u00bb<\/p>\n<p>Reste que comme le dit Fred\u00a0Landercy, \u00e0 qui l\u2019on doit le fanzine marseillais Metal II Mars\u00a0: \u00ab\u00a0Qu\u2019on le veuille ou non, le Hellfest est r\u00e9v\u00e9lateur de l\u2019\u00e9tat de notre sc\u00e8ne, nationale ou r\u00e9gionale. Autrefois, \u00eatre pr\u00e9sent \u00e0 Clisson \u00e9tait une finalit\u00e9. Aujourd\u2019hui, j\u2019ai l\u2019impression que \u00e7a devient un moyen de trouver une l\u00e9gitimit\u00e9 nationale, pour pouvoir percer \u00e0 l\u2019\u00e9tranger.\u00a0\u00bb Et d&rsquo;illustrer\u00a0: \u00ab\u00a0L\u2019explosion de Landmvrks en est un parfait exemple, et ils savent d&rsquo;o\u00f9 ils viennent\u00a0: jouer sur une mainstage du Hellfest n\u2019est, pour eux, pas incompatible avec remplir au taquet le Molotov (salle de concert du 6e, NDLR).\u00a0\u00bb<\/p>\n<p><img alt=\"Septaria au Hellfest en 2025 : le groupe vauclusien a jou\u00e9 sur la Hellstage.\" loading=\"lazy\" decoding=\"async\" data-nimg=\"fill\" class=\" TwicCore_img__i9TC1 undefined  undefined\" style=\"position:absolute;height:100%;width:100%;left:0;top:0;right:0;bottom:0;color:transparent;background-size:cover;background-position:50% 50%;background-repeat:no-repeat;background-image:url(&quot;data:image\/svg+xml;charset=utf-8,%3Csvg xmlns='http:\/\/www.w3.org\/2000\/svg' %3E%3Cfilter id='b' color-interpolation-filters='sRGB'%3E%3CfeGaussianBlur stdDeviation='20'\/%3E%3CfeColorMatrix values='1 0 0 0 0 0 1 0 0 0 0 0 1 0 0 0 0 0 100 -1' result='s'\/%3E%3CfeFlood x='0' y='0' width='100%25' height='100%25'\/%3E%3CfeComposite operator='out' in='s'\/%3E%3CfeComposite in2='SourceGraphic'\/%3E%3CfeGaussianBlur stdDeviation='20'\/%3E%3C\/filter%3E%3Cimage width='100%25' height='100%25' x='0' y='0' preserveAspectRatio='none' style='filter: url(%23b);' href='data:image\/webp;base64,UklGRjYDAABXRUJQVlA4ICoDAABwOwCdASpYAjMBPkkkkEYipC2hIHHIYbAJCWlu4XY+BNqD18Y8NfsAGklspy5cuXLly5cuXLly5cuXLly5cuXLly5cuXLly5cuXLly5cuXLly5cuXLly5cuXLly5cuXLly5cuXLly5cuXLly5cuXLly5cOmSMpCYAqxrZTly5cuXLlb+kGzWSu8K3E1y5cuXLly5cuXLly586rC9hJ59veBEwBVjWynLly5cuXLug2VFzeerXpFBoE1DzVqRnK9boVWdU5uGOkJgCrGtlOXLl3LvfxUZpxwRcmsj79wb4EbKlE\/r22O42hBnpQFwx0hMAVY1spy4YzRxqGxu6c2HW2qsf0YBKFRSEwBVjWynLly5cuaOzYEbNk92seqt0qoLUhMAVY1spy5crUBhXE756j\/F5H4PuLhYztBdg85f1XvYrGtlOXLly5cuXLly8BqjFLIyVJAdajjWODMD9LlVAXDHSEwBVjWynLly9tbE8pMCyjcR7xcMdITAFWNbKcuXLly+D+fa3VF4N6KxrZTly5cuXLly5cuXLly5cuXLly5cuXLly5cuXLly5cuXLly5cuXLly5cuXLly5cuXLly5cuXLly5cuXLly5cuXLly5cuXLly5cuXLly5cuXLly5cuXLhAAAP7\/oF7\/uk\/U\/0X960XRsIAEB2AAAAAAN70kr1HHyAOX3hkoohV27A67FGK7ZDJxBrJxh4Ojbr\/WDeEfz\/7o3pHj59TQ8XGsQUhr3sN7hFK2Jryx8ktgST6T5ReQQ3\/8iFy18d24oI\/ehYDZRlXUy0Kupe8Eo1oGLy7EtnzszCA7wOSYi2TuBOTEajrI03t4X5RtPEfwApDODep6IxUiWEqwc10ClsN9PiXJYP\/ftxQ4kB\/fvVojv0hPD+UslrCvnBMHKjiIKuNWc2UVssi9Sc7OFkej4bXkVzuyn3wK6aai9cjlMoDj0aFvX1cABgc2Kb52QF9UStQKG7NBnYzqQyNQam2c8hYLfhjPkZw8Wtbagqpsowi5hfki1bc1bmdFsUiBCz012jpiep8diCSRABf4vizRKv35xIIAoAAAAAAAAAAAAAA='\/%3E%3C\/svg%3E&quot;)\"   src=\"https:\/\/www.europesays.com\/fr\/wp-content\/uploads\/2026\/08\/septaria-au-hellfest-en-2025-le-groupe-vauclusien-a-joue-sur-la-hellstage-1787903148_f81bc2e539686fc.jpeg\"\/>Septaria au Hellfest en 2025 : le groupe vauclusien a jou\u00e9 sur la Hellstage. \/ PHOTO INFINITY PROD<\/p>\n<p>Et si la sc\u00e8ne metal au sens large vit de mieux en mieux gr\u00e2ce aux salles, aux associations ou \u00e0 la presse sp\u00e9cialis\u00e9e ou non \u2013\u00a0loin des \u00ab\u00a0sorties grotesques de certains influenceurs\u00a0\u00bb, tacle Mathieu\u00a0Damiani d\u2019Eradikal Insane \u2013, tout headbanger (aficionado du genre) aspire \u00e0 la r\u00e9veiller encore plus. Comment\u00a0? Guillaume\u00a0Indaburu, l\u2019un des deux guitaristes de Wake The Dead, a la solution\u00a0: \u00ab\u00a0Prenez des pr\u00e9-ventes, allez voir les concerts en vrai. La musique, c\u2019est sur et devant la sc\u00e8ne qu\u2019elle se vit.\u00a0\u00bb\u00a0<\/p>\n<p>Quelques dates de l\u2019agenda metal et musiques extr\u00eames (liste non exhaustive)<\/p>\n<p><strong>Vendredi 11\u00a0septembre<\/strong> Le Dodu Marseille \u00e0 19h30, Aephanemer (ex-Hellfest) et Les B\u00e2tards Du Roi<\/p>\n<p><strong>Jeudi 17\u00a0septembre<\/strong> 6MIC Aix-en-Provence \u00e0 20h30, The Young Gods et Kill The Thrill<\/p>\n<p><strong>Mercredi 23\u00a0septembre<\/strong> Le Silo Marseille \u00e0 20h00, Devin Townsend (ex-Hellfest)<\/p>\n<p><strong>Vendredi 25\u00a0septembre<\/strong> Le Dodu Marseille \u00e0 19h30, Scarlean (ex-Hellfest), Blooming Discord et Matw<\/p>\n<p><strong>Mardi 6\u00a0octobre<\/strong> Le Molotov Marseille \u00e0 20h30, Hippie Death Cult<\/p>\n<p><strong>Vendredi 9\u00a0octobre<\/strong> La Rotonde Ch\u00e2teaurenard \u00e0 20h30, Hypno5e (ex-Hellfest) et Hippotraktor<\/p>\n<p><strong>Dimanche 11\u00a0octobre<\/strong> Le Molotov Marseille \u00e0 20h00, Forever Nu\u00a0! Tour (Tributes SOAD, Slipknot, Machine Head)<\/p>\n<p><strong>Vendredi 16\u00a0octobre<\/strong> Le Jas Rod Les Pennes-Mirabeau \u00e0 19h00, Fracture Fest II Jour 1 avec Akiavel (ex-Hellfest), Wake The Dead, Kamizol-K, Last Addiction et Obsyd<\/p>\n<p><strong>Samedi 17\u00a0octobre<\/strong> Le Jas Rod Les Pennes-Mirabeau \u00e0 18h00, Fracture Fest II Jour 2 avec Horskh (ex-Hellfest), Eight Sins, Lecks Inc, Headkeyz, Maze\u2019D et Trank<\/p>\n<p><strong>Samedi 31\u00a0octobre<\/strong> Salle du Roucas Vitrolles \u00e0 19h30, Festival TPA avec Yarostan, Septaria, Messalina et Butterknifes<\/p>\n<p>Ailleurs\u00a0:<\/p>\n<p><strong>Samedi 26\u00a0septembre<\/strong> Scarlean \u00e0 l\u2019espace culturel Saint-Privat (Ard\u00e8che) \u00e0 l\u2019occasion du festival Metalo\u00efd Metalfest #07 avec Samael, Brutal Sphincter et Kr3V<\/p>\n<p><strong>Sa<\/strong><strong>medi 10\u00a0octobre,<\/strong> Mundilfari \u00e0 L\u2019Ellipse Viry (Haute-Savoie) \u00e0 l\u2019occasion du festival Hell-Ipse Fest avec Lyon Maiden, Deos, Septem, Chaosis et Heartbeat.<\/p>\n","protected":false},"excerpt":{"rendered":"Il y a encore quelques ann\u00e9es, parler de metal en France convoquait imm\u00e9diatement les \u00e9chos de la sc\u00e8ne&hellip;\n","protected":false},"author":2,"featured_media":1153681,"comment_status":"","ping_status":"","sticky":false,"template":"","format":"standard","meta":{"footnotes":"","_share_on_mastodon":"0"},"categories":[2814],"tags":[5734,1111,11,9122,57942,1777,674,1011,27,23198,884,28629,12,32966,13441,882,3583,16,25],"class_list":["post-1153680","post","type-post","status-publish","format-standard","has-post-thumbnail","category-marseille","tag-5734","tag-actu","tag-actualites","tag-ces","tag-dassaut","tag-eu","tag-europe","tag-fr","tag-france","tag-groupes","tag-marseille","tag-metal","tag-news","tag-prennent","tag-provencaux","tag-provence-alpes-cote-dazur","tag-qui","tag-region","tag-republique-francaise"],"share_on_mastodon":{"url":"https:\/\/pubeurope.com\/@fr\/117172244801796361","error":""},"_links":{"self":[{"href":"https:\/\/www.europesays.com\/fr\/wp-json\/wp\/v2\/posts\/1153680","targetHints":{"allow":["GET"]}}],"collection":[{"href":"https:\/\/www.europesays.com\/fr\/wp-json\/wp\/v2\/posts"}],"about":[{"href":"https:\/\/www.europesays.com\/fr\/wp-json\/wp\/v2\/types\/post"}],"author":[{"embeddable":true,"href":"https:\/\/www.europesays.com\/fr\/wp-json\/wp\/v2\/users\/2"}],"replies":[{"embeddable":true,"href":"https:\/\/www.europesays.com\/fr\/wp-json\/wp\/v2\/comments?post=1153680"}],"version-history":[{"count":0,"href":"https:\/\/www.europesays.com\/fr\/wp-json\/wp\/v2\/posts\/1153680\/revisions"}],"wp:featuredmedia":[{"embeddable":true,"href":"https:\/\/www.europesays.com\/fr\/wp-json\/wp\/v2\/media\/1153681"}],"wp:attachment":[{"href":"https:\/\/www.europesays.com\/fr\/wp-json\/wp\/v2\/media?parent=1153680"}],"wp:term":[{"taxonomy":"category","embeddable":true,"href":"https:\/\/www.europesays.com\/fr\/wp-json\/wp\/v2\/categories?post=1153680"},{"taxonomy":"post_tag","embeddable":true,"href":"https:\/\/www.europesays.com\/fr\/wp-json\/wp\/v2\/tags?post=1153680"}],"curies":[{"name":"wp","href":"https:\/\/api.w.org\/{rel}","templated":true}]}}