{"id":115369,"date":"2025-05-20T22:17:16","date_gmt":"2025-05-20T22:17:16","guid":{"rendered":"https:\/\/www.europesays.com\/fr\/115369\/"},"modified":"2025-05-20T22:17:16","modified_gmt":"2025-05-20T22:17:16","slug":"paris-un-policier-de-la-brav-m-juge-coupable-de-violence-sur-un-manifestant","status":"publish","type":"post","link":"https:\/\/www.europesays.com\/fr\/115369\/","title":{"rendered":"Paris. Un policier de la Brav-M jug\u00e9 coupable de violence sur un manifestant"},"content":{"rendered":"<p>Un policier de la Brav-M a \u00e9t\u00e9 jug\u00e9 coupable mardi par le tribunal correctionnel de Paris de violence sur sur un observateur de la Ligue des droits de l&rsquo;homme lors d&rsquo;une manifestation le 1er mai 2021, au tribunal correctionnel de Paris.<\/p>\n<p>Stage de citoyennet\u00e9<\/p>\n<p>Le policier de 30 ans a \u00e9t\u00e9 condamn\u00e9 \u00e0 un stage de citoyennet\u00e9 pour avoir violemment pouss\u00e9 \u00e0 terre Daniel.B, journaliste retrait\u00e9 qui s&rsquo;\u00e9tait rendu avec sa cam\u00e9ra, en tant qu\u2019observateur pour la Ligue des droits de l&rsquo;homme, \u00e0 une manifestation en soutien aux droits des travailleurs.<\/p>\n<p>Le policier de la brigade de r\u00e9pression de l&rsquo;action violente motoris\u00e9e (Brav-M) a pouss\u00e9 et fait tomber l&rsquo;ancien journaliste au milieu d\u2019une foule de manifestants. \u00a0Il a soutenu qu&rsquo;il cherchait seulement \u00e0 l&rsquo;\u00ab \u00e9carter \u00bb, sans aucune intention \u00ab de le faire chuter, et encore moins de le blesser \u00bb, car il se trouvait sur son chemin.<\/p>\n<p>Le gardien de la paix avait pour objectif d\u2019interpeller une personne capuch\u00e9e, \u00ab qui a jet\u00e9 un projectile \u00bb en direction de la police: \u00ab je fonce vers la personne qui a jet\u00e9 le projectile, je veux \u00e9carter l\u2019obstacle, je le pousse, je vois que je n\u2019arriverai pas \u00e0 l\u2019interpeller, donc je me replie \u00bb, d\u00e9crit le policier apr\u00e8s plusieurs visionnages de la vid\u00e9o film\u00e9e par un manifestant.<\/p>\n<p>  Violence volontaire<\/p>\n<p>Cette vid\u00e9o le montre se dirigeant vers la foule et percutant l&rsquo;observateur de ses deux mains, le faisant chuter au sol, au milieu des manifestants. Les juges ont consid\u00e9r\u00e9 que l\u2019action du policier \u00e9tait une violence volontaire.<\/p>\n<p>Pour Daniel.B, qui participe aux d\u00e9fil\u00e9s du 1er mai \u00ab depuis 6 ou 7 ans \u00bb, il a clairement \u00e9t\u00e9 vis\u00e9 parce qu\u2019il \u00e9tait pr\u00e9sent \u00ab en tant qu&rsquo;observateur de la LDH, parce que j&rsquo;\u00e9tais en train de filmer l&rsquo;action des forces de police \u00bb. \u00ab Il faut aussi prot\u00e9ger les manifestants, mais pas les agresser \u00bb, a-t-il fait valoir.<\/p>\n<p>Le policier a lui assur\u00e9 ne pas avoir per\u00e7u qu&rsquo;il s&rsquo;agissait d&rsquo;un observateur. \u00ab Je ne les identifie pas comme des observateurs, beaucoup sont habill\u00e9s de couleurs diff\u00e9rentes, surtout le 1er mai \u00bb, avec \u00ab beaucoup de revendications diff\u00e9rentes \u00bb.<\/p>\n<p>Daniel.B a lui estim\u00e9 au contraire avoir \u00e9t\u00e9 \u00ab tr\u00e8s identifiable avec la mention &lsquo;Ligue des droits de l&rsquo;homme&rsquo;, des casques bleu clair, des chasubles blancs et nous sommes volontairement observables \u00bb.<\/p>\n","protected":false},"excerpt":{"rendered":"Un policier de la Brav-M a \u00e9t\u00e9 jug\u00e9 coupable mardi par le tribunal correctionnel de Paris de violence&hellip;\n","protected":false},"author":2,"featured_media":115370,"comment_status":"","ping_status":"","sticky":false,"template":"","format":"standard","meta":{"footnotes":""},"categories":[1888],"tags":[11,271,272,1777,674,274,107,1011,27,329,12,626,25],"class_list":{"0":"post-115369","1":"post","2":"type-post","3":"status-publish","4":"format-standard","5":"has-post-thumbnail","7":"category-paris","8":"tag-actualites","9":"tag-crime","10":"tag-delit-et-contravention","11":"tag-eu","12":"tag-europe","13":"tag-faits-divers-justice","14":"tag-fil-info","15":"tag-fr","16":"tag-france","17":"tag-france-monde","18":"tag-news","19":"tag-paris","20":"tag-republique-francaise"},"share_on_mastodon":{"url":"https:\/\/pubeurope.com\/@fr\/114542480193910768","error":""},"_links":{"self":[{"href":"https:\/\/www.europesays.com\/fr\/wp-json\/wp\/v2\/posts\/115369","targetHints":{"allow":["GET"]}}],"collection":[{"href":"https:\/\/www.europesays.com\/fr\/wp-json\/wp\/v2\/posts"}],"about":[{"href":"https:\/\/www.europesays.com\/fr\/wp-json\/wp\/v2\/types\/post"}],"author":[{"embeddable":true,"href":"https:\/\/www.europesays.com\/fr\/wp-json\/wp\/v2\/users\/2"}],"replies":[{"embeddable":true,"href":"https:\/\/www.europesays.com\/fr\/wp-json\/wp\/v2\/comments?post=115369"}],"version-history":[{"count":0,"href":"https:\/\/www.europesays.com\/fr\/wp-json\/wp\/v2\/posts\/115369\/revisions"}],"wp:featuredmedia":[{"embeddable":true,"href":"https:\/\/www.europesays.com\/fr\/wp-json\/wp\/v2\/media\/115370"}],"wp:attachment":[{"href":"https:\/\/www.europesays.com\/fr\/wp-json\/wp\/v2\/media?parent=115369"}],"wp:term":[{"taxonomy":"category","embeddable":true,"href":"https:\/\/www.europesays.com\/fr\/wp-json\/wp\/v2\/categories?post=115369"},{"taxonomy":"post_tag","embeddable":true,"href":"https:\/\/www.europesays.com\/fr\/wp-json\/wp\/v2\/tags?post=115369"}],"curies":[{"name":"wp","href":"https:\/\/api.w.org\/{rel}","templated":true}]}}