{"id":1153701,"date":"2026-08-28T08:54:20","date_gmt":"2026-08-28T08:54:20","guid":{"rendered":"https:\/\/www.europesays.com\/fr\/1153701\/"},"modified":"2026-08-28T08:54:20","modified_gmt":"2026-08-28T08:54:20","slug":"donald-trump-se-voit-meilleur-president-americain-et-classe-biden-et-obama-parmi-les-rates","status":"publish","type":"post","link":"https:\/\/www.europesays.com\/fr\/1153701\/","title":{"rendered":"Donald Trump se voit meilleur pr\u00e9sident am\u00e9ricain, et classe Biden et Obama parmi les \u00ab\u00a0rat\u00e9s\u00a0\u00bb"},"content":{"rendered":"<p>                 \u00c0 voir aussi sur Le HuffPost            <\/p>\n<p> La lecture de ce contenu est susceptible d\u2019entra\u00eener un d\u00e9p\u00f4t de cookies de la part de l\u2019op\u00e9rateur tiers qui l\u2019h\u00e9berge. Compte-tenu des choix que vous avez exprim\u00e9s en mati\u00e8re de d\u00e9p\u00f4t de cookies, nous avons bloqu\u00e9 l\u2019affichage de ce contenu. Si vous souhaitez y acc\u00e9der, vous devez accepter la cat\u00e9gorie de cookies \u201cContenus tiers\u201d en cliquant sur le bouton ci-dessous. <\/p>\n<p> Lire la Vid\u00e9o              <\/p>\n<p class=\"asset asset-text\">Trump n\u2019en finit pas de s\u2019autocongratuler, et de lire les choses d\u2019une mani\u00e8re qui lui est favorable. Sur Truth Social, le pr\u00e9sident am\u00e9ricain a partag\u00e9 un classement des chefs d\u2019\u00c9tat am\u00e9ricains allant des \u00ab\u00a0Greatest\u00a0\u00bb (\u00ab les plus grands\u00a0\u00bb) aux \u00ab\u00a0Failures\u00a0\u00bb (\u00ab\u00a0les rat\u00e9s\u00a0\u00bb). Et il s\u2019est install\u00e9, comme \u00e0 son habitude, positionn\u00e9 tout en haut de la hi\u00e9rarchie.<\/p>\n<p class=\"asset asset-text\">Dans la cat\u00e9gorie des \u00ab\u00a0Greatest\u00a0\u00bb, Trump appara\u00eet seul. Derri\u00e8re lui, dans celle des pr\u00e9sidents consid\u00e9r\u00e9s comme \u00ab\u00a0Great\u00a0\u00bb, les grands dirigeants, figurent notamment Abraham Lincoln, George Washington et Franklin Delano Roosevelt. \u00c0 l\u2019autre extr\u00e9mit\u00e9 du tableau, Joe Biden et Barack Obama apparaissent dans la cat\u00e9gorie des \u00ab\u00a0Failures\u00a0\u00bb. Cette position correspond \u00e9videmment \u00e0 l\u2019hostilit\u00e9 r\u00e9guli\u00e8rement exprim\u00e9e par Trump envers ses deux pr\u00e9d\u00e9cesseurs d\u00e9mocrates.<\/p>\n<p> La lecture de ce contenu est susceptible d\u2019entra\u00eener un d\u00e9p\u00f4t de cookies de la part de l\u2019op\u00e9rateur tiers qui l\u2019h\u00e9berge. Compte-tenu des choix que vous avez exprim\u00e9s en mati\u00e8re de d\u00e9p\u00f4t de cookies, nous avons bloqu\u00e9 l\u2019affichage de ce contenu. Si vous souhaitez y acc\u00e9der, vous devez accepter la cat\u00e9gorie de cookies \u201cContenus tiers\u201d en cliquant sur le bouton ci-dessous. <\/p>\n<p> Lire la Vid\u00e9o        <\/p>\n<p class=\"asset asset-text\">Bill Clinton, lui, figure dans la cat\u00e9gorie \u00ab\u00a0Average\u00a0\u00bb. On aurait pu l\u2019attendre dans la m\u00eame cat\u00e9gorie que Joe Biden et Barack Obama tant le pr\u00e9sident am\u00e9ricain multiplie les attaques envers l\u2019ancien dirigeant d\u00e9mocrate et son \u00e9pouse Hillary. Des critiques qui se sont toutefois rar\u00e9fi\u00e9es alors que l\u2019ex-pr\u00e9sident et l\u2019ancienne candidate \u00e9taient entendus dans l\u2019affaire Epstein, que Donald Trump tente \u00e0 tout prix de faire oublier.<\/p>\n<p>    53\u00a0% des r\u00e9publicains interrog\u00e9s citent Trump comme pr\u00e9sident qu\u2019ils admirent le plus    <\/p>\n<p class=\"asset asset-text\">Donald Trump n\u2019a toutefois pas \u00e9tabli lui-m\u00eame l\u2019ensemble de cette hi\u00e9rarchie\u00a0: le tableau qu\u2019il a partag\u00e9 reprend un classement plus ancien, publi\u00e9 par le magazine Life en 1948, avec des ajouts concernant des pr\u00e9sidents plus r\u00e9cents, note <a href=\"https:\/\/www.leparisien.fr\/international\/etats-unis\/le-meilleur-donald-trump-publie-le-classement-des-plus-grands-presidents-americains-et-se-met-seul-devant-28-08-2026-GUAYSPAJMRGH5FXESE2TGCSSXA.php\" target=\"_blank\" rel=\"noopener nofollow\" title=\"Nouvelle fen\u00eatre\">Le Parisien<\/a>.<\/p>\n<p class=\"asset asset-text\">Cette publication intervient au lendemain de la diffusion par CNN d\u2019une s\u00e9quence consacr\u00e9e \u00e0 la popularit\u00e9 de Donald Trump aupr\u00e8s des \u00e9lecteurs r\u00e9publicains. L\u2019analyste Harry Enten commentait une enqu\u00eate portant sur les pr\u00e9sidents que les \u00e9lecteurs r\u00e9publicains admirent le plus. Selon les chiffres pr\u00e9sent\u00e9s \u00e0 l\u2019antenne, 53\u00a0% des r\u00e9publicains interrog\u00e9s citaient Donald Trump. Ronald Reagan arrivait derri\u00e8re, avec 18\u00a0%, et Abraham Lincoln recueillait 8\u00a0%.<\/p>\n<p> La lecture de ce contenu est susceptible d\u2019entra\u00eener un d\u00e9p\u00f4t de cookies de la part de l\u2019op\u00e9rateur tiers qui l\u2019h\u00e9berge. Compte-tenu des choix que vous avez exprim\u00e9s en mati\u00e8re de d\u00e9p\u00f4t de cookies, nous avons bloqu\u00e9 l\u2019affichage de ce contenu. Si vous souhaitez y acc\u00e9der, vous devez accepter la cat\u00e9gorie de cookies \u201cContenus tiers\u201d en cliquant sur le bouton ci-dessous. <\/p>\n<p> Lire la Vid\u00e9o        <\/p>\n<p class=\"asset asset-text\">Mais rien \u00e0 voir ici avec la \u00ab\u00a0grandeur\u00a0\u00bb de ces diff\u00e9rents pr\u00e9sidents, il s\u2019agit donc seulement d\u2019un classement du pr\u00e9sident que les personnes se d\u00e9clarant r\u00e9publicaines disent le plus admirer. Trump met donc en avant ceux qui l\u2019admirent parmi ses propres partisans. Peut-\u00eatre un moyen de se rassurer face \u00e0 son impopularit\u00e9 croissante, dans des sondages qu\u2019il a pour le coup pr\u00e9f\u00e9r\u00e9 ignorer depuis des ann\u00e9es.<\/p>\n<p class=\"asset asset-text\">Selon un sondage Reuters\/Ipsos du 24\u00a0ao\u00fbt, la popularit\u00e9 du pr\u00e9sident des \u00c9tats-Unis vient d\u2019atteindre son plus bas niveau avec 33\u00a0% d\u2019Am\u00e9ricains satisfaits de lui contre 65\u00a0% qui d\u00e9sapprouvent son action. Des chiffres qui effraient le parti r\u00e9publicain \u00e0 seulement deux mois des midterms. Trump doit notamment son impopularit\u00e9 \u00e0 la guerre en Iran qui s\u2019enlise alors qu\u2019il avait promis de ne pas faire retomber les \u00c9tats-Unis dans \u00ab\u00a0des guerres sans fins\u00a0\u00bb.<\/p>\n","protected":false},"excerpt":{"rendered":"\u00c0 voir aussi sur Le HuffPost La lecture de ce contenu est susceptible d\u2019entra\u00eener un d\u00e9p\u00f4t de cookies&hellip;\n","protected":false},"author":2,"featured_media":1130026,"comment_status":"","ping_status":"","sticky":false,"template":"","format":"standard","meta":{"footnotes":"","_share_on_mastodon":"0"},"categories":[1589],"tags":[11,592,75,73,1866,14,457,78,12,1864,1865,1863,308],"class_list":["post-1153701","post","type-post","status-publish","format-standard","has-post-thumbnail","category-etats-unis","tag-actualites","tag-barack-obama","tag-donald-trump","tag-etats-unis","tag-etats-unis-damerique","tag-international","tag-joe-biden","tag-maison-blanche","tag-news","tag-united-states","tag-united-states-of-america","tag-us","tag-usa"],"share_on_mastodon":{"url":"https:\/\/pubeurope.com\/@fr\/117172297073326718","error":""},"_links":{"self":[{"href":"https:\/\/www.europesays.com\/fr\/wp-json\/wp\/v2\/posts\/1153701","targetHints":{"allow":["GET"]}}],"collection":[{"href":"https:\/\/www.europesays.com\/fr\/wp-json\/wp\/v2\/posts"}],"about":[{"href":"https:\/\/www.europesays.com\/fr\/wp-json\/wp\/v2\/types\/post"}],"author":[{"embeddable":true,"href":"https:\/\/www.europesays.com\/fr\/wp-json\/wp\/v2\/users\/2"}],"replies":[{"embeddable":true,"href":"https:\/\/www.europesays.com\/fr\/wp-json\/wp\/v2\/comments?post=1153701"}],"version-history":[{"count":0,"href":"https:\/\/www.europesays.com\/fr\/wp-json\/wp\/v2\/posts\/1153701\/revisions"}],"wp:featuredmedia":[{"embeddable":true,"href":"https:\/\/www.europesays.com\/fr\/wp-json\/wp\/v2\/media\/1130026"}],"wp:attachment":[{"href":"https:\/\/www.europesays.com\/fr\/wp-json\/wp\/v2\/media?parent=1153701"}],"wp:term":[{"taxonomy":"category","embeddable":true,"href":"https:\/\/www.europesays.com\/fr\/wp-json\/wp\/v2\/categories?post=1153701"},{"taxonomy":"post_tag","embeddable":true,"href":"https:\/\/www.europesays.com\/fr\/wp-json\/wp\/v2\/tags?post=1153701"}],"curies":[{"name":"wp","href":"https:\/\/api.w.org\/{rel}","templated":true}]}}