{"id":115371,"date":"2025-05-20T22:18:13","date_gmt":"2025-05-20T22:18:13","guid":{"rendered":"https:\/\/www.europesays.com\/fr\/115371\/"},"modified":"2025-05-20T22:18:13","modified_gmt":"2025-05-20T22:18:13","slug":"la-suisse-est-disponible-pour-accueillir-des-pourparlers-de-paix-entre-la-russie-et-lukraine","status":"publish","type":"post","link":"https:\/\/www.europesays.com\/fr\/115371\/","title":{"rendered":"La Suisse est \u00abdisponible\u00bb pour accueillir des pourparlers de paix entre la Russie et l\u2019Ukraine"},"content":{"rendered":"<p>              <a tabindex=\"-1\" title=\"Camille Pagella\" href=\"https:\/\/www.letemps.ch\/profil\/camille-pagella\" target=\"_blank\" rel=\"noopener\"><\/p>\n<p>                    <img decoding=\"async\" src=\"https:\/\/www.europesays.com\/fr\/wp-content\/uploads\/2025\/05\/1747779493_166_small.jpeg\" class=\"lazy\" alt=\"\"\/><\/p>\n<p><\/a>        <\/p>\n<p>    Publi\u00e9 le 20 mai 2025 \u00e0 18:32. \/ Modifi\u00e9 le 20 mai 2025 \u00e0 23:09.<\/p>\n<p> 3 min. de lecture<\/p>\n<p class=\"article__abstract-call-to-action\" data-ariato=\"TrackableElement\" data-trackable-element-type=\"article_abstract_cta\" data-trackable-element-location=\"article_header\" data-trackable-element-id=\"495132\">\n          <a data-event=\"click-&gt;clicked\" href=\"https:\/\/www.letemps.ch\/abonnements\" target=\"_blank\" rel=\"noopener\">Abonnez-vous<\/a> pour acc\u00e9der au r\u00e9sum\u00e9 en 20 secondes.\n        <\/p>\n<p>\u00abL\u2019Ukraine est pr\u00eate \u00e0 n\u00e9gocier directement avec la Russie dans n\u2019importe quel format permettant d\u2019obtenir des r\u00e9sultats.\u00bb Lundi soir, apr\u00e8s s\u2019\u00eatre entretenu avec Donald Trump, Volodymyr Zelensky a rappel\u00e9 la volont\u00e9 de l\u2019Ukraine de s\u2019engager dans des discussions significatives avec son voisin russe. Et pour ce faire, le pr\u00e9sident ukrainien a pour l\u2019instant retenu trois endroits probables pour ces n\u00e9gociations: \u00abLa Turquie, le Vatican ou la Suisse \u2013 nous envisageons toutes les possibilit\u00e9s\u00bb, a-t-il d\u00e9clar\u00e9.<\/p>\n<p>Istanbul reste un endroit de pr\u00e9dilection pour l\u2019Ukraine. Au d\u00e9but de la guerre, d\u2019importantes n\u00e9gociations impliquant Moscou et Kiev s\u2019y sont d\u00e9roul\u00e9es, notamment concernant le fret en mer Noire. C\u2019est aussi le lieu du rendez-vous manqu\u00e9 entre Volodymyr Zelensky et Vladimir Poutine et o\u00f9 a d\u00e9but\u00e9 le premier cycle de n\u00e9gociations directes\u00a0entre l\u2019Ukraine et la Russie la semaine derni\u00e8re qui devraient permettre la lib\u00e9ration de prisonniers.<\/p>\n<p>    Poursuivez votre lecture avec un acc\u00e8s complet: -50% sur votre abonnement digital<\/p>\n<p class=\"post-subscribe__mention\">\u2713 Toutes nos analyses et enqu\u00eates exclusives&#13;<br \/>\n<br \/>\u2713 L&rsquo;int\u00e9gralit\u00e9 de nos contenus dans l&rsquo;application mobile&#13;<br \/>\n<br \/>\u2713 Les privil\u00e8ges r\u00e9serv\u00e9s aux abonn\u00e9s<\/p>\n<p class=\"post-subscribe__mention post-subscribe__mention--temporary\">\u23f0 Offre limit\u00e9e aux 500 premiers abonn\u00e9s!<\/p>\n<p>    <a class=\"button is-secondary\" data-event=\"click-&gt;clicked\" href=\"https:\/\/www.letemps.ch\/abonnements?utm_source=lt&amp;utm_medium=paywall&amp;utm_campaign=500&amp;wall_id=23\" target=\"_blank\" rel=\"noopener\">J&rsquo;en profite maintenant<\/a><\/p>\n<p class=\"post-subscribe__login\">\n        Vous avez d\u00e9j\u00e0 un compte ?<br \/>\n        <a class=\"link\" rel=\"nofollow noopener\" href=\"https:\/\/www.letemps.ch\/compte\/connexion?return_to=https%3A%2F%2Fwww.letemps.ch%2Fmonde%2Feurope%2Fla-suisse-est-disponible-pour-accueillir-des-pourparlers-de-paix-entre-la-russie-et-l-ukraine\" target=\"_blank\">Se connecter<\/a>\n      <\/p>\n","protected":false},"excerpt":{"rendered":"Publi\u00e9 le 20 mai 2025 \u00e0 18:32. \/ Modifi\u00e9 le 20 mai 2025 \u00e0 23:09. 3 min. de&hellip;\n","protected":false},"author":2,"featured_media":115372,"comment_status":"","ping_status":"","sticky":false,"template":"","format":"standard","meta":{"footnotes":""},"categories":[1591],"tags":[11,1887,12,301,1885,1886,132,220],"class_list":{"0":"post-115371","1":"post","2":"type-post","3":"status-publish","4":"format-standard","5":"has-post-thumbnail","7":"category-russie","8":"tag-actualites","9":"tag-federation-de-russie","10":"tag-news","11":"tag-premium","12":"tag-russia","13":"tag-russian-federation","14":"tag-russie","15":"tag-ukraine"},"share_on_mastodon":{"url":"https:\/\/pubeurope.com\/@fr\/114542484062801041","error":""},"_links":{"self":[{"href":"https:\/\/www.europesays.com\/fr\/wp-json\/wp\/v2\/posts\/115371","targetHints":{"allow":["GET"]}}],"collection":[{"href":"https:\/\/www.europesays.com\/fr\/wp-json\/wp\/v2\/posts"}],"about":[{"href":"https:\/\/www.europesays.com\/fr\/wp-json\/wp\/v2\/types\/post"}],"author":[{"embeddable":true,"href":"https:\/\/www.europesays.com\/fr\/wp-json\/wp\/v2\/users\/2"}],"replies":[{"embeddable":true,"href":"https:\/\/www.europesays.com\/fr\/wp-json\/wp\/v2\/comments?post=115371"}],"version-history":[{"count":0,"href":"https:\/\/www.europesays.com\/fr\/wp-json\/wp\/v2\/posts\/115371\/revisions"}],"wp:featuredmedia":[{"embeddable":true,"href":"https:\/\/www.europesays.com\/fr\/wp-json\/wp\/v2\/media\/115372"}],"wp:attachment":[{"href":"https:\/\/www.europesays.com\/fr\/wp-json\/wp\/v2\/media?parent=115371"}],"wp:term":[{"taxonomy":"category","embeddable":true,"href":"https:\/\/www.europesays.com\/fr\/wp-json\/wp\/v2\/categories?post=115371"},{"taxonomy":"post_tag","embeddable":true,"href":"https:\/\/www.europesays.com\/fr\/wp-json\/wp\/v2\/tags?post=115371"}],"curies":[{"name":"wp","href":"https:\/\/api.w.org\/{rel}","templated":true}]}}