{"id":115373,"date":"2025-05-20T22:19:09","date_gmt":"2025-05-20T22:19:09","guid":{"rendered":"https:\/\/www.europesays.com\/fr\/115373\/"},"modified":"2025-05-20T22:19:09","modified_gmt":"2025-05-20T22:19:09","slug":"le-canada-met-lukraine-en-avant-pour-debuter-le-g7-finances-actualites","status":"publish","type":"post","link":"https:\/\/www.europesays.com\/fr\/115373\/","title":{"rendered":"Le Canada met l&rsquo;Ukraine en avant pour d\u00e9buter le G7 Finances : Actualit\u00e9s"},"content":{"rendered":"<p class=\"lead \">Les ministres des Finances des pays du G7 se retrouvent \u00e0 partir de mardi soir au Canada avec Kiev en invit\u00e9 sp\u00e9cial, et pour d\u00e9fi de d\u00e9gager une position commune sur l&rsquo;Ukraine et de lisser les tensions n\u00e9es de la guerre commerciale initi\u00e9e par Donald Trump.<\/p>\n<p class=\"lead \">Ce rendez-vous, aussi appel\u00e9 G7 Finances, se tient alors que les pays membres (Etats-Unis, Japon, Allemagne, Royaume-Uni, France, Italie et Canada) peinent \u00e0 afficher un front uni depuis le retour \u00e0 la la Maison Blanche de Donald Trump.<\/p>\n<p class=\"lead \">Le pr\u00e9sident am\u00e9ricain a remis en question l&rsquo;aide \u00e0 l&rsquo;Ukraine, sid\u00e9r\u00e9 ses alli\u00e9s en imposant de nouveaux droits de douane, et r\u00e9p\u00e9t\u00e9 qu&rsquo;il souhaitait annexer le Canada, qui pr\u00e9side le G7 cette ann\u00e9e.<\/p>\n<p class=\"lead \">L&rsquo;ouverture officielle de la r\u00e9union des ministres des Finances et banquiers centraux est programm\u00e9e mercredi au coeur des Rocheuses canadiennes, dans l&rsquo;\u00e9crin du parc national de Banff (ouest). <\/p>\n<p class=\"lead \">Mais le ministre canadien des Finances Fran\u00e7ois-Philippe Champagne a tenu \u00e0 inviter d\u00e8s mardi son homologue ukrainien Sergii Marchenko en signe de soutien au pays en guerre avec la Russie. Les deux hommes tiendront une conf\u00e9rence de presse \u00e0 16H00 locales (22H00 GMT).<\/p>\n<p class=\"lead \">Kiev cherche \u00e0 convaincre Washington d&rsquo;accentuer la pression sur Moscou via de nouvelles sanctions. <\/p>\n<p class=\"lead \">L&rsquo;Union europ\u00e9enne (UE), qui a elle adopt\u00e9 mardi un 17e paquet de sanctions contre Moscou, a dit esp\u00e9rer une \u00ab\u00a0r\u00e9action forte\u00a0\u00bb de l&rsquo;ex\u00e9cutif am\u00e9ricain si Moscou campe sur sa position.<\/p>\n<p class=\"lead \">&#8211; \u00ab\u00a0Signal clair\u00a0\u00bb &#8211;<\/p>\n<p class=\"lead \">Pour les Europ\u00e9ens, une des priorit\u00e9s du G7 Finances au Canada sera de faire en sorte que la d\u00e9l\u00e9gation am\u00e9ricaine accepte d&rsquo;afficher un soutien sans \u00e9quivoque \u00e0 l&rsquo;Ukraine dans le texte final issu de cette r\u00e9union, sur lequel travaille la pr\u00e9sidence canadienne.<\/p>\n<p class=\"lead \">\u00ab\u00a0Nous devons envoyer un signal clair indiquant que le G7 reste fermement aux c\u00f4t\u00e9s de l&rsquo;Ukraine\u00a0\u00bb, a d\u00e9clar\u00e9 le vice-chancelier et ministre allemand des Finances Lars Klingbeil, cit\u00e9 dans un communiqu\u00e9. <\/p>\n<p class=\"lead \">\u00ab\u00a0Nous ne pourrons pas accepter un langage qui serait compl\u00e8tement \u00e9dulcor\u00e9\u00a0\u00bb, a fait savoir mardi \u00e0 des journalistes le minist\u00e8re fran\u00e7ais de l&rsquo;Economie.<\/p>\n<p class=\"lead \">Un autre conflit &#8211; commercial celui-l\u00e0 &#8211; sera dans toutes les t\u00eates \u00e0 Banff m\u00eame si aucune session de travail ne concernera sp\u00e9cifiquement la question des droits de douane, a indiqu\u00e9 un responsable canadien. Il est certain que le sujet sera abord\u00e9, en particulier dans des entretiens bilat\u00e9raux. <\/p>\n<p class=\"lead \">La pr\u00e9sidence canadienne a fix\u00e9 comme priorit\u00e9 des discussions autour des \u00ab\u00a0risques qui p\u00e8sent sur les perspectives \u00e9conomiques mondiales\u00a0\u00bb. Seront aussi discut\u00e9 \u00ab\u00a0les effets globaux de l&rsquo;intelligence artificielle\u00a0\u00bb, la criminalit\u00e9 financi\u00e8re&#8230;<\/p>\n<p class=\"lead \">Donald Trump a provoqu\u00e9 une onde de choc d\u00e9but avril en instituant des nouveaux droits de douane sur la plupart des produits entrant aux Etats-Unis.<\/p>\n<p class=\"lead \">Il a depuis fait en partie marche arri\u00e8re et scell\u00e9 un accord commercial vant\u00e9 comme \u00ab\u00a0historique\u00a0\u00bb avec Londres.<\/p>\n<p class=\"lead \">Mais les taxes sur les produits import\u00e9s restent nettement plus \u00e9lev\u00e9es qu&rsquo;avant son retour \u00e0 la Maison Blanche, faisant craindre un ralentissement \u00e9conomique g\u00e9n\u00e9ralis\u00e9.<\/p>\n<p class=\"lead \">&#8211; \u00ab\u00a0Tendre la main\u00a0\u00bb &#8211;<\/p>\n<p class=\"lead \">Les membres du G7 cherchent \u00e0 convaincre l&rsquo;administration Trump de revenir compl\u00e8tement sur ses droits de douane et devraient se presser \u00e0 Banff autour de son ministre Scott Bessent. <\/p>\n<p class=\"lead \">Aucun t\u00eate-\u00e0-t\u00eate n&rsquo;est toutefois \u00e0 l&rsquo;ordre du jour pour l&rsquo;instant entre le ministre h\u00f4te, le Canadien Fran\u00e7ois-Philippe Champagne, et son homologue am\u00e9ricain. <\/p>\n<p class=\"lead \">Tokyo a indiqu\u00e9 \u00e0 l&rsquo;AFP que la d\u00e9l\u00e9gation japonaise se tenait pr\u00eate \u00e0 \u00e9changer avec Scott Bessent sur \u00ab\u00a0plusieurs probl\u00e9matiques entre les deux pays, y compris le taux de change\u00a0\u00bb entre dollar et yen.<\/p>\n<p class=\"lead \">\u00ab\u00a0Les diff\u00e9rends commerciaux actuels doivent \u00eatre r\u00e9gl\u00e9s le plus rapidement possible dans l&rsquo;int\u00e9r\u00eat de tous\u00a0\u00bb, a plaid\u00e9 de son c\u00f4t\u00e9 le ministre allemand des Finances, soulignant que l&rsquo;UE continuait de \u00ab\u00a0tendre la main\u00a0\u00bb aux Am\u00e9ricains. <\/p>\n<p class=\"lead \">Le secr\u00e9taire am\u00e9ricain au Tr\u00e9sor a sembl\u00e9, \u00e0 plusieurs reprises, adoucir les positions de Donald Trump. Il a aussi r\u00e9cemment n\u00e9goci\u00e9 avec P\u00e9kin une d\u00e9tente apr\u00e8s que les droits de douane eurent atteint un niveau exorbitant des deux c\u00f4t\u00e9s. <\/p>\n<p class=\"lead \">Au sein du gouvernement Trump, \u00ab\u00a0il a montr\u00e9 qu&rsquo;il pouvait \u00eatre la figure raisonnable\u00a0\u00bb, note Carl Weinberg, chef \u00e9conomiste au cabinet d&rsquo;analyses High Frequency Economics.<\/p>\n<p class=\"lead \">Le ministre reste toutefois \u00ab\u00a0sous pression pour d\u00e9rouler les promesses\u00a0\u00bb du pr\u00e9sident, ajoute-t-il.<\/p>\n<p class=\"small font-weight-bold text-gray3 \"> publi\u00e9 le 20 mai \u00e0 22h47, AFP<\/p>\n<p>                             Partager<\/p>\n","protected":false},"excerpt":{"rendered":"Les ministres des Finances des pays du G7 se retrouvent \u00e0 partir de mardi soir au Canada avec&hellip;\n","protected":false},"author":2,"featured_media":115374,"comment_status":"","ping_status":"","sticky":false,"template":"","format":"standard","meta":{"footnotes":""},"categories":[1590],"tags":[13790,11,574,215,312,2822,1777,674,23564,418,12,316,1778,220,308],"class_list":{"0":"post-115373","1":"post","2":"type-post","3":"status-publish","4":"format-standard","5":"has-post-thumbnail","7":"category-ukraine","8":"tag-conomie","9":"tag-actualites","10":"tag-canada","11":"tag-commerce","12":"tag-diplomatie","13":"tag-douanes","14":"tag-eu","15":"tag-europe","16":"tag-g7","17":"tag-gouvernement","18":"tag-news","19":"tag-politique","20":"tag-ue","21":"tag-ukraine","22":"tag-usa"},"share_on_mastodon":{"url":"https:\/\/pubeurope.com\/@fr\/114542488021330824","error":""},"_links":{"self":[{"href":"https:\/\/www.europesays.com\/fr\/wp-json\/wp\/v2\/posts\/115373","targetHints":{"allow":["GET"]}}],"collection":[{"href":"https:\/\/www.europesays.com\/fr\/wp-json\/wp\/v2\/posts"}],"about":[{"href":"https:\/\/www.europesays.com\/fr\/wp-json\/wp\/v2\/types\/post"}],"author":[{"embeddable":true,"href":"https:\/\/www.europesays.com\/fr\/wp-json\/wp\/v2\/users\/2"}],"replies":[{"embeddable":true,"href":"https:\/\/www.europesays.com\/fr\/wp-json\/wp\/v2\/comments?post=115373"}],"version-history":[{"count":0,"href":"https:\/\/www.europesays.com\/fr\/wp-json\/wp\/v2\/posts\/115373\/revisions"}],"wp:featuredmedia":[{"embeddable":true,"href":"https:\/\/www.europesays.com\/fr\/wp-json\/wp\/v2\/media\/115374"}],"wp:attachment":[{"href":"https:\/\/www.europesays.com\/fr\/wp-json\/wp\/v2\/media?parent=115373"}],"wp:term":[{"taxonomy":"category","embeddable":true,"href":"https:\/\/www.europesays.com\/fr\/wp-json\/wp\/v2\/categories?post=115373"},{"taxonomy":"post_tag","embeddable":true,"href":"https:\/\/www.europesays.com\/fr\/wp-json\/wp\/v2\/tags?post=115373"}],"curies":[{"name":"wp","href":"https:\/\/api.w.org\/{rel}","templated":true}]}}