{"id":115375,"date":"2025-05-20T22:20:12","date_gmt":"2025-05-20T22:20:12","guid":{"rendered":"https:\/\/www.europesays.com\/fr\/115375\/"},"modified":"2025-05-20T22:20:12","modified_gmt":"2025-05-20T22:20:12","slug":"donald-trump-annonce-la-construction-du-dome-dor-un-dispositif-anti-missile","status":"publish","type":"post","link":"https:\/\/www.europesays.com\/fr\/115375\/","title":{"rendered":"Donald Trump annonce la construction du \u00abD\u00f4me d&rsquo;or\u00bb, un dispositif anti-missile"},"content":{"rendered":"<p>Inspir\u00e9 par le \u00ab D\u00f4me de fer \u00bb isra\u00e9lien, le pr\u00e9sident am\u00e9ricain Donald Trump a annonc\u00e9 ce 20 mai la construction d&rsquo;un syst\u00e8me de d\u00e9fense antimissiles. Son nom : le \u00ab D\u00f4me d&rsquo;or \u00bb.<\/p>\n<p><strong><a href=\"https:\/\/www.rfi.fr\/fr\/tag\/donald-trump\/\" class=\"link \" rel=\"nofollow noopener\" target=\"_blank\" data-ylk=\"slk:Donald Trump;elm:context_link;itc:0;sec:content-canvas\">Donald Trump<\/a><\/strong> a annonc\u00e9 que les <strong><a href=\"https:\/\/www.rfi.fr\/fr\/tag\/\u00e9tats-unis\/\" class=\"link \" rel=\"nofollow noopener\" target=\"_blank\" data-ylk=\"slk:\u00c9tats-Unis;elm:context_link;itc:0;sec:content-canvas\">\u00c9tats-Unis<\/a><\/strong> construiraient un syst\u00e8me de d\u00e9fense anti-missile sur le mod\u00e8le du \u00ab D\u00f4me de fer \u00bb isra\u00e9lien, et que le pr\u00e9sident am\u00e9ricain a baptis\u00e9 \u00ab D\u00f4me d\u2019or \u00bb.<\/p>\n<p>\u00ab J\u2019ai le plaisir d\u2019annoncer que nous avons officiellement s\u00e9lectionn\u00e9 une architecture pour ce syst\u00e8me dernier cri \u00bb, a d\u00e9clar\u00e9 Donald Trump \u00e0 la presse dans le Bureau ovale de la Maison Blanche, pr\u00e9cisant que le Canada rejoindrait cette initiative. Le syst\u00e8me sera op\u00e9rationnel d&rsquo;ici \u00e0 la fin de son mandat, a-t-il assur\u00e9, et co\u00fbtera au total \u00ab environ 175 milliards de dollars une fois termin\u00e9. \u00bb<\/p>\n<p>Fin janvier, Donald Trump avait sign\u00e9 un d\u00e9cret pour d\u00e9velopper un \u00ab D\u00f4me de fer am\u00e9ricain \u00bb, soit selon la Maison Blanche un bouclier de d\u00e9fense antimissile total pour prot\u00e9ger le territoire am\u00e9ricain. La Russie et la Chine avaient alors critiqu\u00e9 cette annonce, Moscou y voyant un plan \u00ab comparable \u00e0 la Guerre des \u00c9toiles \u00bb soutenu par Ronald Reagan durant la Guerre froide.<\/p>\n<p>\u00c0 lire aussi<a href=\"https:\/\/www.rfi.fr\/fr\/am\u00e9riques\/20250128-trump-veut-bouclier-antimissile-type-dome-de-fer-pour-prot\u00e9ger-les-etats-unis\" class=\"link \" rel=\"nofollow noopener\" target=\"_blank\" data-ylk=\"slk:Trump veut un bouclier antimissile, type D\u00f4me de fer, pour prot\u00e9ger les \u00c9tats-Unis;elm:context_link;itc:0;sec:content-canvas\">Trump veut un bouclier antimissile, type D\u00f4me de fer, pour prot\u00e9ger les \u00c9tats-Unis<\/a><\/p>\n<p>Un syst\u00e8me qui a fait ses preuves en Isra\u00ebl<\/p>\n<p><a href=\"https:\/\/www.rfi.fr\/fr\/am%C3%A9riques\/20250520-%C3%A9tats-unis-donald-trump-annonce-la-construction-du-d%C3%B4me-d-or-un-dispositif-anti-missile\" rel=\"nofollow noopener\" target=\"_blank\" data-ylk=\"slk:Lire la suite sur RFI;elm:context_link;itc:0;sec:content-canvas\" class=\"link \">Lire la suite sur RFI<\/a><\/p>\n","protected":false},"excerpt":{"rendered":"Inspir\u00e9 par le \u00ab D\u00f4me de fer \u00bb isra\u00e9lien, le pr\u00e9sident am\u00e9ricain Donald Trump a annonc\u00e9 ce 20&hellip;\n","protected":false},"author":2,"featured_media":115376,"comment_status":"","ping_status":"","sticky":false,"template":"","format":"standard","meta":{"footnotes":""},"categories":[1589],"tags":[11,11390,75,73,1866,78,12,7274,1864,1865,1863,308],"class_list":{"0":"post-115375","1":"post","2":"type-post","3":"status-publish","4":"format-standard","5":"has-post-thumbnail","7":"category-etats-unis","8":"tag-actualites","9":"tag-dome","10":"tag-donald-trump","11":"tag-etats-unis","12":"tag-etats-unis-damerique","13":"tag-maison-blanche","14":"tag-news","15":"tag-president-americain","16":"tag-united-states","17":"tag-united-states-of-america","18":"tag-us","19":"tag-usa"},"share_on_mastodon":{"url":"https:\/\/pubeurope.com\/@fr\/114542491913268084","error":""},"_links":{"self":[{"href":"https:\/\/www.europesays.com\/fr\/wp-json\/wp\/v2\/posts\/115375","targetHints":{"allow":["GET"]}}],"collection":[{"href":"https:\/\/www.europesays.com\/fr\/wp-json\/wp\/v2\/posts"}],"about":[{"href":"https:\/\/www.europesays.com\/fr\/wp-json\/wp\/v2\/types\/post"}],"author":[{"embeddable":true,"href":"https:\/\/www.europesays.com\/fr\/wp-json\/wp\/v2\/users\/2"}],"replies":[{"embeddable":true,"href":"https:\/\/www.europesays.com\/fr\/wp-json\/wp\/v2\/comments?post=115375"}],"version-history":[{"count":0,"href":"https:\/\/www.europesays.com\/fr\/wp-json\/wp\/v2\/posts\/115375\/revisions"}],"wp:featuredmedia":[{"embeddable":true,"href":"https:\/\/www.europesays.com\/fr\/wp-json\/wp\/v2\/media\/115376"}],"wp:attachment":[{"href":"https:\/\/www.europesays.com\/fr\/wp-json\/wp\/v2\/media?parent=115375"}],"wp:term":[{"taxonomy":"category","embeddable":true,"href":"https:\/\/www.europesays.com\/fr\/wp-json\/wp\/v2\/categories?post=115375"},{"taxonomy":"post_tag","embeddable":true,"href":"https:\/\/www.europesays.com\/fr\/wp-json\/wp\/v2\/tags?post=115375"}],"curies":[{"name":"wp","href":"https:\/\/api.w.org\/{rel}","templated":true}]}}